{"id":64591,"date":"2026-01-26T18:01:02","date_gmt":"2026-01-26T21:01:02","guid":{"rendered":"https:\/\/crajubaremacao.com.br\/?p=64591"},"modified":"2026-01-26T18:01:02","modified_gmt":"2026-01-26T21:01:02","slug":"lula-recebeu-vorcaro-em-dezembro-de-2024-fora-da-agenda","status":"publish","type":"post","link":"https:\/\/crajubaremacao.com.br\/?p=64591","title":{"rendered":"Lula recebeu Vorcaro em dezembro de 2024 fora da agenda"},"content":{"rendered":"<div>\n<div style=\"margin-bottom: 15px;\"><img decoding=\"async\" class=\"type:primaryImage\" src=\"https:\/\/jpimg.com.br\/uploads\/2025\/11\/design-sem-nome-4-4-750x450.png\"><\/div>\n<p><?xml encoding=\"UTF-8\"><\/p>\n<p>O presidente <strong>Luiz In\u00e1cio Lula da Silva<\/strong> (PT) se encontrou com o banqueiro <strong>Daniel Vorcaro<\/strong>, dono do Banco Master, em dezembro de 2024, fora da agenda presidencial. Na reuni\u00e3o tamb\u00e9m estava presente o presidente do Banco Central, <strong>Gabriel Gal\u00edpolo<\/strong>, e foi articulada por Guido Mantega, ex-ministro da Fazenda na gest\u00e3o de Dilma Rousseff (PT). Vorcaro teria chegado no encontro acompanhado do ex-CEO do Banco Master, Augusto Lima.<\/p>\n<p>A informa\u00e7\u00e3o foi inicialmente divulgada pelo \u2018Metr\u00f3poles\u2019 e confirmada pela <strong>Jovem Pan<\/strong>. Conforme apurado pela <strong>Jovem Pan<\/strong>, no encontro, Lula ouviu relatos sobre a situa\u00e7\u00e3o operacional do Banco Master e pediu para Vorcaro procurar o Banco Central, por se tratar de quest\u00f5es t\u00e9cnicas.<\/p>\n<p>Lula n\u00e3o \u00e9 a primeira autoridade e ter se encontrado com Vorcaro. O dono do Banco Master <a href=\"https:\/\/jovempan.com.br\/noticias\/economia\/vorcaro-admite-a-pf-que-conversou-mais-de-uma-vez-com-ibaneis-sobre-venda-do-brb.html\" target=\"_blank\" rel=\"noopener noreferrer\"><strong>conversou\u00a0mais de uma vez com o governador do Distrito Federal, Ibaneis Rocha (MDB), sobre a venda da companhia ao BRB (Banco de Bras\u00edlia)<\/strong><\/a>. A <strong>Jovem Pan<\/strong> teve a cesso a transcri\u00e7\u00e3o do depoimento de Vorcaro dado em 30 dezembro \u00e0 delegada da PF respons\u00e1vel pelo inqu\u00e9rito sobre suspeitas de irregularidades na tentativa de compra do Banco Master pelo banco estatal.<\/p>\n<p>No depoimento, Vorcaro foi questionado quais outros pol\u00edticos teria recebido em sua casa. Ele respondeu que possui \u201camigos em todos os poderes\u201d e que n\u00e3o era capaz de nomear individualmente todos que visitaram sua casa, contudo, garantiu que, al\u00e9m de Ibaneis, n\u00e3o havia conversado com mais nenhuma autoridade p\u00fablica sobre a aquisi\u00e7\u00e3o do Banco Master pelo BRB. \u201cAl\u00e9m do governador que eu j\u00e1 mencionei e das autoridades do Banco Central, nenhuma\u201d, disse no depoimento.<\/p>\n<p>A divulga\u00e7\u00e3o do suposto envolvimento de Ibaneis com o caso do Banco Master, fez com que a oposi\u00e7\u00e3o protocolasse um\u00a0<a href=\"https:\/\/jovempan.com.br\/noticias\/politica\/oposicao-pede-impeachment-de-ibaneis-por-suposto-envolvimento-com-o-master.html\"><strong>pedido de impeachment<\/strong><\/a>\u00a0contra o governador do Distrito Federal.<\/p>\n<h2><strong>Entenda o caso<\/strong><\/h2>\n<p>As liquida\u00e7\u00f5es do Banco Master,<strong>\u00a0decretada pelo BC em novembro de 2025,<\/strong>\u00a0e da gestora de investimentos Reag, na quinta-feira (15), revelaram um dos epis\u00f3dios mais graves do sistema financeiro brasileiro. O caso envolve\u00a0<strong>suspeitas de fraudes bilion\u00e1rias,<\/strong>\u00a0uso de fundos de investimento para ocultar preju\u00edzos, tentativas de socorro via banco p\u00fablico e tens\u00f5es entre o Supremo Tribunal Federal (STF) e o Tribunal de Contas da Uni\u00e3o (TCU) com o BC e PF.<\/p>\n<p>\u201cA decreta\u00e7\u00e3o do regime especial nas institui\u00e7\u00f5es foi motivada pela grave crise de liquidez do conglomerado Master e pelo comprometimento significativo da sua situa\u00e7\u00e3o econ\u00f4mico-financeira, bem como por graves viola\u00e7\u00f5es \u00e0s normas que regem a atividade das institui\u00e7\u00f5es integrantes do SFN\u201d, informou o BC em nota na \u00e9poca.<\/p>\n<p>De forma extrajudicial, foram liquidados o Banco Master S\/A, do Banco Master de Investimento S\/A, do Banco Letsbank S\/A, e da Master S\/A Corretora de C\u00e2mbio, T\u00edtulos e Valores Mobili\u00e1rios.<\/p>\n<p>O processo de liquida\u00e7\u00e3o do Banco Master foi acompanhada da\u00a0<strong>Opera\u00e7\u00e3o Compliance Zero<\/strong>, deflagrada pela PF para combater a emiss\u00e3o de t\u00edtulos de cr\u00e9dito falsos por institui\u00e7\u00f5es financeiras que integram o Sistema Financeiro Nacional (SFN). Como resultado, no dia 17 de novembro,\u00a0<strong>o dono do Master, Daniel Vorcaro, foi preso.<\/strong>\u00a0Depois, ele foi solto com uso de tornozeleira eletr\u00f4nica.<\/p>\n<p>A PF tamb\u00e9m quebrou os sigilos banc\u00e1rio e fiscal de 101 pessoas e entidades investigadas no caso do Banco Master. A medida foi autorizada em 6 de janeiro pelo ministro Dias Toffoli, do STF.<\/p>\n<p>As quebras de sigilo abrangeram as movimenta\u00e7\u00f5es no per\u00edodo de 20 a 21 de outubro de 2025. A solicita\u00e7\u00e3o foi pela Pol\u00edcia Federal (PF) com aval da Procuradoria-Geral da Rep\u00fablica (PGR).<\/p>\n<div class=\"clearfix text-center advert\">\n<div id=\"ad-middle4\" class=\"pubad lmr ads-gam\" data-pos=\"LMR\">\n<div id=\"ad-middle43\" data-google-query-id=\"CPfD5PX7qZIDFZ85uQYdTgciIQ\">\n<div id=\"google_ads_iframe_\/173743064\/economia_6__container__\">De acordo com a decis\u00e3o, a apura\u00e7\u00e3o aponta ind\u00edcios da pr\u00e1tica de crimes como gest\u00e3o fraudulenta de institui\u00e7\u00e3o financeira, induzimento de investidores em erro, uso de informa\u00e7\u00e3o privilegiada, manipula\u00e7\u00e3o de mercado e lavagem de capitais.<\/div>\n<\/div>\n<\/div>\n<\/div>\n<p>\u201cTamb\u00e9m verifico que, na linha do que consignado pelo Procurador-Geral da Rep\u00fablica e pela Pol\u00edcia Federal, que h\u00e1 elementos suficientes que apontam para o \u2018aproveitamento sistem\u00e1tico de vulnerabilidades do mercado de capitais e do sistema de regula\u00e7\u00e3o e fiscaliza\u00e7\u00e3o, notadamente mediante o uso de fundos de investimento e intrincada rede de entidades conectadas entre si por v\u00ednculos societ\u00e1rios, familiares ou funcionais.\u2019\u201d, argumentou Toffoli.<\/p>\n<div class=\"list-related-posts\">\n<h3>Leia tamb\u00e9m<\/h3>\n<div class=\"related-posts-container\">\n<div class=\"related-post-item-container\">\n<div class=\"related-post\">\n<div class=\"img-related-box\">\n                                            <strong><a href=\"https:\/\/jovempan.com.br\/noticias\/politica\/gilmar-mendes-sai-em-defesa-de-toffoli-em-meio-a-criticas-sobre-o-caso-master.html\" title=\"Gilmar Mendes sai em defesa de Toffoli em meio a cr\u00edticas sobre o caso Master\"><img decoding=\"async\" src=\"https:\/\/jpimg.com.br\/uploads\/2026\/01\/imagem-jvp-2026-01-26t131810.351.png\"><\/a><\/strong>\n                                        <\/div>\n<p>                                        <span class=\"box-the-title\"><br \/>\n                                            <strong><a href=\"https:\/\/jovempan.com.br\/noticias\/politica\/gilmar-mendes-sai-em-defesa-de-toffoli-em-meio-a-criticas-sobre-o-caso-master.html\" title=\"Gilmar Mendes sai em defesa de Toffoli em meio a cr\u00edticas sobre o caso Master\">Gilmar Mendes sai em defesa de Toffoli em meio a cr\u00edticas sobre o caso Master<\/a><\/strong><br \/>\n                                        <\/span>\n                                    <\/div>\n<div class=\"related-post\">\n<div class=\"img-related-box\">\n                                            <strong><a href=\"https:\/\/jovempan.com.br\/opiniao-jovem-pan\/comentaristas\/alan-ghani\/caso-master-as-estranhas-coincidencias.html\" title=\"Caso Master: as estranhas coincid\u00eancias\"><img decoding=\"async\" src=\"https:\/\/jpimg.com.br\/uploads\/2025\/11\/age20251118011.jpg\"><\/a><\/strong>\n                                        <\/div>\n<p>                                        <span class=\"box-the-title\"><br \/>\n                                            <strong><a href=\"https:\/\/jovempan.com.br\/opiniao-jovem-pan\/comentaristas\/alan-ghani\/caso-master-as-estranhas-coincidencias.html\" title=\"Caso Master: as estranhas coincid\u00eancias\">Caso Master: as estranhas coincid\u00eancias<\/a><\/strong><br \/>\n                                        <\/span>\n                                    <\/div>\n<\/p><\/div>\n<\/p><\/div>\n<\/p><\/div>\n<\/div>\n","protected":false},"excerpt":{"rendered":"<p>O presidente Luiz In\u00e1cio Lula da Silva (PT) se encontrou com o banqueiro Daniel Vorcaro, dono do Banco Master, em dezembro de 2024, fora da agenda presidencial. Na reuni\u00e3o tamb\u00e9m estava presente o presidente do Banco Central, Gabriel Gal\u00edpolo, e foi articulada por Guido Mantega, ex-ministro da Fazenda na gest\u00e3o de Dilma Rousseff (PT). Vorcaro [&hellip;]<\/p>\n","protected":false},"author":117,"featured_media":64592,"comment_status":"closed","ping_status":"closed","sticky":false,"template":"","format":"standard","meta":{"_themeisle_gutenberg_block_has_review":false,"_jetpack_memberships_contains_paid_content":false,"footnotes":""},"categories":[9],"tags":[129],"class_list":{"0":"post-64591","1":"post","2":"type-post","3":"status-publish","4":"format-standard","5":"has-post-thumbnail","7":"category-politica","8":"tag-politica"},"jetpack_featured_media_url":"https:\/\/crajubaremacao.com.br\/wp-content\/uploads\/2026\/01\/design-sem-nome-4-4-750x450-2.png","jetpack_sharing_enabled":true,"_links":{"self":[{"href":"https:\/\/crajubaremacao.com.br\/index.php?rest_route=\/wp\/v2\/posts\/64591","targetHints":{"allow":["GET"]}}],"collection":[{"href":"https:\/\/crajubaremacao.com.br\/index.php?rest_route=\/wp\/v2\/posts"}],"about":[{"href":"https:\/\/crajubaremacao.com.br\/index.php?rest_route=\/wp\/v2\/types\/post"}],"author":[{"embeddable":true,"href":"https:\/\/crajubaremacao.com.br\/index.php?rest_route=\/wp\/v2\/users\/117"}],"replies":[{"embeddable":true,"href":"https:\/\/crajubaremacao.com.br\/index.php?rest_route=%2Fwp%2Fv2%2Fcomments&post=64591"}],"version-history":[{"count":0,"href":"https:\/\/crajubaremacao.com.br\/index.php?rest_route=\/wp\/v2\/posts\/64591\/revisions"}],"wp:featuredmedia":[{"embeddable":true,"href":"https:\/\/crajubaremacao.com.br\/index.php?rest_route=\/wp\/v2\/media\/64592"}],"wp:attachment":[{"href":"https:\/\/crajubaremacao.com.br\/index.php?rest_route=%2Fwp%2Fv2%2Fmedia&parent=64591"}],"wp:term":[{"taxonomy":"category","embeddable":true,"href":"https:\/\/crajubaremacao.com.br\/index.php?rest_route=%2Fwp%2Fv2%2Fcategories&post=64591"},{"taxonomy":"post_tag","embeddable":true,"href":"https:\/\/crajubaremacao.com.br\/index.php?rest_route=%2Fwp%2Fv2%2Ftags&post=64591"}],"curies":[{"name":"wp","href":"https:\/\/api.w.org\/{rel}","templated":true}]}}