{"id":64660,"date":"2026-01-28T03:02:49","date_gmt":"2026-01-28T06:02:49","guid":{"rendered":"https:\/\/crajubaremacao.com.br\/?p=64660"},"modified":"2026-01-28T03:02:49","modified_gmt":"2026-01-28T06:02:49","slug":"video-forte-chuva-alaga-ruas-casas-e-comercios-em-jericoacoara-no-ceara","status":"publish","type":"post","link":"https:\/\/crajubaremacao.com.br\/?p=64660","title":{"rendered":"V\u00eddeo: Forte chuva alaga ruas, casas e com\u00e9rcios em Jericoacoara, no Cear\u00e1"},"content":{"rendered":"<div><img decoding=\"async\" src=\"https:\/\/s2-g1.glbimg.com\/A4slCfjgWKz0NVeDPDcAA-V8Ax8=\/i.s3.glbimg.com\/v1\/AUTH_59edd422c0c84a879bd37670ae4f538a\/internal_photos\/bs\/2026\/k\/l\/FLDsbxTiO1i8JLJokmtw\/chuva-jeri.jpg\"><br \/>     Moradores mostram impacto de forte chuva em Jericoacoara, no Cear\u00e1.<br \/>\nA forte chuva que caiu no Cear\u00e1 nesta ter\u00e7a-feira (27) causou transtornos a turistas, moradores e comerciantes em Jijoca de Jericoacoara. Imagens recebidas pelo g1 (veja no v\u00eddeo acima) mostraram a correnteza nas ruas, casas e com\u00e9rcios tanto no centro do munic\u00edpio quanto na Vila de Jericoacoara, um dos principais pontos tur\u00edsticos do litoral do estado.<br \/>\nJijoca de Jericoacoara registrou um acumulado de 102 mil\u00edmetros de chuva, conforme a Funda\u00e7\u00e3o Cearense de Meteorologia e Recursos H\u00eddricos (Funceme). A cidade teve a terceira maior chuva do estado entre esta segunda-feira (26) e ter\u00e7a-feira, ficando atr\u00e1s apenas de Fortaleza e Bela Cruz, munic\u00edpio vizinho a Jijoca.<br \/>\n&#x2705; Clique aqui para seguir o canal do g1 Cear\u00e1 no WhatsApp<br \/>\n\u201cA quest\u00e3o de alagamento se deu realmente em muitos pontos, tanto p\u00fablicos como privados, porque temos alguns problemas de geografia. A chuva de hoje foi extensa e dificultou a drenagem. Nossa vila \u00e9 r\u00fastica, n\u00e3o tem drenagem urbana, uma vez que [as ruas] s\u00e3o todas de areia\u201d, disse Leandro Cezar, prefeito de Jijoca de Jericoacoara.<br \/>\nLEIA TAMB\u00c9M:<br \/>\nVeja v\u00eddeos e fotos das chuvas desta ter\u00e7a-feira na Grande Fortaleza<br \/>\nCorpo de adolescente \u00e9 encontrado ap\u00f3s desaparecer em rio durante forte chuva em Fortaleza<br \/>\n\u201cEstamos em plant\u00e3o buscando recuperar os estragos e diminuir os danos para nossos moradores\u201d, disse o prefeito.<br \/>\nMoradores e trabalhadores de Jeri, como \u00e9 popularmente conhecida a Vila, reclamaram das condi\u00e7\u00f5es de urbaniza\u00e7\u00e3o do munic\u00edpio e apontam que o dinheiro arrecadado n\u00e3o \u00e9 revertido em requalifica\u00e7\u00e3o das vias. Em 2025, o munic\u00edpio arrecadou mais de R$ 13 milh\u00f5es com a taxa cobrada aos turistas para acessar a Vila.<br \/>\n\u201cCom rela\u00e7\u00e3o \u00e0 taxa, as pessoas precisam entender que a taxa \u00e9 de manuten\u00e7\u00e3o da vila. Nossa regi\u00e3o recebeu 110 mm de chuva e num espa\u00e7o de tempo muito curto. Ent\u00e3o tivemos um volume bem grande de chuva que chegou \u00e0 nossa regi\u00e3o\u201d, disse o prefeito Leandro Cezar.<br \/>\n\u201cNossa taxa \u00e9 aplicada na limpeza, na usina de reciclagem, na manuten\u00e7\u00e3o e na estrutura da administra\u00e7\u00e3o da vila para custear tudo a quest\u00e3o da visita\u00e7\u00e3o da vila atrav\u00e9s da Adejeri [Autarquia de Jericoacoara] e tamb\u00e9m no fundo de gest\u00e3o de evento da vila\u201d, refor\u00e7ou o prefeito.<br \/>\nAl\u00e9m dos problemas de escoamento nas vias, moradores tamb\u00e9m reclamaram de quebra-molas instalados nas ruas. &#8220;Na inten\u00e7\u00e3o de diminuir o fluxo de ve\u00edculos de transportes nas ruas, como motos e quadriciclos, e tamb\u00e9m transporte local, como &#8216;pau-de-arara&#8217; e buggy\u201d, disse um guia tur\u00edstico ouvido pelo g1.<br \/>\n\u201cEles n\u00e3o imaginavam que iria causar um transtorno desse. As casas sendo invadidas pela chuva por conta do quebra-mola, porque a \u00e1gua fica empo\u00e7ada no quebra-mola e invade as casas&#8221;, complementou.<br \/>\nSobre essa reclama\u00e7\u00e3o, o prefeito disse que \u201c[os quebra-molas] instalados na vila foram uma solicita\u00e7\u00e3o dos pr\u00f3prios moradores para evitar alta velocidade, por\u00e9m, hoje com esta enxurrada acabou em um \u00fanico ponto prejudicando uma resid\u00eancia, o que j\u00e1 ser\u00e1 removido de imediato\u201d.<br \/>\nForte chuva alaga ruas, casas e com\u00e9rcios em Jericoacoara, no Cear\u00e1.<br \/>\nReprodu\u00e7\u00e3o<br \/>\nAssista aos v\u00eddeos mais vistos do Cear\u00e1<\/div>\n","protected":false},"excerpt":{"rendered":"<p>Moradores mostram impacto de forte chuva em Jericoacoara, no Cear\u00e1. A forte chuva que caiu no Cear\u00e1 nesta ter\u00e7a-feira (27) causou transtornos a turistas, moradores e comerciantes em Jijoca de Jericoacoara. Imagens recebidas pelo g1 (veja no v\u00eddeo acima) mostraram a correnteza nas ruas, casas e com\u00e9rcios tanto no centro do munic\u00edpio quanto na Vila [&hellip;]<\/p>\n","protected":false},"author":264,"featured_media":64661,"comment_status":"closed","ping_status":"closed","sticky":false,"template":"","format":"standard","meta":{"_themeisle_gutenberg_block_has_review":false,"_jetpack_memberships_contains_paid_content":false,"footnotes":""},"categories":[4],"tags":[127,130],"class_list":{"0":"post-64660","1":"post","2":"type-post","3":"status-publish","4":"format-standard","5":"has-post-thumbnail","7":"category-regiao","8":"tag-cariri","9":"tag-ceara"},"jetpack_featured_media_url":"https:\/\/crajubaremacao.com.br\/wp-content\/uploads\/2026\/01\/chuva-jeri.jpg","jetpack_sharing_enabled":true,"_links":{"self":[{"href":"https:\/\/crajubaremacao.com.br\/index.php?rest_route=\/wp\/v2\/posts\/64660","targetHints":{"allow":["GET"]}}],"collection":[{"href":"https:\/\/crajubaremacao.com.br\/index.php?rest_route=\/wp\/v2\/posts"}],"about":[{"href":"https:\/\/crajubaremacao.com.br\/index.php?rest_route=\/wp\/v2\/types\/post"}],"author":[{"embeddable":true,"href":"https:\/\/crajubaremacao.com.br\/index.php?rest_route=\/wp\/v2\/users\/264"}],"replies":[{"embeddable":true,"href":"https:\/\/crajubaremacao.com.br\/index.php?rest_route=%2Fwp%2Fv2%2Fcomments&post=64660"}],"version-history":[{"count":0,"href":"https:\/\/crajubaremacao.com.br\/index.php?rest_route=\/wp\/v2\/posts\/64660\/revisions"}],"wp:featuredmedia":[{"embeddable":true,"href":"https:\/\/crajubaremacao.com.br\/index.php?rest_route=\/wp\/v2\/media\/64661"}],"wp:attachment":[{"href":"https:\/\/crajubaremacao.com.br\/index.php?rest_route=%2Fwp%2Fv2%2Fmedia&parent=64660"}],"wp:term":[{"taxonomy":"category","embeddable":true,"href":"https:\/\/crajubaremacao.com.br\/index.php?rest_route=%2Fwp%2Fv2%2Fcategories&post=64660"},{"taxonomy":"post_tag","embeddable":true,"href":"https:\/\/crajubaremacao.com.br\/index.php?rest_route=%2Fwp%2Fv2%2Ftags&post=64660"}],"curies":[{"name":"wp","href":"https:\/\/api.w.org\/{rel}","templated":true}]}}