{"id":64712,"date":"2026-01-29T03:12:25","date_gmt":"2026-01-29T06:12:25","guid":{"rendered":"https:\/\/crajubaremacao.com.br\/?p=64712"},"modified":"2026-01-29T03:12:25","modified_gmt":"2026-01-29T06:12:25","slug":"video-fortes-chuvas-causam-alagamentos-e-invadem-imoveis-em-caninde","status":"publish","type":"post","link":"https:\/\/crajubaremacao.com.br\/?p=64712","title":{"rendered":"V\u00eddeo: Fortes chuvas causam alagamentos e invadem im\u00f3veis em Canind\u00e9"},"content":{"rendered":"<div><img decoding=\"async\" src=\"https:\/\/s2-g1.glbimg.com\/35DT6n-35szV_oXksMN32tOFk88=\/i.s3.glbimg.com\/v1\/AUTH_59edd422c0c84a879bd37670ae4f538a\/internal_photos\/bs\/2026\/f\/9\/BwRfc9RCAJLCVoZB3QUg\/chuva-caninde.jpg\"><br \/>     Fortes chuvas causam alagamentos e invadem im\u00f3veis em Canind\u00e9 (CE)<br \/>\nO munic\u00edpio de Canind\u00e9, um dos principais polos do turismo religioso no Cear\u00e1, registrou chuvas intensas na noite desta quarta-feira (28). A precipita\u00e7\u00e3o causou alagamentos, invadiu im\u00f3veis e fez subir o n\u00edvel do rio Canind\u00e9.<br \/>\nDe acordo com a Prefeitura de Canind\u00e9, o Servi\u00e7o Aut\u00f4nomo de \u00c1gua e Esgoto (SAAE) registrou precipita\u00e7\u00f5es de 120 mil\u00edmetros entre 18h30 e 20h, o maior volume j\u00e1 visto na regi\u00e3o central do munic\u00edpio desde 2009.<br \/>\n&#x2705; Clique aqui para seguir o canal do g1 Cear\u00e1 no WhatsApp<br \/>\nImagens recebidas pela TV Verdes Mares mostram diversas ruas submersas em meio \u00e0 chuva intensa. A \u00e1gua invadiu o pr\u00e9dio da Secretaria Municipal de Sa\u00fade e lojas do centro da cidade. Em outro ponto, o teto de um supermercado da regi\u00e3o abriu parcialmente e a \u00e1gua vazou para o estabelecimento.<br \/>\nEm outro registro, um homem que tenta atravessar o rio Canind\u00e9 acabou sendo arrastado pelas \u00e1guas. As testemunhas que o avistaram chamaram os bombeiros, e o homem foi resgatado pouco tempo depois nas proximidades da rua Joaquim Cust\u00f3dio, regi\u00e3o central da cidade. (Veja no v\u00eddeo acima)<br \/>\nFortes chuvas causam alagamentos e invadem im\u00f3veis em Canind\u00e9 (CE)<br \/>\nReprodu\u00e7\u00e3o<br \/>\nO prefeito da cidade, professor Jardel, publicou um v\u00eddeo nas redes sociais em frente \u00e0 Secretaria de Sa\u00fade, que mais cedo ficou alagada.<br \/>\n&#8220;Desde as primeiras horas, nossos equipes est\u00e3o espalhados em diversos pontos da cidade, monitorando vias que est\u00e3o obstru\u00eddas, desobstruindo outras. Dizer que a nossa cidade, ao longo dos anos, foi constru\u00edda sem a estrutura adequada para suportar chuvas intensas como a de hoje, mas isso n\u00e3o quer dizer que est\u00e1 de bra\u00e7os cruzados. Estamos buscando solu\u00e7\u00f5es, mas solu\u00e7\u00e3o n\u00e3o vem da noite para o dia&#8221;, afirmou o gestor.<br \/>\nDe acordo com a administra\u00e7\u00e3o da cidade, at\u00e9 o momento n\u00e3o h\u00e1 registro de desabrigados, mas a Defesa Civil, a Guarda Municipal e a Assist\u00eancia Social est\u00e3o em estado de prontid\u00e3o. \u00c0 TV Verdes Mares, o Corpo de Bombeiros informou que foram registradas diversas ocorr\u00eancias simult\u00e2neas de alagamentos e desabamentos na cidade.<br \/>\nNesta quarta-feira (28), a Funda\u00e7\u00e3o Cearense de Meteorologia e Recursos H\u00eddricos (Funceme) emitiu um aviso de chuvas intensas para todos os munic\u00edpios cearenses, incluindo a regi\u00e3o de Canind\u00e9. O alerta \u00e9 v\u00e1lido at\u00e9 as 12h desta quinta-feira (29).<br \/>\nAssista aos v\u00eddeos mais vistos do Cear\u00e1<\/div>\n","protected":false},"excerpt":{"rendered":"<p>Fortes chuvas causam alagamentos e invadem im\u00f3veis em Canind\u00e9 (CE) O munic\u00edpio de Canind\u00e9, um dos principais polos do turismo religioso no Cear\u00e1, registrou chuvas intensas na noite desta quarta-feira (28). A precipita\u00e7\u00e3o causou alagamentos, invadiu im\u00f3veis e fez subir o n\u00edvel do rio Canind\u00e9. De acordo com a Prefeitura de Canind\u00e9, o Servi\u00e7o Aut\u00f4nomo [&hellip;]<\/p>\n","protected":false},"author":264,"featured_media":64713,"comment_status":"closed","ping_status":"closed","sticky":false,"template":"","format":"standard","meta":{"_themeisle_gutenberg_block_has_review":false,"_jetpack_memberships_contains_paid_content":false,"footnotes":""},"categories":[4],"tags":[127,130],"class_list":{"0":"post-64712","1":"post","2":"type-post","3":"status-publish","4":"format-standard","5":"has-post-thumbnail","7":"category-regiao","8":"tag-cariri","9":"tag-ceara"},"jetpack_featured_media_url":"https:\/\/crajubaremacao.com.br\/wp-content\/uploads\/2026\/01\/chuva-caninde.jpg","jetpack_sharing_enabled":true,"_links":{"self":[{"href":"https:\/\/crajubaremacao.com.br\/index.php?rest_route=\/wp\/v2\/posts\/64712","targetHints":{"allow":["GET"]}}],"collection":[{"href":"https:\/\/crajubaremacao.com.br\/index.php?rest_route=\/wp\/v2\/posts"}],"about":[{"href":"https:\/\/crajubaremacao.com.br\/index.php?rest_route=\/wp\/v2\/types\/post"}],"author":[{"embeddable":true,"href":"https:\/\/crajubaremacao.com.br\/index.php?rest_route=\/wp\/v2\/users\/264"}],"replies":[{"embeddable":true,"href":"https:\/\/crajubaremacao.com.br\/index.php?rest_route=%2Fwp%2Fv2%2Fcomments&post=64712"}],"version-history":[{"count":0,"href":"https:\/\/crajubaremacao.com.br\/index.php?rest_route=\/wp\/v2\/posts\/64712\/revisions"}],"wp:featuredmedia":[{"embeddable":true,"href":"https:\/\/crajubaremacao.com.br\/index.php?rest_route=\/wp\/v2\/media\/64713"}],"wp:attachment":[{"href":"https:\/\/crajubaremacao.com.br\/index.php?rest_route=%2Fwp%2Fv2%2Fmedia&parent=64712"}],"wp:term":[{"taxonomy":"category","embeddable":true,"href":"https:\/\/crajubaremacao.com.br\/index.php?rest_route=%2Fwp%2Fv2%2Fcategories&post=64712"},{"taxonomy":"post_tag","embeddable":true,"href":"https:\/\/crajubaremacao.com.br\/index.php?rest_route=%2Fwp%2Fv2%2Ftags&post=64712"}],"curies":[{"name":"wp","href":"https:\/\/api.w.org\/{rel}","templated":true}]}}