{"id":64716,"date":"2026-01-29T03:12:43","date_gmt":"2026-01-29T06:12:43","guid":{"rendered":"https:\/\/crajubaremacao.com.br\/?p=64716"},"modified":"2026-01-29T03:12:43","modified_gmt":"2026-01-29T06:12:43","slug":"com-4-equipes-cearenses-copa-do-brasil-2026-tem-confrontos-iniciais-definidos","status":"publish","type":"post","link":"https:\/\/crajubaremacao.com.br\/?p=64716","title":{"rendered":"Com 4 equipes cearenses, Copa do Brasil 2026 tem confrontos iniciais definidos"},"content":{"rendered":"<div>\n<p>\u00a0<img decoding=\"async\" alt=\"Imagem da not\u00edcia\" class=\"img-fluid w-70 h-70\" loading=\"lazy\" src=\"http:\/\/www.futebolcearense.com.br\/adm\/fotosavulsas\/imagens\/thumb_27022024130628-2015.jpg\" style='box-sizing: border-box; color: #1d1d1b; font-family: \"Adobe Clean SemiLight\", sans-serif; font-size: 14px; height: auto; max-width: 100%; text-align: center; vertical-align: middle;'><\/p>\n<div class=\"col-12 mt-3\" style='background-color: white; box-sizing: border-box; color: #1d1d1b; flex: 0 0 auto; font-family: \"Adobe Clean SemiLight\", sans-serif; font-size: 14px; margin-top: 1rem !important; max-width: 100%; padding-left: 12px; padding-right: 12px; width: 440px;'>\n<div class=\"text-view\" style=\"box-sizing: border-box; font-size: 19px !important;\">Com um novo formato de disputa para a temporada 2026, a Diretoria de Competi\u00e7\u00f5es da CBF realizou, nesta quarta-feira (28), o sorteio dos confrontos da Primeira Fase da competi\u00e7\u00e3o. Consequentemente, os clubes que entrar\u00e3o na Segunda Fase tamb\u00e9m puderam conhecer seus poss\u00edveis advers\u00e1rios.<br style=\"box-sizing: border-box;\"><br style=\"box-sizing: border-box;\">Ao todo, quatro equipes cearenses participar\u00e3o da maior competi\u00e7\u00e3o do pa\u00eds. O Tirol, que far\u00e1 sua primeira participa\u00e7\u00e3o no certame, entra j\u00e1 nesta fase inicial. Seu primeiro embate ser\u00e1 diante do Am\u00e9rica de Propri\u00e1, de Sergipe. Quem sair vencedor viajar\u00e1 at\u00e9 Minas Gerais para enfrentar o Am\u00e9rica-MG. J\u00e1 o Maracan\u00e3 encara a Portuguesa-RJ fora de casa.<br style=\"box-sizing: border-box;\"><br style=\"box-sizing: border-box;\">Cear\u00e1 e Fortaleza aguardam seus advers\u00e1rios na Segunda Fase. O Vov\u00f4 recebe o vencedor do confronto entre Aragua\u00edna-TO e Primavera-SP, enquanto o Le\u00e3o enfrenta quem passar de Maguary-PE x Laguna-RN. Ambos os jogos ser\u00e3o realizados em solo cearense.<br style=\"box-sizing: border-box;\"><br style=\"box-sizing: border-box;\">Nessas duas fases, as partidas ser\u00e3o disputadas em jogo \u00fanico. Em caso de empate no tempo normal, o vencedor ser\u00e1 definido nas cobran\u00e7as de p\u00eanaltis.<br style=\"box-sizing: border-box;\"><br style=\"box-sizing: border-box;\">Daniel Fran\u00e7a<br style=\"box-sizing: border-box;\">Departamento de Comunica\u00e7\u00e3o<br style=\"box-sizing: border-box;\">Federa\u00e7\u00e3o Cearense de Futebol<\/div>\n<\/div>\n<\/div>\n","protected":false},"excerpt":{"rendered":"<p>\u00a0 Com um novo formato de disputa para a temporada 2026, a Diretoria de Competi\u00e7\u00f5es da CBF realizou, nesta quarta-feira (28), o sorteio dos confrontos da Primeira Fase da competi\u00e7\u00e3o. Consequentemente, os clubes que entrar\u00e3o na Segunda Fase tamb\u00e9m puderam conhecer seus poss\u00edveis advers\u00e1rios.Ao todo, quatro equipes cearenses participar\u00e3o da maior competi\u00e7\u00e3o do pa\u00eds. O [&hellip;]<\/p>\n","protected":false},"author":88,"featured_media":64717,"comment_status":"closed","ping_status":"closed","sticky":false,"template":"","format":"standard","meta":{"_themeisle_gutenberg_block_has_review":false,"_jetpack_memberships_contains_paid_content":false,"footnotes":""},"categories":[4],"tags":[127,130],"class_list":{"0":"post-64716","1":"post","2":"type-post","3":"status-publish","4":"format-standard","5":"has-post-thumbnail","7":"category-regiao","8":"tag-cariri","9":"tag-ceara"},"jetpack_featured_media_url":"https:\/\/crajubaremacao.com.br\/wp-content\/uploads\/2026\/01\/thumb_27022024130628-2015.jpg","jetpack_sharing_enabled":true,"_links":{"self":[{"href":"https:\/\/crajubaremacao.com.br\/index.php?rest_route=\/wp\/v2\/posts\/64716","targetHints":{"allow":["GET"]}}],"collection":[{"href":"https:\/\/crajubaremacao.com.br\/index.php?rest_route=\/wp\/v2\/posts"}],"about":[{"href":"https:\/\/crajubaremacao.com.br\/index.php?rest_route=\/wp\/v2\/types\/post"}],"author":[{"embeddable":true,"href":"https:\/\/crajubaremacao.com.br\/index.php?rest_route=\/wp\/v2\/users\/88"}],"replies":[{"embeddable":true,"href":"https:\/\/crajubaremacao.com.br\/index.php?rest_route=%2Fwp%2Fv2%2Fcomments&post=64716"}],"version-history":[{"count":0,"href":"https:\/\/crajubaremacao.com.br\/index.php?rest_route=\/wp\/v2\/posts\/64716\/revisions"}],"wp:featuredmedia":[{"embeddable":true,"href":"https:\/\/crajubaremacao.com.br\/index.php?rest_route=\/wp\/v2\/media\/64717"}],"wp:attachment":[{"href":"https:\/\/crajubaremacao.com.br\/index.php?rest_route=%2Fwp%2Fv2%2Fmedia&parent=64716"}],"wp:term":[{"taxonomy":"category","embeddable":true,"href":"https:\/\/crajubaremacao.com.br\/index.php?rest_route=%2Fwp%2Fv2%2Fcategories&post=64716"},{"taxonomy":"post_tag","embeddable":true,"href":"https:\/\/crajubaremacao.com.br\/index.php?rest_route=%2Fwp%2Fv2%2Ftags&post=64716"}],"curies":[{"name":"wp","href":"https:\/\/api.w.org\/{rel}","templated":true}]}}