{"id":64718,"date":"2026-01-29T05:11:41","date_gmt":"2026-01-29T08:11:41","guid":{"rendered":"https:\/\/crajubaremacao.com.br\/?p=64718"},"modified":"2026-01-29T05:11:41","modified_gmt":"2026-01-29T08:11:41","slug":"governo-do-ceara-investe-r-29-milhoes-para-reforcar-a-seguranca-hidrica-do-cariri-oeste","status":"publish","type":"post","link":"https:\/\/crajubaremacao.com.br\/?p=64718","title":{"rendered":"Governo do Cear\u00e1 investe R$ 29 milh\u00f5es para refor\u00e7ar a seguran\u00e7a h\u00eddrica do Cariri Oeste"},"content":{"rendered":"<div>\n<p><a href=\"https:\/\/www.ceara.gov.br\/2026\/01\/28\/governo-do-ceara-investe-r-29-milhoes-para-reforcar-a-seguranca-hidrica-do-cariri-oeste\/0s1a5892-12\/\" rel=\"attachment wp-att-309909\"><img fetchpriority=\"high\" fetchpriority=\"high\" decoding=\"async\" class=\"alignnone size-full wp-image-309909\" src=\"https:\/\/www.ceara.gov.br\/wp-content\/uploads\/2026\/01\/0S1A5892-12-scaled.jpg\" alt=\"\" width=\"2560\" height=\"1707\" srcset=\"https:\/\/www.ceara.gov.br\/wp-content\/uploads\/2026\/01\/0S1A5892-12-scaled.jpg 2560w, https:\/\/www.ceara.gov.br\/wp-content\/uploads\/2026\/01\/0S1A5892-12-600x400.jpg 600w, https:\/\/www.ceara.gov.br\/wp-content\/uploads\/2026\/01\/0S1A5892-12-1200x800.jpg 1200w, https:\/\/www.ceara.gov.br\/wp-content\/uploads\/2026\/01\/0S1A5892-12-768x512.jpg 768w, https:\/\/www.ceara.gov.br\/wp-content\/uploads\/2026\/01\/0S1A5892-12-1536x1024.jpg 1536w, https:\/\/www.ceara.gov.br\/wp-content\/uploads\/2026\/01\/0S1A5892-12-2048x1365.jpg 2048w\" sizes=\"(max-width: 2560px) 100vw, 2560px\"><\/a><\/p>\n<p style=\"text-align: center\"><em>Araripe, Campos Sales e Salitre ser\u00e3o beneficiados com a perfura\u00e7\u00e3o de po\u00e7o de alta profundidade<\/em><\/p>\n<p>O governador Elmano de Freitas anunciou, nesta quarta-feira (28), a amplia\u00e7\u00e3o do Sistema Integrado de Abastecimento de \u00c1gua (SIAA) que atende aos munic\u00edpios de Araripe, Campos Sales e Salitre, com investimento de R$ 29 milh\u00f5es. A iniciativa tem como objetivo refor\u00e7ar a seguran\u00e7a h\u00eddrica da regi\u00e3o do Cariri Oeste, garantindo maior oferta de \u00e1gua tratada para a popula\u00e7\u00e3o urbana e para diversas comunidades localizadas ao longo da adutora principal e das subadutoras do sistema.<\/p>\n<p>Em v\u00eddeo publicado nas redes sociais, o chefe do Executivo estadual esteve acompanhado, no momento do an\u00fancio, pelo secret\u00e1rio de Recursos H\u00eddricos, Fernando Santana; pelo presidente da Companhia de \u00c1gua e Esgoto do Cear\u00e1 (Cagece), Neuri Freitas; pelo prefeito de Araripe, Z\u00e9 Paulino; e pelo vice-prefeito de Salitre, Ronaldo Pereira.<\/p>\n<p><a href=\"https:\/\/www.ceara.gov.br\/2026\/01\/28\/governo-do-ceara-investe-r-29-milhoes-para-reforcar-a-seguranca-hidrica-do-cariri-oeste\/0s1a5905\/\" rel=\"attachment wp-att-309911\"><img loading=\"lazy\" loading=\"lazy\" decoding=\"async\" class=\"alignnone size-full wp-image-309911\" src=\"https:\/\/www.ceara.gov.br\/wp-content\/uploads\/2026\/01\/0S1A5905-scaled.jpg\" alt=\"\" width=\"2560\" height=\"1707\" srcset=\"https:\/\/www.ceara.gov.br\/wp-content\/uploads\/2026\/01\/0S1A5905-scaled.jpg 2560w, https:\/\/www.ceara.gov.br\/wp-content\/uploads\/2026\/01\/0S1A5905-600x400.jpg 600w, https:\/\/www.ceara.gov.br\/wp-content\/uploads\/2026\/01\/0S1A5905-1200x800.jpg 1200w, https:\/\/www.ceara.gov.br\/wp-content\/uploads\/2026\/01\/0S1A5905-768x512.jpg 768w, https:\/\/www.ceara.gov.br\/wp-content\/uploads\/2026\/01\/0S1A5905-1536x1024.jpg 1536w, https:\/\/www.ceara.gov.br\/wp-content\/uploads\/2026\/01\/0S1A5905-2048x1365.jpg 2048w\" sizes=\"auto, (max-width: 2560px) 100vw, 2560px\"><\/a><\/p>\n<p>\u201cQuero agradecer \u00e0s lideran\u00e7as dos tr\u00eas munic\u00edpios, que fizeram audi\u00eancia p\u00fablica, e aos prefeitos, que apontaram o crescimento da popula\u00e7\u00e3o e a necessidade de garantirmos o fornecimento de \u00e1gua. \u00c9 por isso que estamos aqui, para anunciar que teremos a licita\u00e7\u00e3o do projeto de perfura\u00e7\u00e3o de po\u00e7o, garantindo \u00e1gua \u00e0s popula\u00e7\u00f5es desses munic\u00edpios\u201d, garantiu o governador Elmano de Freitas, refor\u00e7ando que o prazo \u00e9 at\u00e9 fevereiro deste ano.<\/p>\n<p><a href=\"https:\/\/www.ceara.gov.br\/2026\/01\/28\/governo-do-ceara-investe-r-29-milhoes-para-reforcar-a-seguranca-hidrica-do-cariri-oeste\/0s1a5947\/\" rel=\"attachment wp-att-309910\"><img loading=\"lazy\" loading=\"lazy\" decoding=\"async\" class=\"alignnone size-full wp-image-309910\" src=\"https:\/\/www.ceara.gov.br\/wp-content\/uploads\/2026\/01\/0S1A5947-scaled.jpg\" alt=\"\" width=\"2560\" height=\"1707\" srcset=\"https:\/\/www.ceara.gov.br\/wp-content\/uploads\/2026\/01\/0S1A5947-scaled.jpg 2560w, https:\/\/www.ceara.gov.br\/wp-content\/uploads\/2026\/01\/0S1A5947-600x400.jpg 600w, https:\/\/www.ceara.gov.br\/wp-content\/uploads\/2026\/01\/0S1A5947-1200x800.jpg 1200w, https:\/\/www.ceara.gov.br\/wp-content\/uploads\/2026\/01\/0S1A5947-768x512.jpg 768w, https:\/\/www.ceara.gov.br\/wp-content\/uploads\/2026\/01\/0S1A5947-1536x1024.jpg 1536w, https:\/\/www.ceara.gov.br\/wp-content\/uploads\/2026\/01\/0S1A5947-2048x1365.jpg 2048w\" sizes=\"auto, (max-width: 2560px) 100vw, 2560px\"><\/a><\/p>\n<p>O secret\u00e1rio Fernando Santana, que participou da audi\u00eancia citada pelo governador Elmano de Freitas, destacou o papel das lideran\u00e7as de toda a regi\u00e3o, que se mobilizaram pela garantia da seguran\u00e7a h\u00eddrica. \u201cEsses tr\u00eas munic\u00edpios corriam um risco muito grande de desabastecimento. Agora, esse investimento resolve o problema h\u00eddrico das tr\u00eas cidades juntas\u201d, frisou o titular da Secretaria de Recursos H\u00eddricos (SRH), que completou parabenizando o governador Elmano de Freitas por atender \u00e0 demanda dos gestores e da popula\u00e7\u00e3o.<\/p>\n<h3>Parceria e compromisso com os munic\u00edpios<\/h3>\n<p>A amplia\u00e7\u00e3o do SIAA, com a perfura\u00e7\u00e3o de um novo po\u00e7o, \u00e9 uma a\u00e7\u00e3o hist\u00f3rica para o munic\u00edpio de Araripe, de acordo com o prefeito Z\u00e9 Paulino, que tamb\u00e9m agradeceu a clareza e a responsabilidade com que a situa\u00e7\u00e3o h\u00eddrica do munic\u00edpio que representa vem sendo tratada. \u201cO munic\u00edpio de Araripe agradece por essa obra hist\u00f3rica. N\u00e3o s\u00f3 por esse po\u00e7o agora, que vai abastecer os tr\u00eas munic\u00edpios, mas pelos outros que j\u00e1 est\u00e3o sendo perfurados em Araripe e por outros que est\u00e3o prestes a serem inaugurados. N\u00f3s s\u00f3 temos a agradecer por toda a parceria e o compromisso\u201d.<\/p>\n<p><a href=\"https:\/\/www.ceara.gov.br\/2026\/01\/28\/governo-do-ceara-investe-r-29-milhoes-para-reforcar-a-seguranca-hidrica-do-cariri-oeste\/0s1a5985-1\/\" rel=\"attachment wp-att-309914\"><img loading=\"lazy\" loading=\"lazy\" decoding=\"async\" class=\"alignnone size-full wp-image-309914\" src=\"https:\/\/www.ceara.gov.br\/wp-content\/uploads\/2026\/01\/0S1A5985-1-scaled.jpg\" alt=\"\" width=\"2560\" height=\"1707\" srcset=\"https:\/\/www.ceara.gov.br\/wp-content\/uploads\/2026\/01\/0S1A5985-1-scaled.jpg 2560w, https:\/\/www.ceara.gov.br\/wp-content\/uploads\/2026\/01\/0S1A5985-1-600x400.jpg 600w, https:\/\/www.ceara.gov.br\/wp-content\/uploads\/2026\/01\/0S1A5985-1-1200x800.jpg 1200w, https:\/\/www.ceara.gov.br\/wp-content\/uploads\/2026\/01\/0S1A5985-1-768x512.jpg 768w, https:\/\/www.ceara.gov.br\/wp-content\/uploads\/2026\/01\/0S1A5985-1-1536x1024.jpg 1536w, https:\/\/www.ceara.gov.br\/wp-content\/uploads\/2026\/01\/0S1A5985-1-2048x1365.jpg 2048w\" sizes=\"auto, (max-width: 2560px) 100vw, 2560px\"><\/a><\/p>\n<p>Com o mesmo sentimento, o vice-prefeito Ronaldo Pereira falou em nome da popula\u00e7\u00e3o salitrense. \u201cS\u00f3 temos a agradecer por mais essa a\u00e7\u00e3o. J\u00e1 contamos com v\u00e1rias obras que v\u00eam nos ajudando, e agora somamos mais uma importante iniciativa na \u00e1rea de abastecimento de \u00e1gua. Muito obrigado por estar sempre olhando com bons olhos para o povo salitrense e para toda a regi\u00e3o\u201d, concluiu.<\/p>\n<h3>Garantia do abastecimento<\/h3>\n<p>Diante do cen\u00e1rio h\u00eddrico da regi\u00e3o, a Companhia de \u00c1gua e Esgoto do Cear\u00e1 (Cagece) \u2013 respons\u00e1vel pelo projeto t\u00e9cnico de perfura\u00e7\u00e3o do po\u00e7o, que ser\u00e1 licitado \u2013 j\u00e1 vem adotando diversas medidas para garantir o abastecimento, como a\u00e7\u00f5es de redu\u00e7\u00e3o de perdas, adequa\u00e7\u00f5es nas capta\u00e7\u00f5es, nas esta\u00e7\u00f5es de tratamento e nas redes de distribui\u00e7\u00e3o, al\u00e9m de iniciativas voltadas \u00e0 racionaliza\u00e7\u00e3o do consumo.<\/p>\n<p><a href=\"https:\/\/www.ceara.gov.br\/2026\/01\/28\/governo-do-ceara-investe-r-29-milhoes-para-reforcar-a-seguranca-hidrica-do-cariri-oeste\/0s1a5996\/\" rel=\"attachment wp-att-309912\"><img loading=\"lazy\" loading=\"lazy\" decoding=\"async\" class=\"alignnone size-full wp-image-309912\" src=\"https:\/\/www.ceara.gov.br\/wp-content\/uploads\/2026\/01\/0S1A5996-scaled.jpg\" alt=\"\" width=\"2560\" height=\"1707\" srcset=\"https:\/\/www.ceara.gov.br\/wp-content\/uploads\/2026\/01\/0S1A5996-scaled.jpg 2560w, https:\/\/www.ceara.gov.br\/wp-content\/uploads\/2026\/01\/0S1A5996-600x400.jpg 600w, https:\/\/www.ceara.gov.br\/wp-content\/uploads\/2026\/01\/0S1A5996-1200x800.jpg 1200w, https:\/\/www.ceara.gov.br\/wp-content\/uploads\/2026\/01\/0S1A5996-768x512.jpg 768w, https:\/\/www.ceara.gov.br\/wp-content\/uploads\/2026\/01\/0S1A5996-1536x1024.jpg 1536w, https:\/\/www.ceara.gov.br\/wp-content\/uploads\/2026\/01\/0S1A5996-2048x1365.jpg 2048w\" sizes=\"auto, (max-width: 2560px) 100vw, 2560px\"><\/a><\/p>\n<p>O presidente da Companhia, Neuri Freitas, ressaltou que o projeto \u201cvai perfurar po\u00e7os de alta profundidade\u201d. \u201cVamos deixar as tr\u00eas cidades com seguran\u00e7a h\u00eddrica. Caso a gente tenha uma quadra chuvosa boa, com reposi\u00e7\u00e3o de \u00e1gua nos a\u00e7udes de Campos Sales e Araripe, teremos redund\u00e2ncia. Ou seja, teremos tanto as \u00e1guas dos a\u00e7udes quanto as dos po\u00e7os, permitindo que a regi\u00e3o se livre definitivamente da escassez h\u00eddrica.\u201d<\/p>\n<p>Por fim, o governador Elmano de Freitas ressaltou que o objetivo \u00e9 garantir mais qualidade de vida para o povo dos munic\u00edpios atendidos. \u201cN\u00f3s temos, portanto, um po\u00e7o funcionando, vamos recuperar outro e perfurar mais um, passando a ter tr\u00eas sistemas fornecendo \u00e1gua \u00e0 popula\u00e7\u00e3o dos tr\u00eas munic\u00edpios. Estamos juntos para garantir mais qualidade de vida para o nosso povo\u201d, concluiu o governador.<\/p>\n<p>O post <a href=\"https:\/\/www.ceara.gov.br\/2026\/01\/28\/governo-do-ceara-investe-r-29-milhoes-para-reforcar-a-seguranca-hidrica-do-cariri-oeste\/\">Governo do Cear\u00e1 investe R$ 29 milh\u00f5es para refor\u00e7ar a seguran\u00e7a h\u00eddrica do Cariri Oeste<\/a> apareceu primeiro em <a href=\"https:\/\/www.ceara.gov.br\/\">Governo do Estado do Cear\u00e1<\/a>.<\/p>\n<\/div>\n","protected":false},"excerpt":{"rendered":"<p>Araripe, Campos Sales e Salitre ser\u00e3o beneficiados com a perfura\u00e7\u00e3o de po\u00e7o de alta profundidade O governador Elmano de Freitas anunciou, nesta quarta-feira (28), a amplia\u00e7\u00e3o do Sistema Integrado de Abastecimento de \u00c1gua (SIAA) que atende aos munic\u00edpios de Araripe, Campos Sales e Salitre, com investimento de R$ 29 milh\u00f5es. A iniciativa tem como objetivo [&hellip;]<\/p>\n","protected":false},"author":265,"featured_media":64719,"comment_status":"closed","ping_status":"closed","sticky":false,"template":"","format":"standard","meta":{"_themeisle_gutenberg_block_has_review":false,"_jetpack_memberships_contains_paid_content":false,"footnotes":""},"categories":[4],"tags":[127,130],"class_list":{"0":"post-64718","1":"post","2":"type-post","3":"status-publish","4":"format-standard","5":"has-post-thumbnail","7":"category-regiao","8":"tag-cariri","9":"tag-ceara"},"jetpack_featured_media_url":"https:\/\/crajubaremacao.com.br\/wp-content\/uploads\/2026\/01\/0S1A5892-12-scaled-1.jpg","jetpack_sharing_enabled":true,"_links":{"self":[{"href":"https:\/\/crajubaremacao.com.br\/index.php?rest_route=\/wp\/v2\/posts\/64718","targetHints":{"allow":["GET"]}}],"collection":[{"href":"https:\/\/crajubaremacao.com.br\/index.php?rest_route=\/wp\/v2\/posts"}],"about":[{"href":"https:\/\/crajubaremacao.com.br\/index.php?rest_route=\/wp\/v2\/types\/post"}],"author":[{"embeddable":true,"href":"https:\/\/crajubaremacao.com.br\/index.php?rest_route=\/wp\/v2\/users\/265"}],"replies":[{"embeddable":true,"href":"https:\/\/crajubaremacao.com.br\/index.php?rest_route=%2Fwp%2Fv2%2Fcomments&post=64718"}],"version-history":[{"count":0,"href":"https:\/\/crajubaremacao.com.br\/index.php?rest_route=\/wp\/v2\/posts\/64718\/revisions"}],"wp:featuredmedia":[{"embeddable":true,"href":"https:\/\/crajubaremacao.com.br\/index.php?rest_route=\/wp\/v2\/media\/64719"}],"wp:attachment":[{"href":"https:\/\/crajubaremacao.com.br\/index.php?rest_route=%2Fwp%2Fv2%2Fmedia&parent=64718"}],"wp:term":[{"taxonomy":"category","embeddable":true,"href":"https:\/\/crajubaremacao.com.br\/index.php?rest_route=%2Fwp%2Fv2%2Fcategories&post=64718"},{"taxonomy":"post_tag","embeddable":true,"href":"https:\/\/crajubaremacao.com.br\/index.php?rest_route=%2Fwp%2Fv2%2Ftags&post=64718"}],"curies":[{"name":"wp","href":"https:\/\/api.w.org\/{rel}","templated":true}]}}