{"id":64726,"date":"2026-01-29T12:11:03","date_gmt":"2026-01-29T15:11:03","guid":{"rendered":"https:\/\/crajubaremacao.com.br\/?p=64726"},"modified":"2026-01-29T12:11:03","modified_gmt":"2026-01-29T15:11:03","slug":"endrick-gabriel-jesus-e-joao-pedro-veja-numeros-de-candidatos-a-9-da-selecao","status":"publish","type":"post","link":"https:\/\/crajubaremacao.com.br\/?p=64726","title":{"rendered":"Endrick, Gabriel Jesus e Jo\u00e3o Pedro: veja n\u00fameros de candidatos a 9 da sele\u00e7\u00e3o"},"content":{"rendered":"<div>\n<div style=\"margin-bottom: 15px;\"><img decoding=\"async\" class=\"type:primaryImage\" src=\"https:\/\/jpimg.com.br\/uploads\/2026\/01\/foto-jp-1-750x450.png\"><\/div>\n<p><?xml encoding=\"UTF-8\"><\/p>\n<p>De pouco aproveitado no Real Madrid a sensa\u00e7\u00e3o do Lyon, Endrick se colocou na briga por uma vaga na sele\u00e7\u00e3o brasileira para a Copa do Mundo, a menos de cinco meses do in\u00edcio do torneio. Ele nunca foi convocado por Carlo Ancelotti, ao lado de quem trabalhou na Espanha, e n\u00e3o \u00e9 chamado para defender o Brasil desde setembro de 2024, quando o treinador ainda era Dorival J\u00fanior.<\/p>\n<p>Posi\u00e7\u00e3o de atacante do Brasil est\u00e1 aberta com nomes que est\u00e3o na Europa, como Igor Thiago na Inglaterra, e<\/p>\n<p>Em tr\u00eas jogos com a camisa do time franc\u00eas, o garoto de 19 anos marcou <strong>quatro gols<\/strong> e deu <strong>uma assist\u00eancia<\/strong>. O brasileiro fez, inclusive, um hat-trick contra o Metz, no Campeonato Franc\u00eas, desempenho que impulsionou seu nome de volta \u00e0s conversas sobre a sele\u00e7\u00e3o.<\/p>\n<p>Depois que chegou ao Real Madrid em 2024, Endrick sofreu para ganhar sequ\u00eancia de jogos num ataque estrelado. Ap\u00f3s a sa\u00edda de Ancelotti e a chegada de Xabi Alonso, demitido recentemente, o brasileiro perdeu o pouco espa\u00e7o que tinha. A insatisfa\u00e7\u00e3o culminou no empr\u00e9stimo ao Lyon, acertado no fim de 2025, com o objetivo claro de <strong>buscar ritmo<\/strong> e <strong>visibilidade<\/strong> para se manter no radar da sele\u00e7\u00e3o.<\/p>\n<p>Mesmo com a boa fase, a Confedera\u00e7\u00e3o Brasileira de Futebol (CBF) adota cautela p\u00fablica quanto \u00e0s avalia\u00e7\u00f5es individuais. Em entrevista recente ao <em>Estad\u00e3o<\/em>, o coordenador de sele\u00e7\u00f5es masculinas Rodrigo Caetano evitou se aprofundar no tema Endrick quando questionado sobre as chances de ele estar na Copa.<\/p>\n<p>\u201cA gente n\u00e3o avalia e nem exp\u00f5e individualmente as avalia\u00e7\u00f5es, que s\u00e3o internas da CBF. O Endrick j\u00e1 esteve na sele\u00e7\u00e3o, j\u00e1 foi convocado, j\u00e1 foi jogador do mister [Carlo Ancelotti] e tem o mesmo n\u00edvel de avalia\u00e7\u00e3o dos demais\u201d, disse Caetano, ressaltando que profissionais da CBF est\u00e3o espalhados pela Europa acompanhando jogadores brasileiros em todas as competi\u00e7\u00f5es.<\/p>\n<p>A concorr\u00eancia entre centroavantes na sele\u00e7\u00e3o est\u00e1 aberta. Matheus Cunha, embora fa\u00e7a a fun\u00e7\u00e3o, hoje atua mais como meia do que como refer\u00eancia no ataque. Richarlison, do Tottenham, \u00e9 um nome que voltou a figurar nas configura\u00e7\u00f5es desde que Ancelotti assumiu a sele\u00e7\u00e3o, at\u00e9 em raz\u00e3o da rela\u00e7\u00e3o que os dois tiveram quando trabalharam juntos no Everton. O \u201cPombo\u201d tem a confian\u00e7a do italiano.<\/p>\n<p>Quem tamb\u00e9m parece estar nas gra\u00e7as do treinador \u00e9 Jo\u00e3o Pedro, especialmente depois de ter despontado como destaque do Chelsea durante o Mundial de Clubes, no meio do ano passado. Enquanto isso, Gabriel Jesus, que voltou a se destacar no Arsenal ap\u00f3s 11 meses afastado por causa de les\u00e3o grave no joelho, espera receber nova chanca com a camisa verde e amarela.<\/p>\n<div id=\"attachment_2049353\" style=\"width: 760px\" class=\"wp-caption alignnone\"><img loading=\"lazy\" loading=\"lazy\" decoding=\"async\" aria-describedby=\"caption-attachment-2049353\" class=\"wp-image-2049353 size-medium\" src=\"https:\/\/jpimg.com.br\/uploads\/2025\/09\/joao-pedro-em-atividade-da-selecao-na-granja-comary-foto-rafael-ribeiro-cbf-750x469.jpg\" alt=\"Jo\u00e3o Pedro em atividade da Sele\u00e7\u00e3o na Granja Comary (Foto: Rafael Ribeiro\/CBF)\" width=\"750\" height=\"469\" srcset=\"\/\/jpimg.com.br\/uploads\/2025\/09\/joao-pedro-em-atividade-da-selecao-na-granja-comary-foto-rafael-ribeiro-cbf-750x469.jpg 750w, \/\/jpimg.com.br\/uploads\/2025\/09\/joao-pedro-em-atividade-da-selecao-na-granja-comary-foto-rafael-ribeiro-cbf-1024x640.jpg 1024w, \/\/jpimg.com.br\/uploads\/2025\/09\/joao-pedro-em-atividade-da-selecao-na-granja-comary-foto-rafael-ribeiro-cbf-768x480.jpg 768w, \/\/jpimg.com.br\/uploads\/2025\/09\/joao-pedro-em-atividade-da-selecao-na-granja-comary-foto-rafael-ribeiro-cbf-1536x960.jpg 1536w, \/\/jpimg.com.br\/uploads\/2025\/09\/joao-pedro-em-atividade-da-selecao-na-granja-comary-foto-rafael-ribeiro-cbf-720x450.jpg 720w, \/\/jpimg.com.br\/uploads\/2025\/09\/joao-pedro-em-atividade-da-selecao-na-granja-comary-foto-rafael-ribeiro-cbf-331x207.jpg 331w, \/\/jpimg.com.br\/uploads\/2025\/09\/joao-pedro-em-atividade-da-selecao-na-granja-comary-foto-rafael-ribeiro-cbf-1152x720.jpg 1152w, \/\/jpimg.com.br\/uploads\/2025\/09\/joao-pedro-em-atividade-da-selecao-na-granja-comary-foto-rafael-ribeiro-cbf-691x432.jpg 691w, \/\/jpimg.com.br\/uploads\/2025\/09\/joao-pedro-em-atividade-da-selecao-na-granja-comary-foto-rafael-ribeiro-cbf-922x576.jpg 922w, \/\/jpimg.com.br\/uploads\/2025\/09\/joao-pedro-em-atividade-da-selecao-na-granja-comary-foto-rafael-ribeiro-cbf-539x337.jpg 539w, \/\/jpimg.com.br\/uploads\/2025\/09\/joao-pedro-em-atividade-da-selecao-na-granja-comary-foto-rafael-ribeiro-cbf-600x375.jpg 600w, \/\/jpimg.com.br\/uploads\/2025\/09\/joao-pedro-em-atividade-da-selecao-na-granja-comary-foto-rafael-ribeiro-cbf.jpg 2048w\" sizes=\"auto, (max-width: 750px) 100vw, 750px\"><\/p>\n<p id=\"caption-attachment-2049353\" class=\"wp-caption-text\">Jo\u00e3o Pedro em atividade na Sele\u00e7\u00e3o na Granja Comary<\/p>\n<\/div>\n<p>Tamb\u00e9m j\u00e1 convocados na era Ancelotti, Vitor Roque e Kaio Jorge, de Palmeiras e Cruzeiro, respectivamente s\u00e3o os principais nomes que atuam no futebol brasileiro e t\u00eam chance de estar no Mundial Pedro, do Flamengo, n\u00e3o chegou a ser chamado e seus constantes problemas f\u00edsicos colocam em cheque sua participa\u00e7\u00e3o.<\/p>\n<p>Surgiu, ainda, uma possibilidade inesperada de convoca\u00e7\u00e3o para Igor Thiago, ex-atacante do Cruzeiro que, aos 24 anos, tem roubado a cena no futebol ingl\u00eas. Jogador do Brentford, ele \u00e9 uma das grandes sensa\u00e7\u00f5es da Inglaterra por causa dos n\u00fameros impressionantes: 17 gols em 24 jogos.<\/p>\n<p>Veja os n\u00fameros dos potenciais centroavantes da sele\u00e7\u00e3o na temporada 2025\/2026:<\/p>\n<ul>\n<li>Endrick (Real Madrid e Lyon): 4 gols e 1 assist\u00eancia em 6 jogos;<\/li>\n<li>Gabriel Jesus (Arsenal): 3 gols e 1 assist\u00eancia em 14 jogos;<\/li>\n<li>Igor Thiago (Brentford): 17 gols e 1 assist\u00eancia em 24 jogos;<\/li>\n<li>Jo\u00e3o Pedro (Chelsea): 11 gols e 4 assist\u00eancias em 31 jogos;<\/li>\n<li>Kaio Jorge (Cruzeiro)*: 13 gols e 5 assist\u00eancias em 26 jogos;<\/li>\n<li>Pedro (Flamengo)*: 9 gols e 4 assist\u00eancias em 21 jogos;<\/li>\n<li>Richarlison (Tottenham): 8 gols e 3 assist\u00eancias em 31 jogos;<\/li>\n<li>Vitor Roque (Palmeiras)*: 16 gols e 5 assist\u00eancias em 30 jogos;<\/li>\n<\/ul>\n<p><em>*N\u00fameros de agosto de 2025 (in\u00edcio da temporada europeia) at\u00e9 agora.<\/em><\/p>\n<p><em>*Com informa\u00e7\u00f5es do Estad\u00e3o Conte\u00fado<\/em><\/p>\n<div class=\"list-related-posts\">\n<h3>Leia tamb\u00e9m<\/h3>\n<div class=\"related-posts-container\">\n<div class=\"related-post-item-container\">\n<div class=\"related-post\">\n<div class=\"img-related-box\">\n                                            <strong><a href=\"https:\/\/jovempan.com.br\/esportes\/futebol\/mano-menezes-e-o-novo-tecnico-do-peru-com-copa-de-2030-na-mira.html\" title=\"Mano Menezes \u00e9 o novo t\u00e9cnico do Peru com Copa de 2030 na mira\"><img decoding=\"async\" src=\"https:\/\/jpimg.com.br\/uploads\/2025\/05\/cdg20250513023.jpg\"><\/a><\/strong>\n                                        <\/div>\n<p>                                        <span class=\"box-the-title\"><br \/>\n                                            <strong><a href=\"https:\/\/jovempan.com.br\/esportes\/futebol\/mano-menezes-e-o-novo-tecnico-do-peru-com-copa-de-2030-na-mira.html\" title=\"Mano Menezes \u00e9 o novo t\u00e9cnico do Peru com Copa de 2030 na mira\">Mano Menezes \u00e9 o novo t\u00e9cnico do Peru com Copa de 2030 na mira<\/a><\/strong><br \/>\n                                        <\/span>\n                                    <\/div>\n<div class=\"related-post\">\n<div class=\"img-related-box\">\n                                            <strong><a href=\"https:\/\/jovempan.com.br\/opiniao-jovem-pan\/comentaristas\/thiago-uberreich-comentaristas\/em-1966-pele-descartava-o-favoritismo-da-selecao-na-copa.html\" title=\"Em 1966, Pel\u00e9 descartava o favoritismo da sele\u00e7\u00e3o na Copa\"><img decoding=\"async\" src=\"https:\/\/jpimg.com.br\/uploads\/2025\/03\/pele2.114902.jpg\"><\/a><\/strong>\n                                        <\/div>\n<p>                                        <span class=\"box-the-title\"><br \/>\n                                            <strong><a href=\"https:\/\/jovempan.com.br\/opiniao-jovem-pan\/comentaristas\/thiago-uberreich-comentaristas\/em-1966-pele-descartava-o-favoritismo-da-selecao-na-copa.html\" title=\"Em 1966, Pel\u00e9 descartava o favoritismo da sele\u00e7\u00e3o na Copa\">Em 1966, Pel\u00e9 descartava o favoritismo da sele\u00e7\u00e3o na Copa<\/a><\/strong><br \/>\n                                        <\/span>\n                                    <\/div>\n<\/p><\/div>\n<\/p><\/div>\n<\/p><\/div>\n<\/div>\n","protected":false},"excerpt":{"rendered":"<p>De pouco aproveitado no Real Madrid a sensa\u00e7\u00e3o do Lyon, Endrick se colocou na briga por uma vaga na sele\u00e7\u00e3o brasileira para a Copa do Mundo, a menos de cinco meses do in\u00edcio do torneio. Ele nunca foi convocado por Carlo Ancelotti, ao lado de quem trabalhou na Espanha, e n\u00e3o \u00e9 chamado para defender [&hellip;]<\/p>\n","protected":false},"author":260,"featured_media":64727,"comment_status":"closed","ping_status":"closed","sticky":false,"template":"","format":"standard","meta":{"_themeisle_gutenberg_block_has_review":false,"_jetpack_memberships_contains_paid_content":false,"footnotes":""},"categories":[12],"tags":[153],"class_list":{"0":"post-64726","1":"post","2":"type-post","3":"status-publish","4":"format-standard","5":"has-post-thumbnail","7":"category-esportes","8":"tag-esportes"},"jetpack_featured_media_url":"https:\/\/crajubaremacao.com.br\/wp-content\/uploads\/2026\/01\/foto-jp-1-750x450-1.png","jetpack_sharing_enabled":true,"_links":{"self":[{"href":"https:\/\/crajubaremacao.com.br\/index.php?rest_route=\/wp\/v2\/posts\/64726","targetHints":{"allow":["GET"]}}],"collection":[{"href":"https:\/\/crajubaremacao.com.br\/index.php?rest_route=\/wp\/v2\/posts"}],"about":[{"href":"https:\/\/crajubaremacao.com.br\/index.php?rest_route=\/wp\/v2\/types\/post"}],"author":[{"embeddable":true,"href":"https:\/\/crajubaremacao.com.br\/index.php?rest_route=\/wp\/v2\/users\/260"}],"replies":[{"embeddable":true,"href":"https:\/\/crajubaremacao.com.br\/index.php?rest_route=%2Fwp%2Fv2%2Fcomments&post=64726"}],"version-history":[{"count":0,"href":"https:\/\/crajubaremacao.com.br\/index.php?rest_route=\/wp\/v2\/posts\/64726\/revisions"}],"wp:featuredmedia":[{"embeddable":true,"href":"https:\/\/crajubaremacao.com.br\/index.php?rest_route=\/wp\/v2\/media\/64727"}],"wp:attachment":[{"href":"https:\/\/crajubaremacao.com.br\/index.php?rest_route=%2Fwp%2Fv2%2Fmedia&parent=64726"}],"wp:term":[{"taxonomy":"category","embeddable":true,"href":"https:\/\/crajubaremacao.com.br\/index.php?rest_route=%2Fwp%2Fv2%2Fcategories&post=64726"},{"taxonomy":"post_tag","embeddable":true,"href":"https:\/\/crajubaremacao.com.br\/index.php?rest_route=%2Fwp%2Fv2%2Ftags&post=64726"}],"curies":[{"name":"wp","href":"https:\/\/api.w.org\/{rel}","templated":true}]}}