{"id":64728,"date":"2026-01-29T12:11:19","date_gmt":"2026-01-29T15:11:19","guid":{"rendered":"https:\/\/crajubaremacao.com.br\/?p=64728"},"modified":"2026-01-29T12:11:19","modified_gmt":"2026-01-29T15:11:19","slug":"mp-denuncia-rogerio-andrade-e-pms-por-organizacao-criminosa-e-corrupcao","status":"publish","type":"post","link":"https:\/\/crajubaremacao.com.br\/?p=64728","title":{"rendered":"MP denuncia Rog\u00e9rio Andrade e PMs por organiza\u00e7\u00e3o criminosa e corrup\u00e7\u00e3o"},"content":{"rendered":"<div>\n<div style=\"margin-bottom: 15px;\"><img decoding=\"async\" class=\"type:primaryImage\" src=\"https:\/\/crajubaremacao.com.br\/wp-content\/uploads\/2026\/01\/tn220241029010-750x500-1.jpg\"><\/div>\n<p><?xml encoding=\"UTF-8\"><\/p>\n<p>O Minist\u00e9rio P\u00fablico do Estado do Rio de Janeiro (MPRJ)<strong> denunciou \u00e0 Justi\u00e7a<\/strong> o bicheiro Rog\u00e9rio de Andrade e dois policiais militares aposentados. Eles s\u00e3o acusados de <strong>integrar uma organiza\u00e7\u00e3o criminosa<\/strong> voltada para a <strong>explora\u00e7\u00e3o de jogos de azar<\/strong> e <strong>corrup\u00e7\u00e3o ativa<\/strong>. Os mandados de pris\u00e3o da segunda fase da <strong>Opera\u00e7\u00e3o Pretorianos<\/strong> foram cumpridos na manh\u00e3 desta quinta-feira (29).<\/p>\n<p>As equipes realizaram buscas e pris\u00f5es em endere\u00e7os na cidade do <strong>Rio de Janeiro<\/strong> e tamb\u00e9m na <strong>Penitenci\u00e1ria Federal<\/strong> de Campo Grande (MS), onde Rog\u00e9rio de Andrade est\u00e1 preso. A Corregedoria da PM e a Coordenadoria de Seguran\u00e7a e Intelig\u00eancia (CSI) tamb\u00e9m fizeram parte da a\u00e7\u00e3o.<\/p>\n<p>As investiga\u00e7\u00f5es apontam que os policiais militares aposentados Marcos Antonio de Oliveira Machado e Carlos Andr\u00e9 Carneiro de Souza atuavam na <strong>seguran\u00e7a pessoal<\/strong> de Rog\u00e9rio de Andrade e de sua fam\u00edlia.<\/p>\n<p>Al\u00e9m da forma\u00e7\u00e3o de quadrilha, o GAECO denunciou Carlos Andr\u00e9 e Rog\u00e9rio de Andrade por corrup\u00e7\u00e3o ativa. Segundo a den\u00fancia, o grupo <strong>subornava um policial militar<\/strong> da ativa para <strong>obter informa\u00e7\u00f5es sigilosas<\/strong> sobre opera\u00e7\u00f5es. O objetivo era <strong>proteger os pr\u00f3prios pontos de jogos<\/strong> e <strong>direcionar a\u00e7\u00f5es<\/strong> da pol\u00edcia contra grupos rivais.<\/p>\n<div class=\"list-related-posts\">\n<h3>Leia tamb\u00e9m<\/h3>\n<div class=\"related-posts-container\">\n<div class=\"related-post-item-container\">\n<div class=\"related-post\">\n<div class=\"img-related-box\">\n                                            <strong><a href=\"https:\/\/jovempan.com.br\/noticias\/brasil\/justica-ordena-que-redes-excluam-fotos-e-dados-de-adolescentes-suspeitos-de-matar-cao-orelha.html\" title=\"Justi\u00e7a ordena que redes excluam fotos e dados de adolescentes suspeitos de matar c\u00e3o Orelha\"><img decoding=\"async\" src=\"https:\/\/crajubaremacao.com.br\/wp-content\/uploads\/2026\/01\/cao-orelha-de-praia-brava-2.jpeg\"><\/a><\/strong>\n                                        <\/div>\n<p>                                        <span class=\"box-the-title\"><br \/>\n                                            <strong><a href=\"https:\/\/jovempan.com.br\/noticias\/brasil\/justica-ordena-que-redes-excluam-fotos-e-dados-de-adolescentes-suspeitos-de-matar-cao-orelha.html\" title=\"Justi\u00e7a ordena que redes excluam fotos e dados de adolescentes suspeitos de matar c\u00e3o Orelha\">Justi\u00e7a ordena que redes excluam fotos e dados de adolescentes suspeitos de matar c\u00e3o Orelha<\/a><\/strong><br \/>\n                                        <\/span>\n                                    <\/div>\n<div class=\"related-post\">\n<div class=\"img-related-box\">\n                                            <strong><a href=\"https:\/\/jovempan.com.br\/noticias\/brasil\/cachorro-comunitario-e-baleado-por-policial-militar-no-rs.html\" title=\"Cachorro comunit\u00e1rio \u00e9 baleado por policial militar no RS\"><img decoding=\"async\" src=\"https:\/\/crajubaremacao.com.br\/wp-content\/uploads\/2026\/01\/captura-de-tela-2026-01-29-080509.png\"><\/a><\/strong>\n                                        <\/div>\n<p>                                        <span class=\"box-the-title\"><br \/>\n                                            <strong><a href=\"https:\/\/jovempan.com.br\/noticias\/brasil\/cachorro-comunitario-e-baleado-por-policial-militar-no-rs.html\" title=\"Cachorro comunit\u00e1rio \u00e9 baleado por policial militar no RS\">Cachorro comunit\u00e1rio \u00e9 baleado por policial militar no RS<\/a><\/strong><br \/>\n                                        <\/span>\n                                    <\/div>\n<\/p><\/div>\n<\/p><\/div>\n<\/p><\/div>\n<\/div>\n","protected":false},"excerpt":{"rendered":"<p>O Minist\u00e9rio P\u00fablico do Estado do Rio de Janeiro (MPRJ) denunciou \u00e0 Justi\u00e7a o bicheiro Rog\u00e9rio de Andrade e dois policiais militares aposentados. Eles s\u00e3o acusados de integrar uma organiza\u00e7\u00e3o criminosa voltada para a explora\u00e7\u00e3o de jogos de azar e corrup\u00e7\u00e3o ativa. Os mandados de pris\u00e3o da segunda fase da Opera\u00e7\u00e3o Pretorianos foram cumpridos na [&hellip;]<\/p>\n","protected":false},"author":117,"featured_media":64729,"comment_status":"closed","ping_status":"closed","sticky":false,"template":"","format":"standard","meta":{"_themeisle_gutenberg_block_has_review":false,"_jetpack_memberships_contains_paid_content":false,"footnotes":""},"categories":[2],"tags":[150],"class_list":{"0":"post-64728","1":"post","2":"type-post","3":"status-publish","4":"format-standard","5":"has-post-thumbnail","7":"category-brasil","8":"tag-brasil"},"jetpack_featured_media_url":"https:\/\/crajubaremacao.com.br\/wp-content\/uploads\/2026\/01\/tn220241029010-750x500-1.jpg","jetpack_sharing_enabled":true,"_links":{"self":[{"href":"https:\/\/crajubaremacao.com.br\/index.php?rest_route=\/wp\/v2\/posts\/64728","targetHints":{"allow":["GET"]}}],"collection":[{"href":"https:\/\/crajubaremacao.com.br\/index.php?rest_route=\/wp\/v2\/posts"}],"about":[{"href":"https:\/\/crajubaremacao.com.br\/index.php?rest_route=\/wp\/v2\/types\/post"}],"author":[{"embeddable":true,"href":"https:\/\/crajubaremacao.com.br\/index.php?rest_route=\/wp\/v2\/users\/117"}],"replies":[{"embeddable":true,"href":"https:\/\/crajubaremacao.com.br\/index.php?rest_route=%2Fwp%2Fv2%2Fcomments&post=64728"}],"version-history":[{"count":0,"href":"https:\/\/crajubaremacao.com.br\/index.php?rest_route=\/wp\/v2\/posts\/64728\/revisions"}],"wp:featuredmedia":[{"embeddable":true,"href":"https:\/\/crajubaremacao.com.br\/index.php?rest_route=\/wp\/v2\/media\/64729"}],"wp:attachment":[{"href":"https:\/\/crajubaremacao.com.br\/index.php?rest_route=%2Fwp%2Fv2%2Fmedia&parent=64728"}],"wp:term":[{"taxonomy":"category","embeddable":true,"href":"https:\/\/crajubaremacao.com.br\/index.php?rest_route=%2Fwp%2Fv2%2Fcategories&post=64728"},{"taxonomy":"post_tag","embeddable":true,"href":"https:\/\/crajubaremacao.com.br\/index.php?rest_route=%2Fwp%2Fv2%2Ftags&post=64728"}],"curies":[{"name":"wp","href":"https:\/\/api.w.org\/{rel}","templated":true}]}}