{"id":64762,"date":"2026-01-30T05:29:24","date_gmt":"2026-01-30T08:29:24","guid":{"rendered":"https:\/\/crajubaremacao.com.br\/?p=64762"},"modified":"2026-01-30T05:29:24","modified_gmt":"2026-01-30T08:29:24","slug":"acao-conjunta-resulta-na-prisao-de-chefe-de-grupo-criminoso-atuante-no-municipio-de-coreau","status":"publish","type":"post","link":"https:\/\/crajubaremacao.com.br\/?p=64762","title":{"rendered":"A\u00e7\u00e3o conjunta resulta na pris\u00e3o de chefe de grupo criminoso atuante no munic\u00edpio de Corea\u00fa"},"content":{"rendered":"<div>\n<p>Uma a\u00e7\u00e3o conjunta entre a Pol\u00edcia Militar do Cear\u00e1 (PMCE) e a Pol\u00edcia Civil do Estado do Cear\u00e1 (PCCE) resultou, nessa quarta-feira (28), na pris\u00e3o de um homem de 35 anos, suspeito de integrar um grupo criminoso. A captura ocorreu no munic\u00edpio de Caucaia, na \u00c1rea Integrada de Seguran\u00e7a 12 (AIS 12).<\/p>\n<p>Conforme investiga\u00e7\u00f5es coordenadas pela Delegacia de Narc\u00f3ticos (Denarc) da PCCE, o suspeito \u00e9 apontado como chefe de um grupo criminoso com atua\u00e7\u00e3o no munic\u00edpio de Corea\u00fa, pertencente \u00e0 \u00c1rea Integrada de Seguran\u00e7a 3 (AIS 3). Na manh\u00e3 dessa quarta-feira, os policiais organizaram uma for\u00e7a-tarefa para localizar e capturar o indiv\u00edduo. Equipes do Comando T\u00e1tico Motorizado (Cotam), da PMCE, conseguiram abordar o ve\u00edculo em que o suspeito estava na BR-222.<\/p>\n<p>O homem possui antecedentes criminais por cinco ocorr\u00eancias de homic\u00eddio, sendo uma tentativa, al\u00e9m de roubo, porte ilegal de arma de fogo, furto, recepta\u00e7\u00e3o e crimes de tr\u00e2nsito. Ele foi capturado e encaminhado \u00e0 Delegacia de Repress\u00e3o \u00e0s A\u00e7\u00f5es Criminosas Organizadas (Draco), unidade especializada da PCCE, onde foi autuado em flagrante por integrar organiza\u00e7\u00e3o criminosa.<\/p>\n<p>Durante a a\u00e7\u00e3o, celulares e um ve\u00edculo foram apreendidos. Outros tr\u00eas homens tamb\u00e9m foram conduzidos, mas, por aus\u00eancia de situa\u00e7\u00e3o flagrancial, foram liberados. O caso segue em investiga\u00e7\u00e3o pela Draco, unidade da PCCE.<\/p>\n<h3>Den\u00fancias<\/h3>\n<p>A popula\u00e7\u00e3o pode contribuir com as investiga\u00e7\u00f5es repassando informa\u00e7\u00f5es que auxiliem os trabalhos policiais. As informa\u00e7\u00f5es podem ser direcionadas para o n\u00famero 181, o Disque-Den\u00fancia da Secretaria da Seguran\u00e7a P\u00fablica e Defesa Social (SSPDS), ou para o (85) 3101-0181, que \u00e9 o n\u00famero de WhatsApp, pelo qual podem ser feitas den\u00fancias via mensagem, \u00e1udio, v\u00eddeo e fotografia ou ainda via \u201ce-den\u00fancia\u201d, o site do servi\u00e7o 181, por meio do endere\u00e7o eletr\u00f4nico: https:\/\/disquedenuncia181.sspds.ce.gov.br\/. O sigilo e o anonimato s\u00e3o garantidos.<\/p>\n<p>O post <a href=\"https:\/\/www.ceara.gov.br\/2026\/01\/29\/acao-conjunta-resulta-na-prisao-de-chefe-de-grupo-criminoso-atuante-no-municipio-de-coreau\/\">A\u00e7\u00e3o conjunta resulta na pris\u00e3o de chefe de grupo criminoso atuante no munic\u00edpio de Corea\u00fa<\/a> apareceu primeiro em <a href=\"https:\/\/www.ceara.gov.br\/\">Governo do Estado do Cear\u00e1<\/a>.<\/p>\n<\/div>\n","protected":false},"excerpt":{"rendered":"<p>Uma a\u00e7\u00e3o conjunta entre a Pol\u00edcia Militar do Cear\u00e1 (PMCE) e a Pol\u00edcia Civil do Estado do Cear\u00e1 (PCCE) resultou, nessa quarta-feira (28), na pris\u00e3o de um homem de 35 anos, suspeito de integrar um grupo criminoso. A captura ocorreu no munic\u00edpio de Caucaia, na \u00c1rea Integrada de Seguran\u00e7a 12 (AIS 12). Conforme investiga\u00e7\u00f5es coordenadas [&hellip;]<\/p>\n","protected":false},"author":265,"featured_media":0,"comment_status":"closed","ping_status":"closed","sticky":false,"template":"","format":"standard","meta":{"_themeisle_gutenberg_block_has_review":false,"_jetpack_memberships_contains_paid_content":false,"footnotes":""},"categories":[4],"tags":[127,130],"class_list":{"0":"post-64762","1":"post","2":"type-post","3":"status-publish","4":"format-standard","6":"category-regiao","7":"tag-cariri","8":"tag-ceara"},"jetpack_featured_media_url":"","jetpack_sharing_enabled":true,"_links":{"self":[{"href":"https:\/\/crajubaremacao.com.br\/index.php?rest_route=\/wp\/v2\/posts\/64762","targetHints":{"allow":["GET"]}}],"collection":[{"href":"https:\/\/crajubaremacao.com.br\/index.php?rest_route=\/wp\/v2\/posts"}],"about":[{"href":"https:\/\/crajubaremacao.com.br\/index.php?rest_route=\/wp\/v2\/types\/post"}],"author":[{"embeddable":true,"href":"https:\/\/crajubaremacao.com.br\/index.php?rest_route=\/wp\/v2\/users\/265"}],"replies":[{"embeddable":true,"href":"https:\/\/crajubaremacao.com.br\/index.php?rest_route=%2Fwp%2Fv2%2Fcomments&post=64762"}],"version-history":[{"count":0,"href":"https:\/\/crajubaremacao.com.br\/index.php?rest_route=\/wp\/v2\/posts\/64762\/revisions"}],"wp:attachment":[{"href":"https:\/\/crajubaremacao.com.br\/index.php?rest_route=%2Fwp%2Fv2%2Fmedia&parent=64762"}],"wp:term":[{"taxonomy":"category","embeddable":true,"href":"https:\/\/crajubaremacao.com.br\/index.php?rest_route=%2Fwp%2Fv2%2Fcategories&post=64762"},{"taxonomy":"post_tag","embeddable":true,"href":"https:\/\/crajubaremacao.com.br\/index.php?rest_route=%2Fwp%2Fv2%2Ftags&post=64762"}],"curies":[{"name":"wp","href":"https:\/\/api.w.org\/{rel}","templated":true}]}}