{"id":64763,"date":"2026-01-30T06:09:15","date_gmt":"2026-01-30T09:09:15","guid":{"rendered":"https:\/\/crajubaremacao.com.br\/?p=64763"},"modified":"2026-01-30T06:09:15","modified_gmt":"2026-01-30T09:09:15","slug":"dia-da-saudade-frases-e-mensagens-emocionantes-para-quem-esta-longe","status":"publish","type":"post","link":"https:\/\/crajubaremacao.com.br\/?p=64763","title":{"rendered":"Dia da Saudade: Frases e mensagens emocionantes para quem est\u00e1 longe"},"content":{"rendered":"<div>\n<div style=\"margin-bottom: 15px;\"><img decoding=\"async\" class=\"type:primaryImage\" src=\"https:\/\/crajubaremacao.com.br\/wp-content\/uploads\/2026\/01\/20091104_194912-300x238-1.jpg\"><\/div>\n<p><?xml encoding=\"UTF-8\"><\/p>\n<p>O Dia da Saudade \u00e9 comemorado oficialmente no Brasil em 30 de janeiro. Esta data celebra um dos sentimentos mais complexos e exclusivos da l\u00edngua portuguesa: a saudade. Definida como a mistura de amor, falta e mem\u00f3ria, a saudade se manifesta intensamente quando h\u00e1 dist\u00e2ncia f\u00edsica entre pessoas queridas.<\/p>\n<p>No contexto atual, onde muitos vivem longe de suas cidades natais ou de seus entes queridos, as palavras tornam-se a principal ponte de conex\u00e3o. Abaixo, encontra-se uma curadoria de frases e mensagens emocionantes para enviar no Dia da Saudade para quem est\u00e1 longe, organizadas por tipo de relacionamento.<\/p>\n<h2>Mensagens para familiares distantes<\/h2>\n<p>A fam\u00edlia representa a base da mem\u00f3ria afetiva. Quando pais, irm\u00e3os ou av\u00f3s est\u00e3o distantes, a saudade remete ao cotidiano e aos momentos compartilhados no lar.<\/p>\n<ul>\n<li><strong>Para os pais:<\/strong> \u201cA dist\u00e2ncia geogr\u00e1fica nunca ser\u00e1 maior que a conex\u00e3o que constru\u00edmos. Neste Dia da Saudade, meu cora\u00e7\u00e3o viaja at\u00e9 nossa casa para um abra\u00e7o que a tela do celular n\u00e3o consegue transmitir. Amo voc\u00eas.\u201d<\/li>\n<li><strong>Para irm\u00e3os:<\/strong> \u201cCrescer ao seu lado foi o melhor presente que a vida me deu. Mesmo longe, sinto sua falta nas pequenas coisas e nas grandes conquistas. Feliz Dia da Saudade, meu eterno c\u00famplice.\u201d<\/li>\n<li><strong>Para av\u00f3s:<\/strong> \u201cA saudade tem cheiro da sua comida e som da sua voz contando hist\u00f3rias. Que este dia sirva para lembrar o quanto sua presen\u00e7a \u00e9 fundamental na minha forma\u00e7\u00e3o. Estou contando os dias para o nosso reencontro.\u201d<\/li>\n<li><strong>Gen\u00e9rica para fam\u00edlia:<\/strong> \u201cFam\u00edlia \u00e9 onde a nossa hist\u00f3ria come\u00e7a e o amor nunca termina, n\u00e3o importa quantos quil\u00f4metros nos separem. Hoje a saudade apertou, mas ela \u00e9 apenas a prova de que o que temos \u00e9 valioso.\u201d<\/li>\n<\/ul>\n<h2>Frases para amigos que moram longe<\/h2>\n<p>Amizades verdadeiras resistem ao tempo e \u00e0 geografia. As mensagens para amigos focam na lealdade e na certeza de que a conex\u00e3o permanece intacta.<\/p>\n<ul>\n<li><strong>Amizade duradoura:<\/strong> \u201cDizem que a saudade \u00e9 o pre\u00e7o que se paga por viver momentos inesquec\u00edveis. Pago esse pre\u00e7o com gosto, pois ter sua amizade vale qualquer dist\u00e2ncia. Feliz dia 30 de janeiro!\u201d<\/li>\n<li><strong>Humor e afeto:<\/strong> \u201cA tecnologia ajuda, mas nada substitui as nossas conversas presenciais e as risadas sem motivo. Sinto sua falta todos os dias, mas hoje a saudade resolveu gritar. Volta logo!\u201d<\/li>\n<li><strong>Reencontro:<\/strong> \u201cA melhor parte da saudade \u00e9 a esperan\u00e7a do reencontro. Que a gente possa se ver em breve para atualizar as hist\u00f3rias e criar novas mem\u00f3rias. Voc\u00ea faz falta aqui.\u201d<\/li>\n<\/ul>\n<h2>Declara\u00e7\u00f5es para amores \u00e0 dist\u00e2ncia<\/h2>\n<p>Para casais que vivem a experi\u00eancia do relacionamento \u00e0 dist\u00e2ncia, o Dia da Saudade \u00e9 um momento de reafirma\u00e7\u00e3o do compromisso e do afeto.<\/p>\n<ul>\n<li><strong>Rom\u00e2ntica:<\/strong> \u201cA dist\u00e2ncia impede que eu te toque, mas n\u00e3o impede que eu te sinta em cada pensamento meu. Voc\u00ea \u00e9 a minha saudade favorita e o motivo da minha espera mais bonita.\u201d<\/li>\n<li><strong>Resiliente:<\/strong> \u201cEntre n\u00f3s existem quil\u00f4metros, mas entre nossos cora\u00e7\u00f5es existe uma linha inquebr\u00e1vel. A saudade d\u00f3i, mas o nosso amor cura. Feliz Dia da Saudade, meu amor.\u201d<\/li>\n<li><strong>Po\u00e9tica:<\/strong> \u201cFechar os olhos \u00e9 a maneira mais r\u00e1pida de viajar at\u00e9 voc\u00ea. Hoje, no Dia da Saudade, celebro o amor que supera fusos hor\u00e1rios e fronteiras. Te amo al\u00e9m da dist\u00e2ncia.\u201d<\/li>\n<\/ul>\n<h2>Cita\u00e7\u00f5es c\u00e9lebres sobre a saudade<\/h2>\n<ul>\n<li><strong>Guimar\u00e3es Rosa:<\/strong> \u201cSaudade \u00e9 ser, depois de ter.\u201d<\/li>\n<li><strong>Mario Quintana:<\/strong> \u201cA saudade \u00e9 o que faz as coisas pararem no tempo.\u201d<\/li>\n<li><strong>Chico Buarque:<\/strong> \u201cSaudade \u00e9 um peda\u00e7o de mim que eu deixei a\u00ed com voc\u00ea.\u201d<\/li>\n<li><strong>Miguel Falabella:<\/strong> \u201cA saudade n\u00e3o deseja ir para a frente. Ela deseja voltar.\u201d<\/li>\n<li><strong>Clarice Lispector:<\/strong> \u201cSaudade \u00e9 um pouco como fome. S\u00f3 passa quando se come a presen\u00e7a.\u201d<\/li>\n<\/ul>\n<h2>Origem e significado da data<\/h2>\n<p>O dia 30 de janeiro n\u00e3o foi escolhido ao acaso para celebrar o Dia da Saudade. Existem vers\u00f5es divergentes sobre a origem exata, mas a tradi\u00e7\u00e3o popular e a literatura consolidaram a data no calend\u00e1rio cultural brasileiro. A palavra \u201csaudade\u201d deriva do latim <em>solitas<\/em> (solid\u00e3o), mas evoluiu no portugu\u00eas para ganhar um significado muito mais amplo do que apenas estar s\u00f3; refere-se \u00e0 presen\u00e7a da aus\u00eancia.<\/p>\n<p>A celebra\u00e7\u00e3o serve como um lembrete da import\u00e2ncia de cultivar relacionamentos e manter viva a mem\u00f3ria de pessoas e \u00e9pocas que marcaram a vida. Diferente da nostalgia, que pode ser apenas uma lembran\u00e7a vaga, a saudade celebrada nesta data possui uma conota\u00e7\u00e3o ativa de afeto e desejo de proximidade.<\/p>\n<p>Manter o contato, seja por mensagens de texto, videochamadas ou cartas, \u00e9 a forma contempor\u00e2nea de honrar esse sentimento. Enviar frases e mensagens emocionantes para quem est\u00e1 longe no Dia da Saudade \u00e9 um gesto simples, mas que valida o v\u00ednculo existente e diminui a sensa\u00e7\u00e3o de vazio causada pela dist\u00e2ncia f\u00edsica.<\/p>\n<\/div>\n","protected":false},"excerpt":{"rendered":"<p>O Dia da Saudade \u00e9 comemorado oficialmente no Brasil em 30 de janeiro. Esta data celebra um dos sentimentos mais complexos e exclusivos da l\u00edngua portuguesa: a saudade. Definida como a mistura de amor, falta e mem\u00f3ria, a saudade se manifesta intensamente quando h\u00e1 dist\u00e2ncia f\u00edsica entre pessoas queridas. No contexto atual, onde muitos vivem [&hellip;]<\/p>\n","protected":false},"author":117,"featured_media":64764,"comment_status":"closed","ping_status":"closed","sticky":false,"template":"","format":"standard","meta":{"_themeisle_gutenberg_block_has_review":false,"_jetpack_memberships_contains_paid_content":false,"footnotes":""},"categories":[2],"tags":[150],"class_list":{"0":"post-64763","1":"post","2":"type-post","3":"status-publish","4":"format-standard","5":"has-post-thumbnail","7":"category-brasil","8":"tag-brasil"},"jetpack_featured_media_url":"https:\/\/crajubaremacao.com.br\/wp-content\/uploads\/2026\/01\/20091104_194912-300x238-1.jpg","jetpack_sharing_enabled":true,"_links":{"self":[{"href":"https:\/\/crajubaremacao.com.br\/index.php?rest_route=\/wp\/v2\/posts\/64763","targetHints":{"allow":["GET"]}}],"collection":[{"href":"https:\/\/crajubaremacao.com.br\/index.php?rest_route=\/wp\/v2\/posts"}],"about":[{"href":"https:\/\/crajubaremacao.com.br\/index.php?rest_route=\/wp\/v2\/types\/post"}],"author":[{"embeddable":true,"href":"https:\/\/crajubaremacao.com.br\/index.php?rest_route=\/wp\/v2\/users\/117"}],"replies":[{"embeddable":true,"href":"https:\/\/crajubaremacao.com.br\/index.php?rest_route=%2Fwp%2Fv2%2Fcomments&post=64763"}],"version-history":[{"count":0,"href":"https:\/\/crajubaremacao.com.br\/index.php?rest_route=\/wp\/v2\/posts\/64763\/revisions"}],"wp:featuredmedia":[{"embeddable":true,"href":"https:\/\/crajubaremacao.com.br\/index.php?rest_route=\/wp\/v2\/media\/64764"}],"wp:attachment":[{"href":"https:\/\/crajubaremacao.com.br\/index.php?rest_route=%2Fwp%2Fv2%2Fmedia&parent=64763"}],"wp:term":[{"taxonomy":"category","embeddable":true,"href":"https:\/\/crajubaremacao.com.br\/index.php?rest_route=%2Fwp%2Fv2%2Fcategories&post=64763"},{"taxonomy":"post_tag","embeddable":true,"href":"https:\/\/crajubaremacao.com.br\/index.php?rest_route=%2Fwp%2Fv2%2Ftags&post=64763"}],"curies":[{"name":"wp","href":"https:\/\/api.w.org\/{rel}","templated":true}]}}