{"id":64767,"date":"2026-01-30T06:09:33","date_gmt":"2026-01-30T09:09:33","guid":{"rendered":"https:\/\/crajubaremacao.com.br\/?p=64767"},"modified":"2026-01-30T06:09:33","modified_gmt":"2026-01-30T09:09:33","slug":"zelensky-diz-que-ucrania-estara-tecnicamente-pronta-para-aderir-a-uniao-europeia-em-2027","status":"publish","type":"post","link":"https:\/\/crajubaremacao.com.br\/?p=64767","title":{"rendered":"Zelensky diz que Ucr\u00e2nia &#8216;estar\u00e1 tecnicamente pronta para aderir \u00e0 Uni\u00e3o Europeia em 2027&#8217;"},"content":{"rendered":"<div><img decoding=\"async\" src=\"https:\/\/s2-g1.glbimg.com\/tdjoNoMVVDLuaELVS1gtH3wBS0A=\/i.s3.glbimg.com\/v1\/AUTH_59edd422c0c84a879bd37670ae4f538a\/internal_photos\/bs\/2026\/N\/k\/XyDHKpRpKMl20s6zJBug\/zelensky.jpg\"><br \/>     R\u00fassia ataca Ucr\u00e2nia enquanto negocia a paz<br \/>\nO presidente da Ucr\u00e2nia, Volodymyr Zelensky, afirmou, nesta sexta-feira (30), durante negocia\u00e7\u00f5es em Abu Dhabi, nos Emirados \u00c1rabes, que a Ucr\u00e2nia estar\u00e1 &#8220;tecnicamente pronta&#8221; para aderir \u00e0 Uni\u00e3o Europeia (UE) em 2027.<br \/>\n&#x2705; Siga o canal de not\u00edcias internacionais do g1 no WhatsApp<br \/>\nO presidente ucraniano afirmou que garantir uma ades\u00e3o \u201cacelerada\u201d ao bloco \u00e9 uma parte importante das garantias de seguran\u00e7a ap\u00f3s o fim da guerra com a R\u00fassia.<br \/>\n\u201cTecnicamente, estaremos prontos em 2027\u201d, disse Zelensky a rep\u00f3rteres, em declara\u00e7\u00f5es divulgadas por seu gabinete nesta sexta, acrescentando que, at\u00e9 o fim de 2026, a Ucr\u00e2nia ter\u00e1 implementado os principais passos exigidos para a ades\u00e3o.<br \/>\n\u201cEu gostaria que a Ucr\u00e2nia recebesse um cronograma claro\u201d, afirmou, acrescentando que seu governo est\u00e1 comprometido com as reformas necess\u00e1rias.<br \/>\nNa \u00faltima ter\u00e7a-feira (27), Zelensky expressou seu desejo de que o pa\u00eds se junte \u00e0 Uni\u00e3o Europeia at\u00e9 o ano que vem.<br \/>\nEm um post na rede social X, Zelensky contou que discutiu esse desejo com o chanceler da \u00c1ustria, Christian Stocker, em uma conversa telef\u00f4nica, e que espera que todos os membros do bloco europeu apoiem a ades\u00e3o do pa\u00eds:<br \/>\n&#8220;A ades\u00e3o da Ucr\u00e2nia \u00e0 Uni\u00e3o Europeia \u00e9 uma das principais garantias de seguran\u00e7a, n\u00e3o s\u00f3 para n\u00f3s, mas para toda a Europa. Afinal, a for\u00e7a coletiva da Europa s\u00f3 \u00e9 poss\u00edvel gra\u00e7as \u00e0s contribui\u00e7\u00f5es da Ucr\u00e2nia nas \u00e1reas da seguran\u00e7a, tecnologia e economia. Por isso, estamos falando de uma data concreta \u2013 2027 \u2013 e contamos com o apoio dos parceiros \u00e0 nossa posi\u00e7\u00e3o&#8221;.<br \/>\nH\u00e1 semanas, a Ucr\u00e2nia vem sofrendo com ataques \u00e0 sua infraestrutura energ\u00e9tica. Os moradores est\u00e3o tendo que enfrentar o inverno rigoroso sem aquecimento ou fazendo uso de geradores.<br \/>\nZelensky em videoconfer\u00eancias nesta ter\u00e7a (27)<br \/>\nX \/ Reprodu\u00e7\u00e3o<br \/>\n&#8220;A R\u00fassia ataca o setor energ\u00e9tico diariamente, deixando os ucranianos sem luz e aquecimento, e \u00e9 crucial que os parceiros respondam a essa situa\u00e7\u00e3o&#8221;, reclamou Zelensky.<br \/>\nAs negocia\u00e7\u00f5es pelo fim da guerra<br \/>\nZelensky afirmou que, se a R\u00fassia suspender os ataques \u00e0 infraestrutura energ\u00e9tica da Ucr\u00e2nia, a Ucr\u00e2nia n\u00e3o atacar\u00e1 a R\u00fassia. Ele tamb\u00e9m disse que a R\u00fassia interrompeu as trocas de prisioneiros de guerra.<br \/>\nOs EUA propuseram que Moscou e Kiev se abstivessem de usar capacidades de longo alcance, mas o presidente ucraniano afirmou que n\u00e3o existe nenhum acordo oficial de cessar-fogo sobre metas energ\u00e9ticas entre os pa\u00edses.<br \/>\nA suspens\u00e3o dos ataques a alvos de energia &#8220;\u00e9 uma iniciativa dos EUA e, pessoalmente, do presidente Trump. Acreditamos que isso \u00e9 uma oportunidade, n\u00e3o um acordo&#8221;, disse o presidente ucraniano.<br \/>\nA garantia de seguran\u00e7a para o pa\u00eds p\u00f3s-guerra est\u00e1 entre as principais exig\u00eancias do presidente ucraniano para chegar a um acordo de paz com a R\u00fassia que d\u00ea fim \u00e0 guerra entre os dois pa\u00edses, que em breve completa quatro anos.<br \/>\nAinda na ter\u00e7a, uma reportagem do jornal brit\u00e2nico &#8220;Financial Times&#8221; revelou que o governo Trump sinalizou \u00e0 Ucr\u00e2nia que as garantias de seguran\u00e7a que os Estados Unidos proveriam no p\u00f3s-guerra dependem de Kiev concordar com um acordo de paz que exigiria ceder \u00e0 R\u00fassia a soberania sobre a regi\u00e3o de Donbas.<br \/>\nO presidente dos EUA, Donald Trump (\u00e0 direita), e o presidente da Ucr\u00e2nia, Volodymyr Zelensky.<br \/>\nREUTERS\/Jonathan Ernst<br \/>\nAinda segundo o jornal, Washington tamb\u00e9m indicou que poderia oferecer mais armas \u00e0 Ucr\u00e2nia para fortalecer seu Ex\u00e9rcito no p\u00f3s-guerra caso Zelensky aceitasse retirar suas for\u00e7as dos territ\u00f3rios da regi\u00e3o \u2014Donetsk e Luhansk\u2014 que ainda controla.<br \/>\nO l\u00edder ucraniano tem dito diversas vezes que a integridade territorial da Ucr\u00e2nia deve ser preservada em qualquer acordo de paz para encerrar a guerra. Em contrapartida, a R\u00fassia exige que s\u00f3 vai concordar em encerrar o conflito se Zelensky aceitar ceder a soberania de todo Donbas.<br \/>\nNo domingo (25), Zelensky declarou que um documento com as garantias de seguran\u00e7a que os EUA dariam \u00e0 Ucr\u00e2nia no p\u00f3s-guerra estava \u201c100% pronto\u201d e que Kiev agora aguarda a defini\u00e7\u00e3o de data e local para a assinatura.<br \/>\nReuni\u00f5es trilaterais<br \/>\nZelensky afirmou nesta sexta (30) que a data ou o local da pr\u00f3xima rodada de negocia\u00e7\u00f5es mediadas podem mudar. A pr\u00f3xima est\u00e1 prevista para domingo (1\u00b0), em Abu Dhabi, mas Zelensky afirmou n\u00e3o saber quando o encontro aconteceria.<br \/>\n&#8220;\u00c9 muito importante para n\u00f3s que todos com quem concordamos estejam presentes na reuni\u00e3o, porque todos esperam um retorno&#8221;, disse ele. O secret\u00e1rio de Estado americano, Marco Rubio, havia dito na quarta-feira (28) que os principais enviados do presidente Donald Trump, Steve Witkoff e Jared Kushner, que participaram da rodada anterior de negocia\u00e7\u00f5es, n\u00e3o participariam da reuni\u00e3o deste fim de semana em Abu Dhabi.<br \/>\n&#8220;Mas a data ou o local podem mudar, porque, em nossa opini\u00e3o, algo est\u00e1 acontecendo na situa\u00e7\u00e3o entre os Estados Unidos e o Ir\u00e3. E esses desdobramentos provavelmente afetar\u00e3o o momento&#8221;, disse Zelensky .<br \/>\nZelensky disse que \u00e9 imposs\u00edvel para ele se encontrar com Putin em Moscou, mas que os acordos finais sobre o plano de paz s\u00f3 poder\u00e3o ser alcan\u00e7ados em uma reuni\u00e3o de l\u00edderes.<br \/>\nO ucraniano disse estar pronto para qualquer formato de c\u00fapula de l\u00edderes, mas n\u00e3o em Moscou ou na Bielor\u00fassia. &#8220;Estou convidando-o (Putin) publicamente (para Kiev) se ele se atrever, \u00e9 claro&#8221;, disse o presidente.<br \/>\nSegunda reuni\u00e3o trilateral entre EUA, Ucr\u00e2nia e R\u00fassia termina sem resolu\u00e7\u00e3o sobre guerra<br \/>\nA reportagem do &#8220;Financial Times&#8221; foi publicada dias ap\u00f3s Estados Unidos, Ucr\u00e2nia e R\u00fassia realizarem as primeiras reuni\u00f5es trilaterais para tratar o fim da guerra, ap\u00f3s um 2025 de negocia\u00e7\u00f5es ineficazes e do presidente norte-americano, Donald Trump, ter dito que encerraria o conflito em 24 horas quando fosse reeleito \u00e0 Casa Branca.<br \/>\nAs duas reuni\u00f5es trilaterais, ocorridas durante o final de semana em Abu Dhabi, terminaram sem um acordo entre as partes para finalizar o conflito.<br \/>\nZelensky chamou as conversas de &#8220;construtivas&#8221;, mesmo termo foi utilizado pelo governo dos Emirados \u00c1rabes Unidos. J\u00e1 a R\u00fassia afirmou que o encontro foi &#8220;um come\u00e7o construtivo&#8221; e que as negocia\u00e7\u00f5es pelo fim da guerra continuariam durante esta semana.<br \/>\nA porta-voz da Casa Branca, Karoline Leavitt, afirmou na segunda-feira que Trump continua engajado pela paz na guerra da Ucr\u00e2nia e chamou de &#8220;hist\u00f3ricas&#8221; as reuni\u00f5es ocorridas no \u00faltimo fim  de semana nos Emirados \u00c1rabes.<\/div>\n","protected":false},"excerpt":{"rendered":"<p>R\u00fassia ataca Ucr\u00e2nia enquanto negocia a paz O presidente da Ucr\u00e2nia, Volodymyr Zelensky, afirmou, nesta sexta-feira (30), durante negocia\u00e7\u00f5es em Abu Dhabi, nos Emirados \u00c1rabes, que a Ucr\u00e2nia estar\u00e1 &#8220;tecnicamente pronta&#8221; para aderir \u00e0 Uni\u00e3o Europeia (UE) em 2027. &#x2705; Siga o canal de not\u00edcias internacionais do g1 no WhatsApp O presidente ucraniano afirmou que [&hellip;]<\/p>\n","protected":false},"author":261,"featured_media":64768,"comment_status":"closed","ping_status":"closed","sticky":false,"template":"","format":"standard","meta":{"_themeisle_gutenberg_block_has_review":false,"_jetpack_memberships_contains_paid_content":false,"footnotes":""},"categories":[5],"tags":[155],"class_list":{"0":"post-64767","1":"post","2":"type-post","3":"status-publish","4":"format-standard","5":"has-post-thumbnail","7":"category-internacionais","8":"tag-mundo"},"jetpack_featured_media_url":"https:\/\/crajubaremacao.com.br\/wp-content\/uploads\/2026\/01\/zelensky-scaled.jpg","jetpack_sharing_enabled":true,"_links":{"self":[{"href":"https:\/\/crajubaremacao.com.br\/index.php?rest_route=\/wp\/v2\/posts\/64767","targetHints":{"allow":["GET"]}}],"collection":[{"href":"https:\/\/crajubaremacao.com.br\/index.php?rest_route=\/wp\/v2\/posts"}],"about":[{"href":"https:\/\/crajubaremacao.com.br\/index.php?rest_route=\/wp\/v2\/types\/post"}],"author":[{"embeddable":true,"href":"https:\/\/crajubaremacao.com.br\/index.php?rest_route=\/wp\/v2\/users\/261"}],"replies":[{"embeddable":true,"href":"https:\/\/crajubaremacao.com.br\/index.php?rest_route=%2Fwp%2Fv2%2Fcomments&post=64767"}],"version-history":[{"count":0,"href":"https:\/\/crajubaremacao.com.br\/index.php?rest_route=\/wp\/v2\/posts\/64767\/revisions"}],"wp:featuredmedia":[{"embeddable":true,"href":"https:\/\/crajubaremacao.com.br\/index.php?rest_route=\/wp\/v2\/media\/64768"}],"wp:attachment":[{"href":"https:\/\/crajubaremacao.com.br\/index.php?rest_route=%2Fwp%2Fv2%2Fmedia&parent=64767"}],"wp:term":[{"taxonomy":"category","embeddable":true,"href":"https:\/\/crajubaremacao.com.br\/index.php?rest_route=%2Fwp%2Fv2%2Fcategories&post=64767"},{"taxonomy":"post_tag","embeddable":true,"href":"https:\/\/crajubaremacao.com.br\/index.php?rest_route=%2Fwp%2Fv2%2Ftags&post=64767"}],"curies":[{"name":"wp","href":"https:\/\/api.w.org\/{rel}","templated":true}]}}