{"id":64856,"date":"2026-02-01T12:03:29","date_gmt":"2026-02-01T15:03:29","guid":{"rendered":"https:\/\/crajubaremacao.com.br\/?p=64856"},"modified":"2026-02-01T12:03:29","modified_gmt":"2026-02-01T15:03:29","slug":"apos-um-mes-morre-jovem-ferido-em-incendio-em-bar-na-suica-no-ano-novo-vitimas-chegam-a-41","status":"publish","type":"post","link":"https:\/\/crajubaremacao.com.br\/?p=64856","title":{"rendered":"Ap\u00f3s um m\u00eas, morre jovem ferido em inc\u00eandio em bar na Su\u00ed\u00e7a no Ano-Novo; v\u00edtimas chegam a 41"},"content":{"rendered":"<div><img decoding=\"async\" src=\"https:\/\/s2-g1.glbimg.com\/09w_Jz8fkV0yXoA29F9rH-joPis=\/i.s3.glbimg.com\/v1\/AUTH_59edd422c0c84a879bd37670ae4f538a\/internal_photos\/bs\/2026\/g\/3\/YUYBbkQyC3aUAfkilh2A\/2026-02-01t143925z-1543264225-rc2gcjak7rji-rtrmadp-3-swiss-blast-death-toll.jpg\"><br \/>     Memorial foi montado em frente ao bar Le Constellation um m\u00eas ap\u00f3s a trag\u00e9dia que atingiu festa de Ano-Novo em Crans-Montana<br \/>\nDenis Balibouse\/Reuters<br \/>\nUm jovem de 18 anos ferido no inc\u00eandio em um bar na noite de Ano-Novo na esta\u00e7\u00e3o alpina de Crans-Montana morreu no s\u00e1bado (31), informaram autoridades su\u00ed\u00e7as neste domingo (1\u00ba). O n\u00famero total de v\u00edtimas da trag\u00e9dia foi para 41, em um dos piores epis\u00f3dios da hist\u00f3ria moderna da Su\u00ed\u00e7a.<br \/>\nO su\u00ed\u00e7o estava internado em um hospital em Zurique, acrescentou em nota o Minist\u00e9rio P\u00fablico de Valais. O jovem morava perto da cidade de Lausanne, no oeste do pa\u00eds, disseram \u00e0 ag\u00eancia Reuters duas fontes pr\u00f3ximas do caso.<br \/>\nA maioria das v\u00edtimas do inc\u00eandio no bar Le Constellation era adolescente. Algumas das 116 pessoas feridas seguem hospitalizadas, com queimaduras graves.<br \/>\nTrag\u00e9dia na Su\u00ed\u00e7a lembra muito o inc\u00eandio da boate Kiss, no Rio Grande do Sul<br \/>\nNo s\u00e1bado, centenas de pessoas marcharam ao lado de pais enlutados pela cidade de Lutry, perto de Lausanne, carregando uma grande faixa com o pedido de &#8220;verdade e justi\u00e7a&#8221;.<br \/>\n\u201cHoje, estamos apenas pedindo justi\u00e7a e verdade; depois disso, vamos fazer o luto\u201d, disse Laetitia Brodard-Sitre, que tamb\u00e9m perdeu o filho Arthur, de 17 anos, no inc\u00eandio.<br \/>\nO inc\u00eandio colocou \u00e0 prova as rela\u00e7\u00f5es com a vizinha It\u00e1lia, que perdeu cidad\u00e3os na trag\u00e9dia e protestou contra a libera\u00e7\u00e3o sob fian\u00e7a do propriet\u00e1rio do bar.<br \/>\nAutoridades su\u00ed\u00e7as disseram no in\u00edcio da semana passada que concederiam ao Minist\u00e9rio P\u00fablico de Roma acesso \u00e0s provas reunidas durante a investiga\u00e7\u00e3o.<\/div>\n","protected":false},"excerpt":{"rendered":"<p>Memorial foi montado em frente ao bar Le Constellation um m\u00eas ap\u00f3s a trag\u00e9dia que atingiu festa de Ano-Novo em Crans-Montana Denis Balibouse\/Reuters Um jovem de 18 anos ferido no inc\u00eandio em um bar na noite de Ano-Novo na esta\u00e7\u00e3o alpina de Crans-Montana morreu no s\u00e1bado (31), informaram autoridades su\u00ed\u00e7as neste domingo (1\u00ba). O n\u00famero [&hellip;]<\/p>\n","protected":false},"author":261,"featured_media":0,"comment_status":"closed","ping_status":"closed","sticky":false,"template":"","format":"standard","meta":{"_themeisle_gutenberg_block_has_review":false,"_jetpack_memberships_contains_paid_content":false,"footnotes":""},"categories":[5],"tags":[155],"class_list":{"0":"post-64856","1":"post","2":"type-post","3":"status-publish","4":"format-standard","6":"category-internacionais","7":"tag-mundo"},"jetpack_featured_media_url":"","jetpack_sharing_enabled":true,"_links":{"self":[{"href":"https:\/\/crajubaremacao.com.br\/index.php?rest_route=\/wp\/v2\/posts\/64856","targetHints":{"allow":["GET"]}}],"collection":[{"href":"https:\/\/crajubaremacao.com.br\/index.php?rest_route=\/wp\/v2\/posts"}],"about":[{"href":"https:\/\/crajubaremacao.com.br\/index.php?rest_route=\/wp\/v2\/types\/post"}],"author":[{"embeddable":true,"href":"https:\/\/crajubaremacao.com.br\/index.php?rest_route=\/wp\/v2\/users\/261"}],"replies":[{"embeddable":true,"href":"https:\/\/crajubaremacao.com.br\/index.php?rest_route=%2Fwp%2Fv2%2Fcomments&post=64856"}],"version-history":[{"count":0,"href":"https:\/\/crajubaremacao.com.br\/index.php?rest_route=\/wp\/v2\/posts\/64856\/revisions"}],"wp:attachment":[{"href":"https:\/\/crajubaremacao.com.br\/index.php?rest_route=%2Fwp%2Fv2%2Fmedia&parent=64856"}],"wp:term":[{"taxonomy":"category","embeddable":true,"href":"https:\/\/crajubaremacao.com.br\/index.php?rest_route=%2Fwp%2Fv2%2Fcategories&post=64856"},{"taxonomy":"post_tag","embeddable":true,"href":"https:\/\/crajubaremacao.com.br\/index.php?rest_route=%2Fwp%2Fv2%2Ftags&post=64856"}],"curies":[{"name":"wp","href":"https:\/\/api.w.org\/{rel}","templated":true}]}}