{"id":64866,"date":"2026-02-01T18:04:06","date_gmt":"2026-02-01T21:04:06","guid":{"rendered":"https:\/\/crajubaremacao.com.br\/?p=64866"},"modified":"2026-02-01T18:04:06","modified_gmt":"2026-02-01T21:04:06","slug":"senatran-lanca-manual-da-prova-pratica-da-cnh-e-esclarece-regras-sobre-a-baliza","status":"publish","type":"post","link":"https:\/\/crajubaremacao.com.br\/?p=64866","title":{"rendered":"Senatran lan\u00e7a manual da prova pr\u00e1tica da CNH e esclarece regras sobre a baliza"},"content":{"rendered":"<div><img decoding=\"async\" src=\"https:\/\/s2-g1.glbimg.com\/0tI528KheT11keAXt8F6XT0HBY4=\/i.s3.glbimg.com\/v1\/AUTH_59edd422c0c84a879bd37670ae4f538a\/internal_photos\/bs\/2026\/V\/x\/zvqN9ARcC2AjXPxXJR9w\/captura-de-tela-2026-01-28-183126.png\"><br \/>     Contran acaba com o teste da baliza para candidatos a motorista em todo o Brasil<br \/>\nA Secretaria Nacional de Tr\u00e2nsito (Senatran) lan\u00e7ou neste domingo (1\u00ba) o Manual Brasileiro de Exames de Dire\u00e7\u00e3o Veicular, que estabelece regras nacionais para a prova pr\u00e1tica de obten\u00e7\u00e3o da CNH.<br \/>\nA Senatran afirma que o documento, chamado de Manual Brasileiro de Exames de Dire\u00e7\u00e3o Veicular (MBEDV), est\u00e1 mais alinhado \u00e0 realidade do tr\u00e2nsito brasileiro (acesse aqui).<br \/>\nO \u00f3rg\u00e3o lembra que o exame de baliza &#8220;deixou de ser uma etapa obrigat\u00f3ria da prova pr\u00e1tica&#8221; e que, de acordo com o manual, a &#8220;avalia\u00e7\u00e3o deixa de ser sobre uma manobra espec\u00edfica, feita em um espa\u00e7o \u00e0 parte e pouco representativa do dia a dia, e passa a observar o condutor em situa\u00e7\u00e3o real de tr\u00e1fego&#8221;.<br \/>\n&#8220;O que permanece [sobre a avalia\u00e7\u00e3o da baliza] \u00e9 a finaliza\u00e7\u00e3o do percurso, momento em que o candidato dever\u00e1 estacionar o ve\u00edculo&#8221;, completa.<br \/>\nBaliza deixa de ser obrigat\u00f3ria em 10 estados \u2014 e ser\u00e3o 11 em fevereiro<br \/>\n&#8220;Um trajeto em via p\u00fablica permite avaliar aten\u00e7\u00e3o, leitura do ambiente, respeito \u00e0s regras, intera\u00e7\u00e3o com outros ve\u00edculos, pedestres e ciclistas, al\u00e9m do controle emocional. O foco deixa de ser a memoriza\u00e7\u00e3o de movimentos e passa a ser o comportamento ao volante, que \u00e9 o que efetivamente impacta a seguran\u00e7a no tr\u00e2nsito&#8221;, diz.<br \/>\nQuatro estados brasileiros deixaram de exigir o teste de baliza durante a prova pr\u00e1tica para a Carteira Nacional de Habilita\u00e7\u00e3o (CNH). Nesta sexta-feira (30), o estado de Sergipe tamb\u00e9m derrubou a obrigatoriedade.<br \/>\nEm S\u00e3o Paulo, a obrigatoriedade caiu na \u00faltima segunda-feira (26). Amazonas, Esp\u00edrito Santo e Mato Grosso do Sul tamb\u00e9m adotaram a medida.<br \/>\n Detrans do Acre, Amap\u00e1, Bahia, Cear\u00e1, Maranh\u00e3o, Minas Gerais, Para\u00edba, Pernambuco, Rio de Janeiro, Rio Grande do Norte, Rond\u00f4nia, Roraima, Rio Grande do Sul e Santa Catarina informaram ao g1 que aguardavam a publica\u00e7\u00e3o do manual antes de realizar qualquer ajuste.<br \/>\nO tema parece novidade, mas j\u00e1 s\u00e3o 10 estados brasileiros que n\u00e3o exigem a baliza na prova pr\u00e1tica. O Distrito Federal, por exemplo, deixou de aplicar o teste em 2004. J\u00e1 no estado de Mato Grosso a baliza deixou de ser obrigat\u00f3ria em janeiro, mas a mudan\u00e7a ocorre de forma gradual at\u00e9 10 de fevereiro.<br \/>\nO g1 procurou os 27 Detrans do pa\u00eds para consultar sobre a exig\u00eancia da baliza na obten\u00e7\u00e3o da carteira de motorista.<br \/>\nVeja a lista de estados em que a baliza n\u00e3o faz mais parte da prova pr\u00e1tica:<\/p>\n<p>S\u00e3o Paulo permite carros autom\u00e1ticos<br \/>\nProva pr\u00e1tica em S\u00e3o Paulo<br \/>\ndivulga\u00e7\u00e3o\/Detran-SP<br \/>\nOutra mudan\u00e7a promovida pelo Detran de S\u00e3o Paulo foi a permiss\u00e3o para que candidatos utilizem ve\u00edculos autom\u00e1ticos durante a prova pr\u00e1tica. Antes, isso s\u00f3 era permitido a candidatos que precisavam de algum tipo de adapta\u00e7\u00e3o no ve\u00edculo.<br \/>\nPara o Detran, a medida \u201creconhece a crescente presen\u00e7a desse tipo de ve\u00edculo na frota brasileira e amplia as possibilidades para os candidatos, respeitando os crit\u00e9rios t\u00e9cnicos j\u00e1 adotados nos exames\u201d.<br \/>\nSegundo o Instituto Nacional de Metrologia, Qualidade e Tecnologia (Inmetro), o Programa Brasileiro de Etiquetagem Veicular (PBEV) aponta que apenas 121 dos 769 modelos e vers\u00f5es de carros vendidos no Brasil t\u00eam c\u00e2mbio manual.<br \/>\nEsse total representa 15,7% de todos os ve\u00edculos, importados ou fabricados no pa\u00eds, comercializados no Brasil.<br \/>\nMudan\u00e7a divide especialistas<br \/>\nAo g1, a especialista em direito de tr\u00e2nsito Laura Diniz avalia que o fim da baliza no exame pr\u00e1tico de dire\u00e7\u00e3o n\u00e3o \u00e9 positivo.<br \/>\n\u201cEstacionar corretamente \u00e9 uma situa\u00e7\u00e3o cotidiana para qualquer motorista e, muitas vezes, um fator determinante para a fluidez e a seguran\u00e7a do tr\u00e1fego. Ao retirar essa etapa do exame, corre-se o risco de habilitar condutores que ainda n\u00e3o possuem dom\u00ednio suficiente do ve\u00edculo&#8221;, aponta a especialista.<br \/>\nPara Laura, \u201cmelhoras no processo de habilita\u00e7\u00e3o s\u00e3o favor\u00e1veis, mas a retirada de etapas essenciais sem que haja uma compensa\u00e7\u00e3o efetiva na forma\u00e7\u00e3o pr\u00e1tica do condutor pode ser prejudicial a longo prazo&#8221;.<br \/>\nJ\u00e1 a psic\u00f3loga especialista em tr\u00e2nsito Cec\u00edlia Bellina n\u00e3o acredita que a retirada da baliza seja, de fato, negativa.<br \/>\n\u201cEu n\u00e3o sou nem contra nem a favor da retirada da baliza. Sou contra mais uma mudan\u00e7a radical sem esperar o resultado da primeira, ocorrida h\u00e1 menos de dois meses&#8221;, diz Bellina.<br \/>\nA preocupa\u00e7\u00e3o dela est\u00e1 voltada para outras mudan\u00e7as no processo de obten\u00e7\u00e3o da CNH, como a redu\u00e7\u00e3o das aulas pr\u00e1ticas e o fim da obrigatoriedade da autoescola.<\/p><\/div>\n","protected":false},"excerpt":{"rendered":"<p>Contran acaba com o teste da baliza para candidatos a motorista em todo o Brasil A Secretaria Nacional de Tr\u00e2nsito (Senatran) lan\u00e7ou neste domingo (1\u00ba) o Manual Brasileiro de Exames de Dire\u00e7\u00e3o Veicular, que estabelece regras nacionais para a prova pr\u00e1tica de obten\u00e7\u00e3o da CNH. A Senatran afirma que o documento, chamado de Manual Brasileiro [&hellip;]<\/p>\n","protected":false},"author":261,"featured_media":64867,"comment_status":"closed","ping_status":"closed","sticky":false,"template":"","format":"standard","meta":{"_themeisle_gutenberg_block_has_review":false,"_jetpack_memberships_contains_paid_content":false,"footnotes":""},"categories":[6],"tags":[158,159],"class_list":{"0":"post-64866","1":"post","2":"type-post","3":"status-publish","4":"format-standard","5":"has-post-thumbnail","7":"category-carros","8":"tag-carros","9":"tag-motos"},"jetpack_featured_media_url":"https:\/\/crajubaremacao.com.br\/wp-content\/uploads\/2026\/02\/captura-de-tela-2026-01-28-183126-1.png","jetpack_sharing_enabled":true,"_links":{"self":[{"href":"https:\/\/crajubaremacao.com.br\/index.php?rest_route=\/wp\/v2\/posts\/64866","targetHints":{"allow":["GET"]}}],"collection":[{"href":"https:\/\/crajubaremacao.com.br\/index.php?rest_route=\/wp\/v2\/posts"}],"about":[{"href":"https:\/\/crajubaremacao.com.br\/index.php?rest_route=\/wp\/v2\/types\/post"}],"author":[{"embeddable":true,"href":"https:\/\/crajubaremacao.com.br\/index.php?rest_route=\/wp\/v2\/users\/261"}],"replies":[{"embeddable":true,"href":"https:\/\/crajubaremacao.com.br\/index.php?rest_route=%2Fwp%2Fv2%2Fcomments&post=64866"}],"version-history":[{"count":0,"href":"https:\/\/crajubaremacao.com.br\/index.php?rest_route=\/wp\/v2\/posts\/64866\/revisions"}],"wp:featuredmedia":[{"embeddable":true,"href":"https:\/\/crajubaremacao.com.br\/index.php?rest_route=\/wp\/v2\/media\/64867"}],"wp:attachment":[{"href":"https:\/\/crajubaremacao.com.br\/index.php?rest_route=%2Fwp%2Fv2%2Fmedia&parent=64866"}],"wp:term":[{"taxonomy":"category","embeddable":true,"href":"https:\/\/crajubaremacao.com.br\/index.php?rest_route=%2Fwp%2Fv2%2Fcategories&post=64866"},{"taxonomy":"post_tag","embeddable":true,"href":"https:\/\/crajubaremacao.com.br\/index.php?rest_route=%2Fwp%2Fv2%2Ftags&post=64866"}],"curies":[{"name":"wp","href":"https:\/\/api.w.org\/{rel}","templated":true}]}}