{"id":64870,"date":"2026-02-02T00:13:15","date_gmt":"2026-02-02T03:13:15","guid":{"rendered":"https:\/\/crajubaremacao.com.br\/?p=64870"},"modified":"2026-02-02T00:13:15","modified_gmt":"2026-02-02T03:13:15","slug":"palmeiras-joga-sem-vontade-e-perde-para-o-botafogo-sp-mesmo-com-um-a-mais","status":"publish","type":"post","link":"https:\/\/crajubaremacao.com.br\/?p=64870","title":{"rendered":"Palmeiras joga sem vontade e perde para o Botafogo-SP mesmo com um a mais"},"content":{"rendered":"<div>\n<div style=\"margin-bottom: 15px;\"><img decoding=\"async\" class=\"type:primaryImage\" src=\"https:\/\/jpimg.com.br\/uploads\/2026\/02\/cdg20260201024-750x500.jpg\"><\/div>\n<p><?xml encoding=\"UTF-8\"><\/p>\n<p>O <strong>Palmeiras tinha uma boa chance de se classificar<\/strong> para as quartas de final do Paulist\u00e3o neste domingo (1\u00ba) em caso de vit\u00f3ria sobre o Botafogo-SP, mas nem de longe se mostrou interessado nisso.<\/p>\n<p>O <strong>time de Abel Ferreira foi pregui\u00e7oso,<\/strong> pouco criou e, mesmo com um a mais, perdeu para o advers\u00e1rio de Ribeiro Preto por 1 a 0. N\u00e3o foi um jogo bonito tecnicamente, para nenhum dos lados, mas <strong>foi o Botafogo quem mais mostrou disposi\u00e7\u00e3o<\/strong> em abrir o placar.<\/p>\n<p>Os lances que mais chamaram aten\u00e7\u00e3o envolveram a \u00e1rbitra Marianna Nanni Batalha, que teve de trabalhar para manter o controle da partida. Foram 5 cart\u00f5es amarelos aplicados ainda no primeiro tempo.<\/p>\n<p>O<strong> VAR tamb\u00e9m deu as caras cedo<\/strong>. A bola ficou sem rolar por um bom tempo para verificar um poss\u00edvel p\u00eanalti de Giay em Hygor aos 19 minutos. Ap\u00f3s consultar as imagens, a ju\u00edza optou por n\u00e3o marcar a infra\u00e7\u00e3o. A enrola\u00e7\u00e3o rendeu 7 minutos de acr\u00e9scimos.<\/p>\n<p>Recheado de garotos, o time de Abel Ferreira praticamente n\u00e3o criou e foi completamente dominado pelo clube do interior. Os passes esticados de Bruno Fuchs renderam as poucas e pobres oportunidades do Palmeiras, que sofreu com um <strong>meio de campo sem brilho, nem criatividade<\/strong>.<\/p>\n<p>A \u00fanica boa chance palmeirense veio com Luighi nos primeiros minutos. Tirando isso, Marcelo Lomba teve de mostrar trabalho para n\u00e3o sofrer gols.<\/p>\n<p>Na volta dos vesti\u00e1rios, foi premiada a equipe que mais mostrou vontade de vencer o primeiro tempo. O Botafogo-SP voltou com a mesma postura e, ap\u00f3s lance de bola parada na intermedi\u00e1ria, Leandro Maciel acertou um chute rasteiro de longe e abriu o marcador aos 4 minutos. Ap\u00e1tico, o Palmeiras voltou o mesmo. Na forma\u00e7\u00e3o e na disposi\u00e7\u00e3o.<\/p>\n<p>Passados 15 minutos, Abel Ferreira tentou trazer a \u2018cavalaria\u2019 a campo na esperan\u00e7a de correr atr\u00e1s do resultado negativo. E num primeiro momento at\u00e9 deu sinais de funcionar.<\/p>\n<p>Vitor Roque chegou a marcar de carrinho ap\u00f3s passe de Giay na pequena \u00e1rea, mas o lateral estava impedido ao receber lan\u00e7amento de Fuchs. A bandeira subiu imediatamente.<\/p>\n<p>Mesmo com um jogador a mais por um bom tempo, o Palmeiras continuou com repert\u00f3rio pobre. A falta de vontade tomou conta dos comandados de Abel Ferreira, fossem eles iniciantes ou dos que entraram depois, como Marlon Freitas e Andreas Pereira. Allan at\u00e9 teve um bom momento aos 44, mas a bola passou \u00e0 direita do goleiro Victor Souza.<\/p>\n<p>Com o resultado, o Botafogo-SP encerrou um jejum que durava 12 anos, desde a \u00faltima vez que derrotou o Palmeiras. No caso, foi em 2014, tamb\u00e9m em Ribeir\u00e3o. De l\u00e1 para c\u00e1, foram 11 encontros, com 9 vit\u00f3rias do time alviverde e dois empates.<\/p>\n<p>Para o Palmeiras, resta tentar juntar os cacos e recuperar a anima\u00e7\u00e3o para enfrentar o Vit\u00f3ria, na quarta-feira (4) pelo Brasileir\u00e3o. No Paulist\u00e3o, vai visitar o Corinthians em Itaquera no pr\u00f3ximo domingo (8).<\/p>\n<h2>Ficha T\u00e9cnica<\/h2>\n<h6>BOTAFOGO-SP 1 x 0 PALMEIRAS<\/h6>\n<h6>BOTAFOGO-SP \u2013 Victor Souza; Gabriel Inoc\u00eancio, Ericson, Vilar e Patrick Brey; Leandro Maciel, Matheus Sales (Morelli) e Rafael Gava (M\u00e1rcio Maranh\u00e3o); Jefferson Nem (Jonathan), Hygor (Guilherme Queir\u00f3z) e Kelvin (Carlos Eduardo). T\u00e9cnico: Cl\u00e1udio Tencati.<\/h6>\n<h6>PALMEIRAS \u2013 Marcelo Lomba; Giay, Benedetti (Andreas Pereira), Bruno Fuchs e Jeft\u00e9; Emiliano Mart\u00ednez, Larson (Marlon Freitas) e Riquelme Fillipi (Allan); Luighi (Ram\u00f3n Sosa), Bel\u00e9 (Flaco L\u00f3pez) e Vitor Roque. T\u00e9cnico: Abel Ferreira.<\/h6>\n<h6>GOLS \u2013 Leandro Maciel aos 4 minutos do segundo tempo.<\/h6>\n<h6>CART\u00d5ES AMARELOS \u2013 Matheus Sales, Hygor, Leandro Maciel, Gabriel Inoc\u00eancio, Vilar, Victor Souza (Botafogo-SP); Larson, Ram\u00f3n Sosa (Palmeiras).<\/h6>\n<h6>CART\u00c3O VERMELHO \u2013 Vilar (Botafogo-SP).<\/h6>\n<h6>JU\u00cdZA \u2013 Marianna Nanni Batalha.<\/h6>\n<h6>P\u00daBLICO E RENDA \u2013 N\u00e3o divulgados.<\/h6>\n<h6>LOCAL \u2013 Est\u00e1dio Santa Cruz\/Arena NicNet, em Ribeir\u00e3o Preto.<\/h6>\n<p><em>*Com informa\u00e7\u00f5es do Estad\u00e3o Conte\u00fado<\/em><\/p>\n<div class=\"list-related-posts\">\n<h3>Leia tamb\u00e9m<\/h3>\n<div class=\"related-posts-container\">\n<div class=\"related-post-item-container\">\n<div class=\"related-post\">\n<div class=\"img-related-box\">\n                                            <strong><a href=\"https:\/\/jovempan.com.br\/esportes\/futebol\/corinthians\/moraes-e-outros-ministros-acompanham-titulo-do-corinthians-na-supercopa.html\" title=\"Moraes e outros ministros acompanham t\u00edtulo do Corinthians na Supercopa\"><img decoding=\"async\" src=\"https:\/\/jpimg.com.br\/uploads\/2026\/02\/age20260201027.jpg\"><\/a><\/strong>\n                                        <\/div>\n<p>                                        <span class=\"box-the-title\"><br \/>\n                                            <strong><a href=\"https:\/\/jovempan.com.br\/esportes\/futebol\/corinthians\/moraes-e-outros-ministros-acompanham-titulo-do-corinthians-na-supercopa.html\" title=\"Moraes e outros ministros acompanham t\u00edtulo do Corinthians na Supercopa\">Moraes e outros ministros acompanham t\u00edtulo do Corinthians na Supercopa<\/a><\/strong><br \/>\n                                        <\/span>\n                                    <\/div>\n<div class=\"related-post\">\n<div class=\"img-related-box\">\n                                            <strong><a href=\"https:\/\/jovempan.com.br\/esportes\/futebol\/corinthians\/memphis-recebera-r-47-mi-do-corinthians-com-vitoria-na-supercopa.html\" title=\"Memphis receber\u00e1 R$ 4,7 mi do Corinthians por vit\u00f3ria na Supercopa\"><img decoding=\"async\" src=\"https:\/\/jpimg.com.br\/uploads\/2026\/02\/agf20260201268.jpg\"><\/a><\/strong>\n                                        <\/div>\n<p>                                        <span class=\"box-the-title\"><br \/>\n                                            <strong><a href=\"https:\/\/jovempan.com.br\/esportes\/futebol\/corinthians\/memphis-recebera-r-47-mi-do-corinthians-com-vitoria-na-supercopa.html\" title=\"Memphis receber\u00e1 R$ 4,7 mi do Corinthians por vit\u00f3ria na Supercopa\">Memphis receber\u00e1 R$ 4,7 mi do Corinthians por vit\u00f3ria na Supercopa<\/a><\/strong><br \/>\n                                        <\/span>\n                                    <\/div>\n<div class=\"related-post\">\n<div class=\"img-related-box\">\n                                            <strong><a href=\"https:\/\/jovempan.com.br\/esportes\/futebol\/corinthians\/corinthians-fatura-r-115-milhoes-com-titulo-da-supercopa.html\" title=\"Corinthians fatura R$ 11,5 milh\u00f5es com t\u00edtulo da Supercopa\"><img decoding=\"async\" src=\"https:\/\/jpimg.com.br\/uploads\/2026\/02\/des20260201014.jpg\"><\/a><\/strong>\n                                        <\/div>\n<p>                                        <span class=\"box-the-title\"><br \/>\n                                            <strong><a href=\"https:\/\/jovempan.com.br\/esportes\/futebol\/corinthians\/corinthians-fatura-r-115-milhoes-com-titulo-da-supercopa.html\" title=\"Corinthians fatura R$ 11,5 milh\u00f5es com t\u00edtulo da Supercopa\">Corinthians fatura R$ 11,5 milh\u00f5es com t\u00edtulo da Supercopa<\/a><\/strong><br \/>\n                                        <\/span>\n                                    <\/div>\n<\/p><\/div>\n<\/p><\/div>\n<\/p><\/div>\n<\/div>\n","protected":false},"excerpt":{"rendered":"<p>O Palmeiras tinha uma boa chance de se classificar para as quartas de final do Paulist\u00e3o neste domingo (1\u00ba) em caso de vit\u00f3ria sobre o Botafogo-SP, mas nem de longe se mostrou interessado nisso. O time de Abel Ferreira foi pregui\u00e7oso, pouco criou e, mesmo com um a mais, perdeu para o advers\u00e1rio de Ribeiro [&hellip;]<\/p>\n","protected":false},"author":260,"featured_media":64871,"comment_status":"closed","ping_status":"closed","sticky":false,"template":"","format":"standard","meta":{"_themeisle_gutenberg_block_has_review":false,"_jetpack_memberships_contains_paid_content":false,"footnotes":""},"categories":[12],"tags":[153],"class_list":{"0":"post-64870","1":"post","2":"type-post","3":"status-publish","4":"format-standard","5":"has-post-thumbnail","7":"category-esportes","8":"tag-esportes"},"jetpack_featured_media_url":"https:\/\/crajubaremacao.com.br\/wp-content\/uploads\/2026\/02\/cdg20260201024-750x500-1.jpg","jetpack_sharing_enabled":true,"_links":{"self":[{"href":"https:\/\/crajubaremacao.com.br\/index.php?rest_route=\/wp\/v2\/posts\/64870","targetHints":{"allow":["GET"]}}],"collection":[{"href":"https:\/\/crajubaremacao.com.br\/index.php?rest_route=\/wp\/v2\/posts"}],"about":[{"href":"https:\/\/crajubaremacao.com.br\/index.php?rest_route=\/wp\/v2\/types\/post"}],"author":[{"embeddable":true,"href":"https:\/\/crajubaremacao.com.br\/index.php?rest_route=\/wp\/v2\/users\/260"}],"replies":[{"embeddable":true,"href":"https:\/\/crajubaremacao.com.br\/index.php?rest_route=%2Fwp%2Fv2%2Fcomments&post=64870"}],"version-history":[{"count":0,"href":"https:\/\/crajubaremacao.com.br\/index.php?rest_route=\/wp\/v2\/posts\/64870\/revisions"}],"wp:featuredmedia":[{"embeddable":true,"href":"https:\/\/crajubaremacao.com.br\/index.php?rest_route=\/wp\/v2\/media\/64871"}],"wp:attachment":[{"href":"https:\/\/crajubaremacao.com.br\/index.php?rest_route=%2Fwp%2Fv2%2Fmedia&parent=64870"}],"wp:term":[{"taxonomy":"category","embeddable":true,"href":"https:\/\/crajubaremacao.com.br\/index.php?rest_route=%2Fwp%2Fv2%2Fcategories&post=64870"},{"taxonomy":"post_tag","embeddable":true,"href":"https:\/\/crajubaremacao.com.br\/index.php?rest_route=%2Fwp%2Fv2%2Ftags&post=64870"}],"curies":[{"name":"wp","href":"https:\/\/api.w.org\/{rel}","templated":true}]}}