{"id":64901,"date":"2026-02-02T18:06:43","date_gmt":"2026-02-02T21:06:43","guid":{"rendered":"https:\/\/crajubaremacao.com.br\/?p=64901"},"modified":"2026-02-02T18:06:43","modified_gmt":"2026-02-02T21:06:43","slug":"motta-diz-que-pec-da-seguranca-publica-sera-tema-na-casa-apos-o-carnaval","status":"publish","type":"post","link":"https:\/\/crajubaremacao.com.br\/?p=64901","title":{"rendered":"Motta diz que PEC da seguran\u00e7a p\u00fablica ser\u00e1 tema na Casa ap\u00f3s o Carnaval"},"content":{"rendered":"<div>\n<div style=\"margin-bottom: 15px;\"><img decoding=\"async\" class=\"type:primaryImage\" src=\"https:\/\/jpimg.com.br\/uploads\/2025\/10\/fta20250929252-750x500.jpg\"><\/div>\n<p><?xml encoding=\"UTF-8\"><\/p>\n<p>O <strong>Congresso Nacional abriu<\/strong> nesta segunda-feira (2), <strong>os trabalhos do Ano Legislativo<\/strong>. O presidente do Senado, Davi Alcolumbre (Uni\u00e3o-AP) foi o primeiro a falar. Alcolumbre come\u00e7ou destacando o significado hist\u00f3rico da sess\u00e3o de abertura desse ano, j\u00e1 que faz 200 anos da abertura do Congresso.<\/p>\n<p><strong>Hugo Motta<\/strong>, presidente da C\u00e2mara dos Deputados, falou depois da mensagem do presidente e do STF. Chamou as aprova\u00e7\u00f5es da reforma tributaria, a do Imposto de Renda e medidas de prote\u00e7\u00e3o de crian\u00e7as na internet, o ECA Digital, como conquistas do Congresso.<\/p>\n<p><strong>Motta disse que a PEC da Seguran\u00e7a P\u00fablica deve ser tema depois do carnaval<\/strong>. \u201cEsta Casa tem um compromisso com essa PEC\u201d, afirmou.<\/p>\n<p>Tamb\u00e9m prometeu agilidade na an\u00e1lise do <a href=\"https:\/\/jovempan.com.br\/noticias\/mundo\/mercosul-e-uniao-europeia-firmam-acordo-de-livre-comercio-apos-26-anos-de-negociacoes.html\"><strong>acordo Mercosul-Uni\u00e3o Europeia<\/strong><\/a>, e a <a href=\"https:\/\/jovempan.com.br\/noticias\/brasil\/comissao-do-senado-aprova-fim-da-escala-6x1.html\"><strong>PEC da escala 6\u00d71<\/strong><\/a>. Motta disse que a C\u00e2mara ir\u00e1 se debru\u00e7ar nas discuss\u00f5es em rela\u00e7\u00f5es entre trabalhadores de aplicativo e plataformas digitas.<a href=\"https:\/\/jovempan.com.br\/noticias\/politica\/camara-deve-votar-medida-provisoria-do-programa-gas-do-povo-nesta-segunda.html\"><strong> Refor\u00e7ou tamb\u00e9m que a MP G\u00e1s do Povo deve ser votada nesta segunda.<\/strong><\/a><\/p>\n<h2>Mensagem do presidente<\/h2>\n<p>O Ministro da Casa Civil Rui Costa entregou a mensagem do presidente Lula ao Congresso. Lida pelo deputado do PT, Carlos Veras, o texto disse que 2025 foi um ano que come\u00e7ou com ceticismo, mas que ao fim o \u201cBrasil estava mais forte do que nunca.\u201d<\/p>\n<p>Seguiu fazendo um balan\u00e7o do governo no ano passado, com destaques para as opera\u00e7\u00f5es contra o crime organizado, tarifa\u00e7o e queda no pre\u00e7o do d\u00f3lar.<\/p>\n<p>\u201cNosso pr\u00f3ximo desafio \u00e9 o fim da escala 6\u00d71\u201d, continuou falando sobre o ano de 2026. Tamb\u00e9m colocou como meta a regulamenta\u00e7\u00e3o dos trabalhadores por aplicativo. Afirmou que espera que o parlamento ajude em formular leis para combater o feminic\u00eddio e crimes contra a mulher.<\/p>\n<h2>Fachin<\/h2>\n<p><strong>Edson Fachin<\/strong>, presidente do Supremo Tribunal Federal (STF) passou a falar em seguida. Defendeu que as institui\u00e7\u00f5es devem ser est\u00e1veis, \u00e9ticas, previs\u00edveis, para que a democracia.<\/p>\n<p>\u201cOs Poderes da Rep\u00fablica, em di\u00e1logo harm\u00f4nico, dentro da independ\u00eancia respectiva, t\u00eam muito a contribuir para um pa\u00eds mais justo, livre e solid\u00e1rio\u201d, disse.<\/p>\n<p><strong>Afirmou que casos de feminic\u00eddio ter\u00e3o aten\u00e7\u00e3o especial no tribunal<\/strong>, e que apoiar mutir\u00f5es estados para julgamento de quest\u00f5es raciais.<\/p>\n<p>Mais cedo, no STF, o ministro anunciou que a <a href=\"https:\/\/jovempan.com.br\/noticias\/politica\/em-discurso-no-stf-fachin-volta-a-defender-autocorrecao-dos-ministros.html\"><strong>Ministra C\u00e1rmen L\u00facia serpa relatora do projeto do C\u00f3digo de \u00c9tica da Corte<\/strong><\/a>. A proposta vem em momento a cr\u00edticas ao ministro Dias Toffoli em rela\u00e7\u00e3o ao caso do Banco Master, em que ele \u00e9 relator.<\/p>\n<h2>Alcolumbre<\/h2>\n<p><strong>Acolumbre<\/strong> finalizou a cerim\u00f4nia afirmando que o papel do Congresso n\u00e3o \u00e9 aumentar conflitos, mas ajudar a resolv\u00ea-los.<\/p>\n<p><strong>Falou que o Congresso Nacional exercer\u00e1 suas atribui\u00e7\u00f5es com independ\u00eancia<\/strong>, buscando o di\u00e1logo com o Executivo e Judici\u00e1rio. \u201cCada Poder tem sua fun\u00e7\u00e3o. Cada Poder tem seu papel. \u00c9 do respeito m\u00fatuo entre eles que nasce a estabilidade de que o Brasil precisa\u201d, disse.<\/p>\n<p>Tamb\u00e9m disse que as discord\u00e2ncias s\u00e3o normais no processo democr\u00e1tico, e que as quest\u00f5es n\u00e3o podem ser resolvidas com viol\u00eancia.<\/p>\n<p>\u201cQuando o Brasil tensiona, \u00e9 aqui que ele se recomp\u00f5e. Seguiremos sendo espa\u00e7o leg\u00edtimo de media\u00e7\u00e3o pol\u00edtica, onde as diferen\u00e7as convivem com respeito e responsabilidade\u201d, terminou.<\/p>\n<h2>Veja a cerim\u00f4nia na \u00edntegra<\/h2>\n<div class=\"video-container\">\n<div class=\"youtube-video\" id=\"S12x7QGZAqo\"><\/div>\n<\/div>\n<div class=\"list-related-posts\">\n<h3>Leia tamb\u00e9m<\/h3>\n<div class=\"related-posts-container\">\n<div class=\"related-post-item-container\">\n<div class=\"related-post\">\n<div class=\"img-related-box\">\n                                            <strong><a href=\"https:\/\/jovempan.com.br\/noticias\/politica\/lula-anuncia-apoio-do-brasil-a-michelle-bachelet-para-secretaria-geral-da-onu.html\" title=\"Lula anuncia apoio do Brasil a Michelle Bachelet para secret\u00e1ria-geral da ONU\"><img decoding=\"async\" src=\"https:\/\/jpimg.com.br\/uploads\/2022\/06\/michelle-bachelet-falando-do-brasil.jpg\"><\/a><\/strong>\n                                        <\/div>\n<p>                                        <span class=\"box-the-title\"><br \/>\n                                            <strong><a href=\"https:\/\/jovempan.com.br\/noticias\/politica\/lula-anuncia-apoio-do-brasil-a-michelle-bachelet-para-secretaria-geral-da-onu.html\" title=\"Lula anuncia apoio do Brasil a Michelle Bachelet para secret\u00e1ria-geral da ONU\">Lula anuncia apoio do Brasil a Michelle Bachelet para secret\u00e1ria-geral da ONU<\/a><\/strong><br \/>\n                                        <\/span>\n                                    <\/div>\n<div class=\"related-post\">\n<div class=\"img-related-box\">\n                                            <strong><a href=\"https:\/\/jovempan.com.br\/noticias\/politica\/apesar-de-mal-entendidos-confianca-no-stf-devera-ser-recompensada-afirma-gonet.html\" title=\"Apesar de mal-entendidos, confian\u00e7a no STF dever\u00e1 ser recompensada, afirma Gonet\"><img decoding=\"async\" src=\"https:\/\/jpimg.com.br\/uploads\/2025\/11\/design-sem-nome-5-4.png\"><\/a><\/strong>\n                                        <\/div>\n<p>                                        <span class=\"box-the-title\"><br \/>\n                                            <strong><a href=\"https:\/\/jovempan.com.br\/noticias\/politica\/apesar-de-mal-entendidos-confianca-no-stf-devera-ser-recompensada-afirma-gonet.html\" title=\"Apesar de mal-entendidos, confian\u00e7a no STF dever\u00e1 ser recompensada, afirma Gonet\">Apesar de mal-entendidos, confian\u00e7a no STF dever\u00e1 ser recompensada, afirma Gonet<\/a><\/strong><br \/>\n                                        <\/span>\n                                    <\/div>\n<div class=\"related-post\">\n<div class=\"img-related-box\">\n                                            <strong><a href=\"https:\/\/jovempan.com.br\/noticias\/politica\/presidente-do-novo-diz-que-zema-vai-ao-2o-turno-e-espera-apoio-da-direita.html\" title=\"Presidente do Novo diz que Zema vai ao 2\u00ba turno e espera apoio da direita\"><img decoding=\"async\" src=\"https:\/\/jpimg.com.br\/uploads\/2023\/03\/fup20230127094-e1753146215843.jpg\"><\/a><\/strong>\n                                        <\/div>\n<p>                                        <span class=\"box-the-title\"><br \/>\n                                            <strong><a href=\"https:\/\/jovempan.com.br\/noticias\/politica\/presidente-do-novo-diz-que-zema-vai-ao-2o-turno-e-espera-apoio-da-direita.html\" title=\"Presidente do Novo diz que Zema vai ao 2\u00ba turno e espera apoio da direita\">Presidente do Novo diz que Zema vai ao 2\u00ba turno e espera apoio da direita<\/a><\/strong><br \/>\n                                        <\/span>\n                                    <\/div>\n<\/p><\/div>\n<\/p><\/div>\n<\/p><\/div>\n<p>\u00a0<\/p>\n<\/div>\n","protected":false},"excerpt":{"rendered":"<p>O Congresso Nacional abriu nesta segunda-feira (2), os trabalhos do Ano Legislativo. O presidente do Senado, Davi Alcolumbre (Uni\u00e3o-AP) foi o primeiro a falar. Alcolumbre come\u00e7ou destacando o significado hist\u00f3rico da sess\u00e3o de abertura desse ano, j\u00e1 que faz 200 anos da abertura do Congresso. Hugo Motta, presidente da C\u00e2mara dos Deputados, falou depois da [&hellip;]<\/p>\n","protected":false},"author":117,"featured_media":64902,"comment_status":"closed","ping_status":"closed","sticky":false,"template":"","format":"standard","meta":{"_themeisle_gutenberg_block_has_review":false,"_jetpack_memberships_contains_paid_content":false,"footnotes":""},"categories":[9],"tags":[129],"class_list":{"0":"post-64901","1":"post","2":"type-post","3":"status-publish","4":"format-standard","5":"has-post-thumbnail","7":"category-politica","8":"tag-politica"},"jetpack_featured_media_url":"https:\/\/crajubaremacao.com.br\/wp-content\/uploads\/2026\/02\/fta20250929252-750x500-1.jpg","jetpack_sharing_enabled":true,"_links":{"self":[{"href":"https:\/\/crajubaremacao.com.br\/index.php?rest_route=\/wp\/v2\/posts\/64901","targetHints":{"allow":["GET"]}}],"collection":[{"href":"https:\/\/crajubaremacao.com.br\/index.php?rest_route=\/wp\/v2\/posts"}],"about":[{"href":"https:\/\/crajubaremacao.com.br\/index.php?rest_route=\/wp\/v2\/types\/post"}],"author":[{"embeddable":true,"href":"https:\/\/crajubaremacao.com.br\/index.php?rest_route=\/wp\/v2\/users\/117"}],"replies":[{"embeddable":true,"href":"https:\/\/crajubaremacao.com.br\/index.php?rest_route=%2Fwp%2Fv2%2Fcomments&post=64901"}],"version-history":[{"count":0,"href":"https:\/\/crajubaremacao.com.br\/index.php?rest_route=\/wp\/v2\/posts\/64901\/revisions"}],"wp:featuredmedia":[{"embeddable":true,"href":"https:\/\/crajubaremacao.com.br\/index.php?rest_route=\/wp\/v2\/media\/64902"}],"wp:attachment":[{"href":"https:\/\/crajubaremacao.com.br\/index.php?rest_route=%2Fwp%2Fv2%2Fmedia&parent=64901"}],"wp:term":[{"taxonomy":"category","embeddable":true,"href":"https:\/\/crajubaremacao.com.br\/index.php?rest_route=%2Fwp%2Fv2%2Fcategories&post=64901"},{"taxonomy":"post_tag","embeddable":true,"href":"https:\/\/crajubaremacao.com.br\/index.php?rest_route=%2Fwp%2Fv2%2Ftags&post=64901"}],"curies":[{"name":"wp","href":"https:\/\/api.w.org\/{rel}","templated":true}]}}