{"id":64960,"date":"2026-02-03T21:04:05","date_gmt":"2026-02-04T00:04:05","guid":{"rendered":"https:\/\/crajubaremacao.com.br\/?p=64960"},"modified":"2026-02-03T21:04:05","modified_gmt":"2026-02-04T00:04:05","slug":"sao-paulo-anuncia-a-contratacao-do-lateral-lucas-ramon","status":"publish","type":"post","link":"https:\/\/crajubaremacao.com.br\/?p=64960","title":{"rendered":"S\u00e3o Paulo anuncia a contrata\u00e7\u00e3o do lateral Lucas Ramon"},"content":{"rendered":"<div>\n<div style=\"margin-bottom: 15px;\"><img decoding=\"async\" class=\"type:primaryImage\" src=\"https:\/\/jpimg.com.br\/uploads\/2026\/02\/lucas-ramon-750x450.jpg\"><\/div>\n<p><?xml encoding=\"UTF-8\"><\/p>\n<div id=\"Corpo\">\n<p>O S\u00e3o\u00a0Paulo anunciou nesta ter\u00e7a-feira (3) mais um refor\u00e7o para a temporada 2026.<strong> O lateral-direito Lucas Ramon<\/strong> chega para aumentar o leque de op\u00e7\u00f5es do t\u00e9cnico Hern\u00e1n Crespo para escalar a sua equipe.<\/p>\n<p>O jogador foi um dos destaques na campanha do Mirassol no Campeonato Brasileiro do ano passado e agora<strong> se junta ao meio-campista Danielzinho<\/strong>, que tamb\u00e9m defendeu a equipe do interior paulista em 2025.<\/p>\n<p>Com 31 anos, o defensor assinou <strong>contrato at\u00e9 31 dezembro de 2027<\/strong> com cl\u00e1usula de renova\u00e7\u00e3o autom\u00e1tica no caso do cumprimento de metas esportivas estabelecidas no acordo.<\/p>\n<p>Em entrevista ao site oficial do clube, Lucas Ramon externou a satisfa\u00e7\u00e3o em defender a equipe do MorumBis. \u201cChegar ao S\u00e3o\u00a0Paulo\u00a0\u00e9 a realiza\u00e7\u00e3o de um sonho. Estou muito feliz, porque \u00e9 um clube gigante. <strong>Vou dar a minha vida<\/strong> para aproveitar essa oportunidade. Sinto que lutei durante toda a minha carreira para receber essa chance\u201d, afirmou o atleta.<\/p>\n<p>Revelado pelo Londrina e com passagem pelo Gr\u00eamio, Lucas Ramon se transferiu para o Santa Cruz e ganhou um Pernambucano e uma Copa do Nordeste. Ele tamb\u00e9m ostenta uma S\u00e9rie B do Brasileiro com a camisa do Red Bull Bragantino em 2019 entre as <strong>conquistas mais importantes da sua carreira<\/strong>.<\/p>\n<p>Harry Massis, atual presidente do clube tricolor, comentou sobre o refor\u00e7o e <strong>exaltou seu desempenho<\/strong> no ano passado pelo Mirassol. \u201cEle foi um dos destaques da \u00f3tima campanha do Mirassol na \u00faltima temporada e chega para qualificar ainda mais o nosso elenco\u201d, comentou o dirigente.<\/p>\n<\/div>\n<div><\/div>\n<div><em>*Estad\u00e3o Conte\u00fado<\/em><\/div>\n<\/div>\n","protected":false},"excerpt":{"rendered":"<p>O S\u00e3o\u00a0Paulo anunciou nesta ter\u00e7a-feira (3) mais um refor\u00e7o para a temporada 2026. O lateral-direito Lucas Ramon chega para aumentar o leque de op\u00e7\u00f5es do t\u00e9cnico Hern\u00e1n Crespo para escalar a sua equipe. O jogador foi um dos destaques na campanha do Mirassol no Campeonato Brasileiro do ano passado e agora se junta ao meio-campista [&hellip;]<\/p>\n","protected":false},"author":260,"featured_media":64961,"comment_status":"closed","ping_status":"closed","sticky":false,"template":"","format":"standard","meta":{"_themeisle_gutenberg_block_has_review":false,"_jetpack_memberships_contains_paid_content":false,"footnotes":""},"categories":[12],"tags":[153],"class_list":{"0":"post-64960","1":"post","2":"type-post","3":"status-publish","4":"format-standard","5":"has-post-thumbnail","7":"category-esportes","8":"tag-esportes"},"jetpack_featured_media_url":"https:\/\/crajubaremacao.com.br\/wp-content\/uploads\/2026\/02\/lucas-ramon-750x450-1.jpg","jetpack_sharing_enabled":true,"_links":{"self":[{"href":"https:\/\/crajubaremacao.com.br\/index.php?rest_route=\/wp\/v2\/posts\/64960","targetHints":{"allow":["GET"]}}],"collection":[{"href":"https:\/\/crajubaremacao.com.br\/index.php?rest_route=\/wp\/v2\/posts"}],"about":[{"href":"https:\/\/crajubaremacao.com.br\/index.php?rest_route=\/wp\/v2\/types\/post"}],"author":[{"embeddable":true,"href":"https:\/\/crajubaremacao.com.br\/index.php?rest_route=\/wp\/v2\/users\/260"}],"replies":[{"embeddable":true,"href":"https:\/\/crajubaremacao.com.br\/index.php?rest_route=%2Fwp%2Fv2%2Fcomments&post=64960"}],"version-history":[{"count":0,"href":"https:\/\/crajubaremacao.com.br\/index.php?rest_route=\/wp\/v2\/posts\/64960\/revisions"}],"wp:featuredmedia":[{"embeddable":true,"href":"https:\/\/crajubaremacao.com.br\/index.php?rest_route=\/wp\/v2\/media\/64961"}],"wp:attachment":[{"href":"https:\/\/crajubaremacao.com.br\/index.php?rest_route=%2Fwp%2Fv2%2Fmedia&parent=64960"}],"wp:term":[{"taxonomy":"category","embeddable":true,"href":"https:\/\/crajubaremacao.com.br\/index.php?rest_route=%2Fwp%2Fv2%2Fcategories&post=64960"},{"taxonomy":"post_tag","embeddable":true,"href":"https:\/\/crajubaremacao.com.br\/index.php?rest_route=%2Fwp%2Fv2%2Ftags&post=64960"}],"curies":[{"name":"wp","href":"https:\/\/api.w.org\/{rel}","templated":true}]}}