{"id":64988,"date":"2026-02-04T12:00:39","date_gmt":"2026-02-04T15:00:39","guid":{"rendered":"https:\/\/crajubaremacao.com.br\/?p=64988"},"modified":"2026-02-04T12:00:39","modified_gmt":"2026-02-04T15:00:39","slug":"onda-de-calor-atinge-o-sul-enquanto-sp-entra-em-alerta-para-tempestades","status":"publish","type":"post","link":"https:\/\/crajubaremacao.com.br\/?p=64988","title":{"rendered":"Onda de calor atinge o Sul enquanto SP entra em alerta para tempestades"},"content":{"rendered":"<div>\n<div style=\"margin-bottom: 15px;\"><img decoding=\"async\" class=\"type:primaryImage\" src=\"https:\/\/crajubaremacao.com.br\/wp-content\/uploads\/2026\/02\/00060417-750x422-1.jpg\"><\/div>\n<p><?xml encoding=\"UTF-8\"><\/p>\n<p>Enquanto uma onda de calor atinge a regi\u00e3o Sul do Brasil, elevando temperaturas at\u00e9 5 \u00b0C acima da m\u00e9dia, S\u00e3o Paulo e outras regi\u00f5es do pa\u00eds permanecem sob alerta para tempestades intensas, com risco de alagamentos, ventos fortes e granizo, segundo o Instituto Nacional de Meteorologia (Inmet).<\/p>\n<p>As \u00e1reas mais afetadas pela onda de calor incluem regi\u00f5es do Paran\u00e1, Santa Catarina e Rio Grande do Sul, abrangendo tanto \u00e1reas urbanas quanto zonas rurais, onde o calor intenso pode afetar planta\u00e7\u00f5es e o abastecimento de energia. <strong>O alerta vermelho indica que as temperaturas devem se manter acima da m\u00e9dia por um per\u00edodo superior a cinco dias.<\/strong><\/p>\n<p>Paralelamente, o instituto mant\u00e9m alerta laranja para <strong><a href=\"https:\/\/www.youtube.com\/watch?v=RXfXB8LvSE8\">tempestades<\/a> <\/strong>em grande parte do pa\u00eds, com previs\u00e3o de chuva entre 30 e 60 mil\u00edmetros por hora, ou at\u00e9 100 mil\u00edmetros por dia, acompanhada de ventos de 60 a 100 km\/h e possibilidade de granizo. H\u00e1 risco de alagamentos, queda de \u00e1rvores e interrup\u00e7\u00e3o no fornecimento de energia el\u00e9trica.<\/p>\n<p>Em S\u00e3o Paulo, o alerta abrange a capital, a regi\u00e3o metropolitana e cidades como Campinas, Ribeir\u00e3o Preto, Bauru, Piracicaba, Ara\u00e7atuba, Mar\u00edlia, Assis, Itapetininga, assim como o Vale do Para\u00edba e Litoral Sul.<\/p>\n<p>O aviso tamb\u00e9m se estende ao Distrito Federal e a diversas regi\u00f5es de Minas Gerais, Goi\u00e1s, Paran\u00e1, Rio de Janeiro, Esp\u00edrito Santo, Mato Grosso, Mato Grosso do Sul, Bahia, Tocantins, Maranh\u00e3o, Par\u00e1 e Piau\u00ed.<\/p>\n<p>Al\u00e9m dessas regi\u00f5es, \u00e1reas no <strong>Norte e Nordeste est\u00e3o sob alerta amarelo<\/strong>, com perigo potencial para chuvas intensas.<\/p>\n<p><em>*Com Estad\u00e3o Conte\u00fado\u00a0<\/em><\/p>\n<div class=\"list-related-posts\">\n<h3>Leia tamb\u00e9m<\/h3>\n<div class=\"related-posts-container\">\n<div class=\"related-post-item-container\">\n<div class=\"related-post\">\n<div class=\"img-related-box\">\n                                            <strong><a href=\"https:\/\/jovempan.com.br\/opiniao-jovem-pan\/comentaristas\/patricia-costa\/janeiro-fecha-com-numero-de-focos-de-calor-duas-vezes-acima-da-media-no-brasil.html\" title=\"Janeiro fecha com n\u00famero de focos de calor duas vezes acima da m\u00e9dia no Brasil\"><img decoding=\"async\" src=\"https:\/\/crajubaremacao.com.br\/wp-content\/uploads\/2026\/02\/tn220250120006.jpg\"><\/a><\/strong>\n                                        <\/div>\n<p>                                        <span class=\"box-the-title\"><br \/>\n                                            <strong><a href=\"https:\/\/jovempan.com.br\/opiniao-jovem-pan\/comentaristas\/patricia-costa\/janeiro-fecha-com-numero-de-focos-de-calor-duas-vezes-acima-da-media-no-brasil.html\" title=\"Janeiro fecha com n\u00famero de focos de calor duas vezes acima da m\u00e9dia no Brasil\">Janeiro fecha com n\u00famero de focos de calor duas vezes acima da m\u00e9dia no Brasil<\/a><\/strong><br \/>\n                                        <\/span>\n                                    <\/div>\n<div class=\"related-post\">\n<div class=\"img-related-box\">\n                                            <strong><a href=\"https:\/\/jovempan.com.br\/noticias\/brasil\/centro-de-sao-paulo-fica-sem-luz-enel-diz-nao-saber-a-causa.html\" title=\"Centro de S\u00e3o Paulo fica sem luz; Enel diz n\u00e3o saber a causa\"><img decoding=\"async\" src=\"https:\/\/crajubaremacao.com.br\/wp-content\/uploads\/2026\/02\/esc20241016001.jpg\"><\/a><\/strong>\n                                        <\/div>\n<p>                                        <span class=\"box-the-title\"><br \/>\n                                            <strong><a href=\"https:\/\/jovempan.com.br\/noticias\/brasil\/centro-de-sao-paulo-fica-sem-luz-enel-diz-nao-saber-a-causa.html\" title=\"Centro de S\u00e3o Paulo fica sem luz; Enel diz n\u00e3o saber a causa\">Centro de S\u00e3o Paulo fica sem luz; Enel diz n\u00e3o saber a causa<\/a><\/strong><br \/>\n                                        <\/span>\n                                    <\/div>\n<\/p><\/div>\n<\/p><\/div>\n<\/p><\/div>\n<\/div>\n","protected":false},"excerpt":{"rendered":"<p>Enquanto uma onda de calor atinge a regi\u00e3o Sul do Brasil, elevando temperaturas at\u00e9 5 \u00b0C acima da m\u00e9dia, S\u00e3o Paulo e outras regi\u00f5es do pa\u00eds permanecem sob alerta para tempestades intensas, com risco de alagamentos, ventos fortes e granizo, segundo o Instituto Nacional de Meteorologia (Inmet). As \u00e1reas mais afetadas pela onda de calor [&hellip;]<\/p>\n","protected":false},"author":117,"featured_media":64989,"comment_status":"closed","ping_status":"closed","sticky":false,"template":"","format":"standard","meta":{"_themeisle_gutenberg_block_has_review":false,"_jetpack_memberships_contains_paid_content":false,"footnotes":""},"categories":[2],"tags":[150],"class_list":{"0":"post-64988","1":"post","2":"type-post","3":"status-publish","4":"format-standard","5":"has-post-thumbnail","7":"category-brasil","8":"tag-brasil"},"jetpack_featured_media_url":"https:\/\/crajubaremacao.com.br\/wp-content\/uploads\/2026\/02\/00060417-750x422-1.jpg","jetpack_sharing_enabled":true,"_links":{"self":[{"href":"https:\/\/crajubaremacao.com.br\/index.php?rest_route=\/wp\/v2\/posts\/64988","targetHints":{"allow":["GET"]}}],"collection":[{"href":"https:\/\/crajubaremacao.com.br\/index.php?rest_route=\/wp\/v2\/posts"}],"about":[{"href":"https:\/\/crajubaremacao.com.br\/index.php?rest_route=\/wp\/v2\/types\/post"}],"author":[{"embeddable":true,"href":"https:\/\/crajubaremacao.com.br\/index.php?rest_route=\/wp\/v2\/users\/117"}],"replies":[{"embeddable":true,"href":"https:\/\/crajubaremacao.com.br\/index.php?rest_route=%2Fwp%2Fv2%2Fcomments&post=64988"}],"version-history":[{"count":0,"href":"https:\/\/crajubaremacao.com.br\/index.php?rest_route=\/wp\/v2\/posts\/64988\/revisions"}],"wp:featuredmedia":[{"embeddable":true,"href":"https:\/\/crajubaremacao.com.br\/index.php?rest_route=\/wp\/v2\/media\/64989"}],"wp:attachment":[{"href":"https:\/\/crajubaremacao.com.br\/index.php?rest_route=%2Fwp%2Fv2%2Fmedia&parent=64988"}],"wp:term":[{"taxonomy":"category","embeddable":true,"href":"https:\/\/crajubaremacao.com.br\/index.php?rest_route=%2Fwp%2Fv2%2Fcategories&post=64988"},{"taxonomy":"post_tag","embeddable":true,"href":"https:\/\/crajubaremacao.com.br\/index.php?rest_route=%2Fwp%2Fv2%2Ftags&post=64988"}],"curies":[{"name":"wp","href":"https:\/\/api.w.org\/{rel}","templated":true}]}}