{"id":65055,"date":"2026-02-05T18:08:00","date_gmt":"2026-02-05T21:08:00","guid":{"rendered":"https:\/\/crajubaremacao.com.br\/?p=65055"},"modified":"2026-02-05T18:08:00","modified_gmt":"2026-02-05T21:08:00","slug":"ciro-diz-que-se-flavio-bolsonaro-falar-apenas-para-a-bolha-vai-perder-as-eleicoes","status":"publish","type":"post","link":"https:\/\/crajubaremacao.com.br\/?p=65055","title":{"rendered":"Ciro diz que se Fl\u00e1vio Bolsonaro falar apenas para a \u2018bolha\u2019 vai perder as elei\u00e7\u00f5es"},"content":{"rendered":"<div>\n<div style=\"margin-bottom: 15px;\"><img decoding=\"async\" class=\"type:primaryImage\" src=\"https:\/\/jpimg.com.br\/uploads\/2025\/08\/54657290746_b461dbcb2f_k-750x500.jpg\"><\/div>\n<p><?xml encoding=\"UTF-8\"><\/p>\n<p>O presidente da Federa\u00e7\u00e3o Uni\u00e3o Progressista e senador Ciro Nogueira (PP-PI) disse que se Fl\u00e1vio Bolsonaro (PL-RJ) \u201cfalar apenas para a bolha vai perder as elei\u00e7\u00f5es\u201d. <strong>Ciro condicionou o poss\u00edvel apoio a candidatura de Fl\u00e1vio Bolsonaro \u00e0 presid\u00eancia ao comportamento dele na pr\u00e9-campanha.<\/strong> \u201cVamos aguardar como ele vai vir, se ele vai focar em estrat\u00e9gia e pesquisas, ou se ele vai vir apenas para defender o legado do pai. A\u00ed ele vai perder\u201d, disse \u00e0 JOVEM PAN.<\/p>\n<p>Caso a Uni\u00e3o Progressista apoie Fl\u00e1vio Bolsonaro, a Federa\u00e7\u00e3o vai querer indicar o candidato a vice. \u201cSe formos apoiar ele, \u00e9 uma possibilidade\u201d.<\/p>\n<p>No entanto, Ciro disse que o mais importante \u00e9 que <strong>Fl\u00e1vio Bolsonaro fa\u00e7a uma campanha para o Centro<\/strong>. \u201cPara unificar o Brasil, para falar dos problemas do Brasil. Que ele saia dessa ponta da extrema-direita\u201d.<\/p>\n<p><strong><a href=\"https:\/\/jovempan.com.br\/noticias\/politica\/ciro-nogueira-descarta-ser-vice-de-flavio-bolsonaro-foco-total-na-reeleicao.html\" target=\"_blank\" rel=\"noopener noreferrer\">Fl\u00e1vio Bolsonaro segue em segundo lugar nas \u00faltimas pesquisas atr\u00e1s do presidente Lula.<\/a><\/strong><\/p>\n<p>Durante jantar com l\u00edderes da C\u00e2mara na noite desta quarta-feira, Lula n\u00e3o citou Fl\u00e1vio Bolsonaro como um grande rival. O presidente preferiu focar<br \/>\nnos governadores da Direita.<\/p>\n<h3><strong>APOIO A MESSIAS<\/strong><\/h3>\n<p>Ciro Nogueira, ex-ministro de Bolsonaro, antecipou \u00e0 Jovem Pan que vai votar a favor de Jorge Messias para ocupar a vaga de ministro do Supremo Tribunal Federal.<\/p>\n<p>\u201cTenho admira\u00e7\u00e3o, todo mundo sabe, ao Messias, \u00e9 um bom amigo, e vou votar favoravelmente a ele\u201d, afirmou.<\/p>\n<p>A reportagem apurou nesta quinta-feira que neste momento h\u00e1 um clima de aprova\u00e7\u00e3o de Messias com o apoio de bolsonaristas. Segundo uma fonte, Davi Alcolumbre tamb\u00e9m estaria com o \u201ccora\u00e7\u00e3o amolecido\u201d depois de se reaproximar de Lula. Eles devem se encontrar em um ambiente descontra\u00eddo, em um jantar dado pelo presidente aos l\u00edderes do Senado ap\u00f3s o carnaval.<\/p>\n<p>O atual AGU indicado por Lula ao STF sofreu resist\u00eancias dentro do Senado, por isso teve sua sabatina adiada. Ele foi indicado ainda em novembro do ano passado, mas na ocasi\u00e3o, como a reportagem apurou, Alcolumbre ficou \u201cirritad\u00edssimo\u201d e prometeu trabalhar pela reprova\u00e7\u00e3o de Messias. O favorito do presidente do Congresso era o ex-presidente Rodrigo Pacheco (PSD-MG).<\/p>\n<div class=\"list-related-posts\">\n<h3>Leia tamb\u00e9m<\/h3>\n<div class=\"related-posts-container\">\n<div class=\"related-post-item-container\">\n<div class=\"related-post\">\n<div class=\"img-related-box\">\n                                            <strong><a href=\"https:\/\/jovempan.com.br\/noticias\/politica\/gerp-lula-e-flavio-bolsonaro-empatam-tecnicamente-no-1o-e-no-2o-turno.html\" title=\"Gerp: Lula e Fl\u00e1vio Bolsonaro empatam tecnicamente no 1\u00ba e no 2\u00ba turno\"><img decoding=\"async\" src=\"https:\/\/jpimg.com.br\/uploads\/2025\/12\/1766732476123750.png\"><\/a><\/strong>\n                                        <\/div>\n<p>                                        <span class=\"box-the-title\"><br \/>\n                                            <strong><a href=\"https:\/\/jovempan.com.br\/noticias\/politica\/gerp-lula-e-flavio-bolsonaro-empatam-tecnicamente-no-1o-e-no-2o-turno.html\" title=\"Gerp: Lula e Fl\u00e1vio Bolsonaro empatam tecnicamente no 1\u00ba e no 2\u00ba turno\">Gerp: Lula e Fl\u00e1vio Bolsonaro empatam tecnicamente no 1\u00ba e no 2\u00ba turno<\/a><\/strong><br \/>\n                                        <\/span>\n                                    <\/div>\n<div class=\"related-post\">\n<div class=\"img-related-box\">\n                                            <strong><a href=\"https:\/\/jovempan.com.br\/opiniao-jovem-pan\/comentaristas\/bruno-pinheiro\/ciro-nogueira-critica-postura-do-stf-e-diz-que-corte-precisa-dar-um-passo-atras.html\" title=\"Ciro Nogueira critica postura do STF e diz que Corte precisa 'dar um passo atr\u00e1s'\"><img decoding=\"async\" src=\"https:\/\/jpimg.com.br\/uploads\/2026\/02\/ciro-nogueira.png\"><\/a><\/strong>\n                                        <\/div>\n<p>                                        <span class=\"box-the-title\"><br \/>\n                                            <strong><a href=\"https:\/\/jovempan.com.br\/opiniao-jovem-pan\/comentaristas\/bruno-pinheiro\/ciro-nogueira-critica-postura-do-stf-e-diz-que-corte-precisa-dar-um-passo-atras.html\" title=\"Ciro Nogueira critica postura do STF e diz que Corte precisa 'dar um passo atr\u00e1s'\">Ciro Nogueira critica postura do STF e diz que Corte precisa &#8216;dar um passo atr\u00e1s&#8217;<\/a><\/strong><br \/>\n                                        <\/span>\n                                    <\/div>\n<\/p><\/div>\n<\/p><\/div>\n<\/p><\/div>\n<\/div>\n","protected":false},"excerpt":{"rendered":"<p>O presidente da Federa\u00e7\u00e3o Uni\u00e3o Progressista e senador Ciro Nogueira (PP-PI) disse que se Fl\u00e1vio Bolsonaro (PL-RJ) \u201cfalar apenas para a bolha vai perder as elei\u00e7\u00f5es\u201d. Ciro condicionou o poss\u00edvel apoio a candidatura de Fl\u00e1vio Bolsonaro \u00e0 presid\u00eancia ao comportamento dele na pr\u00e9-campanha. \u201cVamos aguardar como ele vai vir, se ele vai focar em estrat\u00e9gia [&hellip;]<\/p>\n","protected":false},"author":117,"featured_media":65056,"comment_status":"closed","ping_status":"closed","sticky":false,"template":"","format":"standard","meta":{"_themeisle_gutenberg_block_has_review":false,"_jetpack_memberships_contains_paid_content":false,"footnotes":""},"categories":[9],"tags":[129],"class_list":{"0":"post-65055","1":"post","2":"type-post","3":"status-publish","4":"format-standard","5":"has-post-thumbnail","7":"category-politica","8":"tag-politica"},"jetpack_featured_media_url":"https:\/\/crajubaremacao.com.br\/wp-content\/uploads\/2026\/02\/54657290746_b461dbcb2f_k-750x500-1.jpg","jetpack_sharing_enabled":true,"_links":{"self":[{"href":"https:\/\/crajubaremacao.com.br\/index.php?rest_route=\/wp\/v2\/posts\/65055","targetHints":{"allow":["GET"]}}],"collection":[{"href":"https:\/\/crajubaremacao.com.br\/index.php?rest_route=\/wp\/v2\/posts"}],"about":[{"href":"https:\/\/crajubaremacao.com.br\/index.php?rest_route=\/wp\/v2\/types\/post"}],"author":[{"embeddable":true,"href":"https:\/\/crajubaremacao.com.br\/index.php?rest_route=\/wp\/v2\/users\/117"}],"replies":[{"embeddable":true,"href":"https:\/\/crajubaremacao.com.br\/index.php?rest_route=%2Fwp%2Fv2%2Fcomments&post=65055"}],"version-history":[{"count":0,"href":"https:\/\/crajubaremacao.com.br\/index.php?rest_route=\/wp\/v2\/posts\/65055\/revisions"}],"wp:featuredmedia":[{"embeddable":true,"href":"https:\/\/crajubaremacao.com.br\/index.php?rest_route=\/wp\/v2\/media\/65056"}],"wp:attachment":[{"href":"https:\/\/crajubaremacao.com.br\/index.php?rest_route=%2Fwp%2Fv2%2Fmedia&parent=65055"}],"wp:term":[{"taxonomy":"category","embeddable":true,"href":"https:\/\/crajubaremacao.com.br\/index.php?rest_route=%2Fwp%2Fv2%2Fcategories&post=65055"},{"taxonomy":"post_tag","embeddable":true,"href":"https:\/\/crajubaremacao.com.br\/index.php?rest_route=%2Fwp%2Fv2%2Ftags&post=65055"}],"curies":[{"name":"wp","href":"https:\/\/api.w.org\/{rel}","templated":true}]}}