{"id":65064,"date":"2026-02-06T00:00:48","date_gmt":"2026-02-06T03:00:48","guid":{"rendered":"https:\/\/crajubaremacao.com.br\/?p=65064"},"modified":"2026-02-06T00:00:48","modified_gmt":"2026-02-06T03:00:48","slug":"pf-inspeciona-aviao-da-gol-apos-tripulacao-encontrar-objeto-suspeito","status":"publish","type":"post","link":"https:\/\/crajubaremacao.com.br\/?p=65064","title":{"rendered":"PF inspeciona avi\u00e3o da Gol ap\u00f3s tripula\u00e7\u00e3o encontrar objeto suspeito"},"content":{"rendered":"<div>\n<div style=\"margin-bottom: 15px;\"><img decoding=\"async\" class=\"type:primaryImage\" src=\"https:\/\/crajubaremacao.com.br\/wp-content\/uploads\/2026\/02\/artefato-suspeito-voo-gol-750x461-1.jpeg\"><\/div>\n<p><?xml encoding=\"UTF-8\"><\/p>\n<p>A Pol\u00edcia Federal (PF) fez inspe\u00e7\u00e3o nesta quinta-feira (5) em um avi\u00e3o da Gol Linhas A\u00e9reas que decolou do Rio de Janeiro com destino a Macap\u00e1, no Amap\u00e1. A corpora\u00e7\u00e3o mais a Pol\u00edcia Militar amapaense e paraense foram acionados ap\u00f3s a tripula\u00e7\u00e3o da aeronave encontrar um artefato suspeito no bagageiro, durante conex\u00e3o em Bel\u00e9m, no Par\u00e1.<\/p>\n<p>Ap\u00f3s a conclus\u00e3o dos procedimentos, a PF comunicou que o objeto se tratava de uma bateria port\u00e1til conectada a \u201cfios improvisados\u201d. Apesar de descartado o risco, a corpora\u00e7\u00e3o apreendeu o eletr\u00f4nico e vai analisar o caso. O dono do dispositivo, que n\u00e3o foi identificado, pode ser responsabilizado.<\/p>\n<p>Em nota enviada \u00e0\u00a0<strong>Jovem Pan<\/strong>, a Gol Linhas A\u00e9reas tamb\u00e9m informou que o objeto se tratava de uma bateria port\u00e1til. A companhia disse que adotou procedimentos de seguran\u00e7a ap\u00f3s a identifica\u00e7\u00e3o do objeto e acionou a PF. A empresa ainda declarou que os clientes do voo seguinte que seria operado na aeronave \u201cest\u00e3o recebendo toda a assist\u00eancia necess\u00e1ria\u201d.<\/p>\n<p>\u00c0\u00a0<strong>Jovem Pan<\/strong>, a concession\u00e1ria Norte da Amaz\u00f4nia Airports (NOA), respons\u00e1vel pelos aeroportos internacionais de Bel\u00e9m e Macap\u00e1, disse que acionou \u201cplano de conting\u00eancia\u201d em ambos lugares. Segundo a administradora, \u201cn\u00e3o houve registro de impactos aos demais voos em nenhum dos aeroportos\u201d.<\/p>\n<h2>Leia a \u00edntegra da nota da Gol Linhas A\u00e9reas<\/h2>\n<p><em>\u201cA GOL Linhas A\u00e9reas informa que, em cumprimento aos seus r\u00edgidos protocolos de seguran\u00e7a e em total coopera\u00e7\u00e3o com a Norte da Amaz\u00f4nia Airports (NOA), concession\u00e1ria do Aeroporto Internacional de Macap\u00e1 (MCP), colabora com as autoridades competentes na inspe\u00e7\u00e3o de uma de suas aeronaves na tarde desta quinta-feira\u201d.<\/em><\/p>\n<p><em>\u201cO procedimento foi iniciado ap\u00f3s a identifica\u00e7\u00e3o de um objeto suspeito (powerbank) na aeronave. A Pol\u00edcia Federal foi prontamente acionada para realizar a apura\u00e7\u00e3o necess\u00e1ria no local e conta com total apoio da Companhia. Clientes que aguardavam a aeronave para o pr\u00f3ximo voo est\u00e3o recebendo toda a assist\u00eancia necess\u00e1ria\u201d.<\/em><\/p>\n<p><em>\u201cA GOL refor\u00e7a que a Seguran\u00e7a \u00e9 seu valor n\u00famero 1 e que todas as medidas visam garantir o cumprimento dos protocolos exigidos para situa\u00e7\u00f5es como esta\u201d.<\/em><\/p>\n<h2>Leia a \u00edntegra da nota da concession\u00e1ria Norte da Amaz\u00f4nia Airports<\/h2>\n<p><em>\u201cA Norte da Amaz\u00f4nia Airports (NOA), concession\u00e1ria dos Aeroportos Internacionais de Bel\u00e9m e Macap\u00e1, informa que o plano de conting\u00eancia foi acionado em ambos os aeroportos na tarde desta quinta-feira, ap\u00f3s um objeto suspeito ser identificado em uma aeronave da avia\u00e7\u00e3o comercial, com previs\u00e3o de operar a rota entre os dois aeroportos\u201d.<\/em><\/p>\n<p><em>\u201cA Pol\u00edcia Federal foi acionada para as devidas provid\u00eancias, e a concession\u00e1ria acompanhou, junto \u00e0 companhia a\u00e9rea e demais autoridades, todo o processo de inspe\u00e7\u00e3o nos dois aeroportos. Ap\u00f3s a conclus\u00e3o da inspe\u00e7\u00e3o em Macap\u00e1, a aeronave foi liberada, e n\u00e3o h\u00e1 registro de impactos aos demais voos em nenhum dos aeroportos geridos pela concession\u00e1ria. A NOA refor\u00e7a que seguiu todos os protocolos e normas de seguran\u00e7a aplic\u00e1veis \u00e0 situa\u00e7\u00e3o\u201d.<\/em><\/p>\n<div class=\"list-related-posts\">\n<h3>Leia tamb\u00e9m<\/h3>\n<div class=\"related-posts-container\">\n<div class=\"related-post-item-container\">\n<div class=\"related-post\">\n<div class=\"img-related-box\">\n                                            <strong><a href=\"https:\/\/jovempan.com.br\/noticias\/brasil\/assaltante-ameaca-arrancar-dedo-de-idosa-durante-assalto-tira-a-alianca.html\" title=\"Assaltante amea\u00e7a arrancar dedo de idosa durante assalto: 'Tira a alian\u00e7a'\"><img decoding=\"async\" src=\"https:\/\/crajubaremacao.com.br\/wp-content\/uploads\/2026\/02\/assaltante-tira-alianca-da-mao-da-vitima.jpg\"><\/a><\/strong>\n                                        <\/div>\n<p>                                        <span class=\"box-the-title\"><br \/>\n                                            <strong><a href=\"https:\/\/jovempan.com.br\/noticias\/brasil\/assaltante-ameaca-arrancar-dedo-de-idosa-durante-assalto-tira-a-alianca.html\" title=\"Assaltante amea\u00e7a arrancar dedo de idosa durante assalto: 'Tira a alian\u00e7a'\">Assaltante amea\u00e7a arrancar dedo de idosa durante assalto: &#8216;Tira a alian\u00e7a&#8217;<\/a><\/strong><br \/>\n                                        <\/span>\n                                    <\/div>\n<\/p><\/div>\n<\/p><\/div>\n<\/p><\/div>\n<\/div>\n","protected":false},"excerpt":{"rendered":"<p>A Pol\u00edcia Federal (PF) fez inspe\u00e7\u00e3o nesta quinta-feira (5) em um avi\u00e3o da Gol Linhas A\u00e9reas que decolou do Rio de Janeiro com destino a Macap\u00e1, no Amap\u00e1. A corpora\u00e7\u00e3o mais a Pol\u00edcia Militar amapaense e paraense foram acionados ap\u00f3s a tripula\u00e7\u00e3o da aeronave encontrar um artefato suspeito no bagageiro, durante conex\u00e3o em Bel\u00e9m, no [&hellip;]<\/p>\n","protected":false},"author":117,"featured_media":65065,"comment_status":"closed","ping_status":"closed","sticky":false,"template":"","format":"standard","meta":{"_themeisle_gutenberg_block_has_review":false,"_jetpack_memberships_contains_paid_content":false,"footnotes":""},"categories":[2],"tags":[150],"class_list":{"0":"post-65064","1":"post","2":"type-post","3":"status-publish","4":"format-standard","5":"has-post-thumbnail","7":"category-brasil","8":"tag-brasil"},"jetpack_featured_media_url":"https:\/\/crajubaremacao.com.br\/wp-content\/uploads\/2026\/02\/artefato-suspeito-voo-gol-750x461-1.jpeg","jetpack_sharing_enabled":true,"_links":{"self":[{"href":"https:\/\/crajubaremacao.com.br\/index.php?rest_route=\/wp\/v2\/posts\/65064","targetHints":{"allow":["GET"]}}],"collection":[{"href":"https:\/\/crajubaremacao.com.br\/index.php?rest_route=\/wp\/v2\/posts"}],"about":[{"href":"https:\/\/crajubaremacao.com.br\/index.php?rest_route=\/wp\/v2\/types\/post"}],"author":[{"embeddable":true,"href":"https:\/\/crajubaremacao.com.br\/index.php?rest_route=\/wp\/v2\/users\/117"}],"replies":[{"embeddable":true,"href":"https:\/\/crajubaremacao.com.br\/index.php?rest_route=%2Fwp%2Fv2%2Fcomments&post=65064"}],"version-history":[{"count":0,"href":"https:\/\/crajubaremacao.com.br\/index.php?rest_route=\/wp\/v2\/posts\/65064\/revisions"}],"wp:featuredmedia":[{"embeddable":true,"href":"https:\/\/crajubaremacao.com.br\/index.php?rest_route=\/wp\/v2\/media\/65065"}],"wp:attachment":[{"href":"https:\/\/crajubaremacao.com.br\/index.php?rest_route=%2Fwp%2Fv2%2Fmedia&parent=65064"}],"wp:term":[{"taxonomy":"category","embeddable":true,"href":"https:\/\/crajubaremacao.com.br\/index.php?rest_route=%2Fwp%2Fv2%2Fcategories&post=65064"},{"taxonomy":"post_tag","embeddable":true,"href":"https:\/\/crajubaremacao.com.br\/index.php?rest_route=%2Fwp%2Fv2%2Ftags&post=65064"}],"curies":[{"name":"wp","href":"https:\/\/api.w.org\/{rel}","templated":true}]}}