{"id":65087,"date":"2026-02-06T06:00:40","date_gmt":"2026-02-06T09:00:40","guid":{"rendered":"https:\/\/crajubaremacao.com.br\/?p=65087"},"modified":"2026-02-06T06:00:40","modified_gmt":"2026-02-06T09:00:40","slug":"vice-chefe-da-inteligencia-militar-russa-foi-baleado-e-ferido-em-moscou","status":"publish","type":"post","link":"https:\/\/crajubaremacao.com.br\/?p=65087","title":{"rendered":"Vice-chefe da intelig\u00eancia militar russa foi baleado e ferido em Moscou"},"content":{"rendered":"<div><img decoding=\"async\" src=\"https:\/\/s2-g1.glbimg.com\/YFOKwHfilQJRl9CdPuJkiriw_ro=\/i.s3.glbimg.com\/v1\/AUTH_59edd422c0c84a879bd37670ae4f538a\/internal_photos\/bs\/2026\/i\/D\/QTVgILROKt8c827d1Nxg\/2026-02-06t080510z-1934874523-rc28gjaya04q-rtrmadp-3-ukraine-crisis-russia-shooting.jpg\"><br \/>     Foto de arquivo: tenente-general russo Vladimir Alexeyev discursa em local desconhecido<br \/>\nMinist\u00e9rio da Defesa da R\u00fassia\/Divulga\u00e7\u00e3o via REUTERS<br \/>\nUm vice-chefe da intelig\u00eancia militar da R\u00fassia foi baleado e ferido em Moscou nesta sexta-feira (6), disseram autoridades.<br \/>\nO tenente-general Vladimir Alekseyev foi atingido v\u00e1rias vezes por um agressor n\u00e3o identificado, afirmou em comunicado Svetlana Petrenko, porta-voz do Comit\u00ea Investigativo.<br \/>\nEla disse que Alekseyev foi hospitalizado. Petrenko n\u00e3o informou quem poderia estar por tr\u00e1s do ataque contra Alekseyev, que atua como primeiro vice-chefe da intelig\u00eancia militar russa desde 2011.<br \/>\nV\u00e1rios altos oficiais militares russos foram assassinados em ataques que Moscou atribuiu \u00e0 Ucr\u00e2nia.<br \/>\nO ataque ocorreu um dia depois de negociadores russos, ucranianos e americanos conclu\u00edrem dois dias de conversas em Abu Dhabi. A delega\u00e7\u00e3o russa foi liderada pelo chefe da intelig\u00eancia militar, almirante Igor Kostyukov.<br \/>\nR\u00fassia e Ucr\u00e2nia concordam em trocar 314 prisioneiros<\/div>\n","protected":false},"excerpt":{"rendered":"<p>Foto de arquivo: tenente-general russo Vladimir Alexeyev discursa em local desconhecido Minist\u00e9rio da Defesa da R\u00fassia\/Divulga\u00e7\u00e3o via REUTERS Um vice-chefe da intelig\u00eancia militar da R\u00fassia foi baleado e ferido em Moscou nesta sexta-feira (6), disseram autoridades. O tenente-general Vladimir Alekseyev foi atingido v\u00e1rias vezes por um agressor n\u00e3o identificado, afirmou em comunicado Svetlana Petrenko, porta-voz [&hellip;]<\/p>\n","protected":false},"author":261,"featured_media":65088,"comment_status":"closed","ping_status":"closed","sticky":false,"template":"","format":"standard","meta":{"_themeisle_gutenberg_block_has_review":false,"_jetpack_memberships_contains_paid_content":false,"footnotes":""},"categories":[5],"tags":[155],"class_list":{"0":"post-65087","1":"post","2":"type-post","3":"status-publish","4":"format-standard","5":"has-post-thumbnail","7":"category-internacionais","8":"tag-mundo"},"jetpack_featured_media_url":"https:\/\/crajubaremacao.com.br\/wp-content\/uploads\/2026\/02\/2026-02-06t080510z-1934874523-rc28gjaya04q-rtrmadp-3-ukraine-crisis-russia-shooting.jpg","jetpack_sharing_enabled":true,"_links":{"self":[{"href":"https:\/\/crajubaremacao.com.br\/index.php?rest_route=\/wp\/v2\/posts\/65087","targetHints":{"allow":["GET"]}}],"collection":[{"href":"https:\/\/crajubaremacao.com.br\/index.php?rest_route=\/wp\/v2\/posts"}],"about":[{"href":"https:\/\/crajubaremacao.com.br\/index.php?rest_route=\/wp\/v2\/types\/post"}],"author":[{"embeddable":true,"href":"https:\/\/crajubaremacao.com.br\/index.php?rest_route=\/wp\/v2\/users\/261"}],"replies":[{"embeddable":true,"href":"https:\/\/crajubaremacao.com.br\/index.php?rest_route=%2Fwp%2Fv2%2Fcomments&post=65087"}],"version-history":[{"count":0,"href":"https:\/\/crajubaremacao.com.br\/index.php?rest_route=\/wp\/v2\/posts\/65087\/revisions"}],"wp:featuredmedia":[{"embeddable":true,"href":"https:\/\/crajubaremacao.com.br\/index.php?rest_route=\/wp\/v2\/media\/65088"}],"wp:attachment":[{"href":"https:\/\/crajubaremacao.com.br\/index.php?rest_route=%2Fwp%2Fv2%2Fmedia&parent=65087"}],"wp:term":[{"taxonomy":"category","embeddable":true,"href":"https:\/\/crajubaremacao.com.br\/index.php?rest_route=%2Fwp%2Fv2%2Fcategories&post=65087"},{"taxonomy":"post_tag","embeddable":true,"href":"https:\/\/crajubaremacao.com.br\/index.php?rest_route=%2Fwp%2Fv2%2Ftags&post=65087"}],"curies":[{"name":"wp","href":"https:\/\/api.w.org\/{rel}","templated":true}]}}