{"id":65089,"date":"2026-02-06T06:00:57","date_gmt":"2026-02-06T09:00:57","guid":{"rendered":"https:\/\/crajubaremacao.com.br\/?p=65089"},"modified":"2026-02-06T06:00:57","modified_gmt":"2026-02-06T09:00:57","slug":"consenso-internacional-redefine-o-que-e-lipedema-e-aponta-caminhos-para-diagnostico-e-tratamento","status":"publish","type":"post","link":"https:\/\/crajubaremacao.com.br\/?p=65089","title":{"rendered":"Consenso internacional redefine o que \u00e9 lipedema e aponta caminhos para diagn\u00f3stico e tratamento"},"content":{"rendered":"<div><img decoding=\"async\" src=\"https:\/\/s2-g1.glbimg.com\/rv3vVuP0-TEq3ZKCwaut5vPG3ac=\/i.s3.glbimg.com\/v1\/AUTH_59edd422c0c84a879bd37670ae4f538a\/internal_photos\/bs\/2025\/e\/K\/nBAMoQSaCMrtdjUDehDQ\/captura-de-tela-2025-01-31-151237.png\"><br \/>     Lipedema: condi\u00e7\u00e3o reconhecida pela OMS que afeta milh\u00f5es de mulheres<br \/>\nPor d\u00e9cadas confundido com obesidade ou linfedema, o lipedema \u2014uma doen\u00e7a cr\u00f4nica caracterizada pelo ac\u00famulo desproporcional de gordura, dor e sensibilidade principalmente nos membros\u2014 acaba de ganhar a defini\u00e7\u00e3o mais abrangente j\u00e1 constru\u00edda at\u00e9 hoje.<br \/>\nUm grupo internacional de especialistas publicou, em janeiro de 2026, um documento de consenso que busca padronizar o diagn\u00f3stico e orientar o tratamento da condi\u00e7\u00e3o em escala global.<br \/>\nO trabalho, resultado de um processo do tipo Delphi conduzido pela Lipedema World Alliance, reuniu m\u00e9dicos, pesquisadores, terapeutas e representantes de pacientes de 19 pa\u00edses. Ao todo, foram analisadas 62 afirma\u00e7\u00f5es sobre a doen\u00e7a; 59 delas atingiram concord\u00e2ncia m\u00ednima de 70% entre os participantes \u2014muitas com n\u00edveis de acordo superiores a 90%.<br \/>\nA iniciativa surge em resposta a um problema recorrente: apesar do aumento da visibilidade do lipedema nos \u00faltimos anos, ainda h\u00e1 grande varia\u00e7\u00e3o nos crit\u00e9rios diagn\u00f3sticos e nas abordagens terap\u00eauticas, o que dificulta tanto o cuidado cl\u00ednico quanto a produ\u00e7\u00e3o de evid\u00eancias cient\u00edficas.<br \/>\nUma doen\u00e7a cr\u00f4nica, dolorosa e diferente da obesidade<br \/>\nO consenso reconhece formalmente o lipedema como uma doen\u00e7a cr\u00f4nica, de evolu\u00e7\u00e3o prolongada e impacto significativo na qualidade de vida. A forma mais t\u00edpica envolve aumento bilateral e sim\u00e9trico do tecido adiposo subcut\u00e2neo nas pernas \u2014muitas vezes poupando p\u00e9s e m\u00e3os\u2014 acompanhado de dor, sensibilidade ao toque, sensa\u00e7\u00e3o de peso e facilidade para formar hematomas.<br \/>\nMulheres com diversos graus de lipedema<br \/>\nONG Movimento Lipedema<br \/>\nSegundo o cirurgi\u00e3o pl\u00e1stico Vitor Pagotto, membro da C\u00e2mara T\u00e9cnica de Cirurgia Pl\u00e1stica do Conselho Regional de Medicina do Estado de S\u00e3o Paulo, essa diferencia\u00e7\u00e3o \u00e9 central para evitar erros comuns no consult\u00f3rio.<br \/>\n\u201cNa obesidade, o ganho de peso \u00e9 global. No lipedema, h\u00e1 uma distribui\u00e7\u00e3o desproporcional e sim\u00e9trica de gordura, principalmente nas pernas e, por vezes, nos bra\u00e7os. Diferente da gordura comum, essa \u00e9 uma gordura \u2018doente\u2019, que causa dor, sensibilidade ao toque e uma despropor\u00e7\u00e3o f\u00edsica marcante em rela\u00e7\u00e3o ao tronco\u201d, afirma.<br \/>\nO novo consenso refor\u00e7a esse ponto ao destacar que o lipedema n\u00e3o \u00e9 resultado de falha de estilo de vida, mas uma desordem do tecido adiposo, com influ\u00eancia gen\u00e9tica e hormonal.<br \/>\nA gordura caracter\u00edstica da doen\u00e7a costuma ser resistente a dietas hipocal\u00f3ricas, o que explica por que muitas pacientes n\u00e3o observam melhora mesmo ap\u00f3s perda significativa de peso.<br \/>\nMulher com lipedema<br \/>\nONG Movimento Lipedema<br \/>\nPor que o lipedema ainda \u00e9 confundido com obesidade<br \/>\nApesar dessas diferen\u00e7as, a confus\u00e3o diagn\u00f3stica segue frequente. Para Pagotto, o erro mais comum \u00e9 a avalia\u00e7\u00e3o visual simplista.<br \/>\n\u201cNo consult\u00f3rio, vejo muitas pacientes que ouviram a vida toda que \u2018precisavam fechar a boca\u2019. A despropor\u00e7\u00e3o corporal \u00e9 ignorada. No lipedema, a paciente pode ter manequim 38 no tronco e 44 nas pernas. Na obesidade, o aumento \u00e9 global.\u201d<br \/>\nOutro sinal cl\u00ednico importante, tamb\u00e9m citado no consenso, \u00e9 a preserva\u00e7\u00e3o de p\u00e9s e m\u00e3os.<br \/>\n\u201cO ac\u00famulo de gordura para abruptamente nos tornozelos, formando o chamado sinal do garrote. Os p\u00e9s ficam poupados, o que n\u00e3o acontece na obesidade severa nem no linfedema\u201d, explica o m\u00e9dico.<br \/>\nDor \u00e9 sintoma central<br \/>\nA dor aparece no documento como um dos sintomas mais consistentes e incapacitantes do lipedema, com impacto direto na sa\u00fade mental e na qualidade de vida. Ela pode ser espont\u00e2nea ou provocada pelo toque, fen\u00f4meno conhecido como alodinia.<br \/>\n\u201cA dor do lipedema \u00e9 multifatorial e \u00e9 o que mais compromete a vida da paciente\u201d, diz Pagotto. \u201cJ\u00e1 sabemos que existe um estado inflamat\u00f3rio cr\u00f4nico no tecido e uma hipersensibilidade dos nervos perif\u00e9ricos naquela regi\u00e3o.\u201d<br \/>\nO que ainda est\u00e1 em investiga\u00e7\u00e3o, segundo ele e segundo o pr\u00f3prio consenso, \u00e9 o papel exato da matriz extracelular, da fibrose e do ac\u00famulo de l\u00edquido entre as c\u00e9lulas.<br \/>\n\u201cA ci\u00eancia ainda busca entender como esse edema e essa fibrose comprimem microvasos e nervos. Por isso, tratar a dor exige ir al\u00e9m da cirurgia, passando pelo controle da inflama\u00e7\u00e3o sist\u00eamica e por uma abordagem integrada.\u201d<br \/>\nPaciente mostra a diferen\u00e7a causada pelo lipedema no formato de seu corpo em foto de campanha de conscientiza\u00e7\u00e3o da doen\u00e7a feita pela ONG Movimento Lipedema<br \/>\nCr\u00e9dito: ONG Movimento Lipedema\/Conhe\u00e7a Lipedema<br \/>\nDiagn\u00f3stico segue cl\u00ednico e subdiagn\u00f3stico \u00e9 alto<br \/>\nOutro ponto central do consenso \u00e9 o reconhecimento de que n\u00e3o existe exame que confirme o diagn\u00f3stico de lipedema. A identifica\u00e7\u00e3o da doen\u00e7a continua baseada na hist\u00f3ria cl\u00ednica detalhada e no exame f\u00edsico.<br \/>\n\u201cO diagn\u00f3stico hoje \u00e9 100% cl\u00ednico. Isso exige um olhar treinado, que infelizmente ainda \u00e9 raro, porque muitas faculdades de medicina n\u00e3o ensinam sobre lipedema\u201d, afirma Pagotto.<br \/>\nExames de imagem, como ultrassonografia ou resson\u00e2ncia magn\u00e9tica, podem ter papel complementar, mas n\u00e3o substituem a avalia\u00e7\u00e3o m\u00e9dica.<br \/>\n\u201cEles ajudam a excluir outras doen\u00e7as ou a planejar uma cirurgia, mas nunca substituem a escuta cl\u00ednica. Sem diretrizes claras, a paciente peregrina por anos entre especialistas sem resposta\u201d, diz.<br \/>\nN\u00e3o tem cura, mas tem controle<br \/>\nO consenso internacional \u00e9 claro ao afirmar que o lipedema n\u00e3o tem cura conhecida. O objetivo do tratamento \u00e9 controlar sintomas, preservar a mobilidade e evitar progress\u00e3o.<br \/>\n\u201cA ci\u00eancia prefere falar em controle e remiss\u00e3o. O lipedema \u00e9 cr\u00f4nico\u201d, resume Pagotto.<br \/>\nSegundo ele, quando indicado corretamente, o tratamento pode devolver qualidade de vida.<br \/>\n\u201cCom o trip\u00e9 formado por dieta anti-inflamat\u00f3ria, compress\u00e3o e fisioterapia e, em casos selecionados, a lipoaspira\u00e7\u00e3o especializada \u2014que preserva os vasos linf\u00e1ticos\u2014 a paciente consegue viver sem dor e recuperar a autoestima. O objetivo n\u00e3o \u00e9 est\u00e9tica. \u00c9 devolver funcionalidade e liberdade de movimento que a doen\u00e7a roubou por d\u00e9cadas.\u201d<br \/>\nO que muda com o novo consenso sobre lipedema<br \/>\nRefor\u00e7a que lipedema \u00e9 doen\u00e7a cr\u00f4nica e distinta da obesidade<br \/>\nReconhece a dor como sintoma central e incapacitante<br \/>\nConfirma que n\u00e3o h\u00e1 exame confirmat\u00f3rio: diagn\u00f3stico \u00e9 cl\u00ednico<br \/>\nDefende tratamento multidisciplinar e individualizado<br \/>\nAponta lacunas cient\u00edficas e a urg\u00eancia de mais pesquisa<\/div>\n","protected":false},"excerpt":{"rendered":"<p>Lipedema: condi\u00e7\u00e3o reconhecida pela OMS que afeta milh\u00f5es de mulheres Por d\u00e9cadas confundido com obesidade ou linfedema, o lipedema \u2014uma doen\u00e7a cr\u00f4nica caracterizada pelo ac\u00famulo desproporcional de gordura, dor e sensibilidade principalmente nos membros\u2014 acaba de ganhar a defini\u00e7\u00e3o mais abrangente j\u00e1 constru\u00edda at\u00e9 hoje. Um grupo internacional de especialistas publicou, em janeiro de 2026, [&hellip;]<\/p>\n","protected":false},"author":261,"featured_media":65090,"comment_status":"closed","ping_status":"closed","sticky":false,"template":"","format":"standard","meta":{"_themeisle_gutenberg_block_has_review":false,"_jetpack_memberships_contains_paid_content":false,"footnotes":""},"categories":[10],"tags":[156],"class_list":{"0":"post-65089","1":"post","2":"type-post","3":"status-publish","4":"format-standard","5":"has-post-thumbnail","7":"category-saude","8":"tag-saude"},"jetpack_featured_media_url":"https:\/\/crajubaremacao.com.br\/wp-content\/uploads\/2026\/02\/captura-de-tela-2025-01-31-151237.png","jetpack_sharing_enabled":true,"_links":{"self":[{"href":"https:\/\/crajubaremacao.com.br\/index.php?rest_route=\/wp\/v2\/posts\/65089","targetHints":{"allow":["GET"]}}],"collection":[{"href":"https:\/\/crajubaremacao.com.br\/index.php?rest_route=\/wp\/v2\/posts"}],"about":[{"href":"https:\/\/crajubaremacao.com.br\/index.php?rest_route=\/wp\/v2\/types\/post"}],"author":[{"embeddable":true,"href":"https:\/\/crajubaremacao.com.br\/index.php?rest_route=\/wp\/v2\/users\/261"}],"replies":[{"embeddable":true,"href":"https:\/\/crajubaremacao.com.br\/index.php?rest_route=%2Fwp%2Fv2%2Fcomments&post=65089"}],"version-history":[{"count":0,"href":"https:\/\/crajubaremacao.com.br\/index.php?rest_route=\/wp\/v2\/posts\/65089\/revisions"}],"wp:featuredmedia":[{"embeddable":true,"href":"https:\/\/crajubaremacao.com.br\/index.php?rest_route=\/wp\/v2\/media\/65090"}],"wp:attachment":[{"href":"https:\/\/crajubaremacao.com.br\/index.php?rest_route=%2Fwp%2Fv2%2Fmedia&parent=65089"}],"wp:term":[{"taxonomy":"category","embeddable":true,"href":"https:\/\/crajubaremacao.com.br\/index.php?rest_route=%2Fwp%2Fv2%2Fcategories&post=65089"},{"taxonomy":"post_tag","embeddable":true,"href":"https:\/\/crajubaremacao.com.br\/index.php?rest_route=%2Fwp%2Fv2%2Ftags&post=65089"}],"curies":[{"name":"wp","href":"https:\/\/api.w.org\/{rel}","templated":true}]}}