{"id":65120,"date":"2026-02-07T03:18:05","date_gmt":"2026-02-07T06:18:05","guid":{"rendered":"https:\/\/crajubaremacao.com.br\/?p=65120"},"modified":"2026-02-07T03:18:05","modified_gmt":"2026-02-07T06:18:05","slug":"vlt-que-liga-o-aeroporto-de-fortaleza-a-linha-nordeste-do-metro-e-inaugurado-nesta-sexta","status":"publish","type":"post","link":"https:\/\/crajubaremacao.com.br\/?p=65120","title":{"rendered":"VLT que liga o Aeroporto de Fortaleza \u00e0 linha nordeste do metr\u00f4 \u00e9 inaugurado nesta sexta"},"content":{"rendered":"<div><img decoding=\"async\" src=\"https:\/\/s2-g1.glbimg.com\/CMQG7UoZ5G97zm5MYkgR2YMJAes=\/i.s3.glbimg.com\/v1\/AUTH_59edd422c0c84a879bd37670ae4f538a\/internal_photos\/bs\/2026\/7\/D\/CARoMBQAiXy73UiHs0BA\/whatsapp-image-2026-02-06-at-18.19.15-1-.jpeg\"><br \/>     VLT que liga o Aeroporto de Fortaleza \u00e0 linha nordeste do metr\u00f4 \u00e9 inaugurado nesta sexta.<br \/>\nKid Junior\/SVM<br \/>\nO VLT que liga o Aeroporto de Fortaleza \u00e0 linha nordeste do metr\u00f4 (Parangaba-Mucuripe) foi inaugurado nesta sexta (6) na capital, atrav\u00e9s da esta\u00e7\u00e3o Expedicion\u00e1rios, no bairro Vila Uni\u00e3o. Tamb\u00e9m foi inaugurada a esta\u00e7\u00e3o Aeroporto.<br \/>\nO VLT Ramal Aeroporto tem capacidade para movimentar at\u00e9 35 mil pessoas por dia, conforme estimativa do governo estadual. A \u00e1rea total de influ\u00eancia, incluindo a conex\u00e3o com o VLT Parangaba-Mucuripe, engloba uma popula\u00e7\u00e3o estimada em cerca de 500 mil pessoas.<br \/>\nLEIA TAMB\u00c9M:<br \/>\nBaliza deixa de ser exigida no exame pr\u00e1tico a partir de segunda (9) no Cear\u00e1<br \/>\nIPTU 2026: prazo para pagamento com at\u00e9 10% de desconto em Fortaleza termina nesta sexta-feira<br \/>\nO governador do Cear\u00e1, Elmano de Freitas e o prefeito de Fortaleza, Evandro Leit\u00e3o, estiveram presentes. A a\u00e7\u00e3o faz parte do programa FORtaleCE, iniciativa de coopera\u00e7\u00e3o entre as duas gest\u00f5es que contempla interven\u00e7\u00f5es em diversas \u00e1reas, como mobilidade urbana, educa\u00e7\u00e3o, seguran\u00e7a, moradia, etc.<br \/>\n&#8220;N\u00f3s ganhamos aqui a capacidade de integra\u00e7\u00e3o de linhas at\u00e9 o aeroporto para toda a popula\u00e7\u00e3o de Fortaleza. O cidad\u00e3o que mora em Caucaia, Maracana\u00fa, Parangaba, Montese vai poder pegar o metr\u00f4 e chegar at\u00e9 o seu aeroporto. Isso \u00e9 uma grande conquista para uma cidade tur\u00edstica, uma cidade grande, que mora mais de 2,7 milh\u00f5es de pessoas&#8221;, destacou o governador.<br \/>\nA viagem entre as esta\u00e7\u00f5es Expedicion\u00e1rios e Aeroporto vai durar cinco minutos. Pertencente \u00e0 linha nordeste, o trecho estar\u00e1 conectado a outras dez esta\u00e7\u00f5es: Parangaba, Montese, Vila Uni\u00e3o, Borges de Melo, S\u00e3o Jo\u00e3o do Tauape, Pontes Vieira, Ant\u00f4nio Sales, Papicu, Mucuripe e Iate.<br \/>\nGovernador do Cear\u00e1, Elmano de Freitas, participa de inaugura\u00e7\u00e3o do VLT Aeroporto em Fortaleza.<br \/>\nKid Junior\/SVM<br \/>\nAssista aos v\u00eddeos mais vistos do Cear\u00e1<\/div>\n","protected":false},"excerpt":{"rendered":"<p>VLT que liga o Aeroporto de Fortaleza \u00e0 linha nordeste do metr\u00f4 \u00e9 inaugurado nesta sexta. Kid Junior\/SVM O VLT que liga o Aeroporto de Fortaleza \u00e0 linha nordeste do metr\u00f4 (Parangaba-Mucuripe) foi inaugurado nesta sexta (6) na capital, atrav\u00e9s da esta\u00e7\u00e3o Expedicion\u00e1rios, no bairro Vila Uni\u00e3o. Tamb\u00e9m foi inaugurada a esta\u00e7\u00e3o Aeroporto. O VLT [&hellip;]<\/p>\n","protected":false},"author":264,"featured_media":65121,"comment_status":"closed","ping_status":"closed","sticky":false,"template":"","format":"standard","meta":{"_themeisle_gutenberg_block_has_review":false,"_jetpack_memberships_contains_paid_content":false,"footnotes":""},"categories":[4],"tags":[127,130],"class_list":{"0":"post-65120","1":"post","2":"type-post","3":"status-publish","4":"format-standard","5":"has-post-thumbnail","7":"category-regiao","8":"tag-cariri","9":"tag-ceara"},"jetpack_featured_media_url":"https:\/\/crajubaremacao.com.br\/wp-content\/uploads\/2026\/02\/whatsapp-image-2026-02-06-at-181915-1-.jpeg","jetpack_sharing_enabled":true,"_links":{"self":[{"href":"https:\/\/crajubaremacao.com.br\/index.php?rest_route=\/wp\/v2\/posts\/65120","targetHints":{"allow":["GET"]}}],"collection":[{"href":"https:\/\/crajubaremacao.com.br\/index.php?rest_route=\/wp\/v2\/posts"}],"about":[{"href":"https:\/\/crajubaremacao.com.br\/index.php?rest_route=\/wp\/v2\/types\/post"}],"author":[{"embeddable":true,"href":"https:\/\/crajubaremacao.com.br\/index.php?rest_route=\/wp\/v2\/users\/264"}],"replies":[{"embeddable":true,"href":"https:\/\/crajubaremacao.com.br\/index.php?rest_route=%2Fwp%2Fv2%2Fcomments&post=65120"}],"version-history":[{"count":0,"href":"https:\/\/crajubaremacao.com.br\/index.php?rest_route=\/wp\/v2\/posts\/65120\/revisions"}],"wp:featuredmedia":[{"embeddable":true,"href":"https:\/\/crajubaremacao.com.br\/index.php?rest_route=\/wp\/v2\/media\/65121"}],"wp:attachment":[{"href":"https:\/\/crajubaremacao.com.br\/index.php?rest_route=%2Fwp%2Fv2%2Fmedia&parent=65120"}],"wp:term":[{"taxonomy":"category","embeddable":true,"href":"https:\/\/crajubaremacao.com.br\/index.php?rest_route=%2Fwp%2Fv2%2Fcategories&post=65120"},{"taxonomy":"post_tag","embeddable":true,"href":"https:\/\/crajubaremacao.com.br\/index.php?rest_route=%2Fwp%2Fv2%2Ftags&post=65120"}],"curies":[{"name":"wp","href":"https:\/\/api.w.org\/{rel}","templated":true}]}}