{"id":65124,"date":"2026-02-07T03:18:19","date_gmt":"2026-02-07T06:18:19","guid":{"rendered":"https:\/\/crajubaremacao.com.br\/?p=65124"},"modified":"2026-02-07T03:18:19","modified_gmt":"2026-02-07T06:18:19","slug":"mais-um-reforco-alvinegro-ronald-fala-sobre-chegada-ao-vozao-e-ressalta-um-clube-gigantesco","status":"publish","type":"post","link":"https:\/\/crajubaremacao.com.br\/?p=65124","title":{"rendered":"Mais um refor\u00e7o alvinegro, Ronald fala sobre chegada ao Voz\u00e3o e ressalta: \u201cUm clube gigantesco\u201d"},"content":{"rendered":"<div>\n<p>\u00a0<span style='color: #333539; font-family: Roboto, \"Helvetica Neue\", Helvetica, Arial, sans-serif; font-size: 1.8rem;'>Zagueiro chega ao Time do Povo para um contrato v\u00e1lido at\u00e9 o fim de 2026<\/span><\/p>\n<section class=\"section-post-header\" style='box-sizing: inherit; color: #333539; font-family: Roboto, \"Helvetica Neue\", Helvetica, Arial, sans-serif; font-size: 17px;'>\n<div class=\"post-info margin-vertical color-text-muted\" style=\"border-top: 0.1rem solid rgb(204, 204, 204); box-sizing: inherit; color: #66686b; margin-bottom: 2rem; margin-top: 2rem; padding: 1rem 0px;\">\n<div class=\"post-info__item post-info__share\" style=\"box-sizing: inherit; display: flex; flex-wrap: wrap;\">\n<div class=\"post-info__share-item post-info__share-post\" style=\"box-sizing: inherit; margin-bottom: 1rem; width: 396px;\">Link para compartilhamento:\u00a0<input id=\"link\" name=\"link\" readonly size=\"24\" style=\"box-sizing: inherit; font-family: inherit; font-size: 17px; line-height: 1.15; margin: 0px; overflow: visible;\" type=\"text\" value=\"https:\/\/vozao.net\/4c9RTN2\">\u00a0<button style=\"appearance: button; box-sizing: inherit; cursor: pointer; font-family: inherit; font-size: 17px; line-height: 1.15; margin: 0px; overflow: visible;\">Copiar<\/button><\/div>\n<p><a class=\"post-info__share-item post-info__share-icon\" href=\"https:\/\/api.whatsapp.com\/send?text=https:\/\/vozao.net\/4c9RTN2\" style=\"box-sizing: inherit; display: inline-block; font-size: 2rem; line-height: 1; margin-right: 1.5rem; text-decoration-line: none; transition: 0.2s;\"><span class=\"fab fa-whatsapp\" style='-webkit-font-smoothing: antialiased; box-sizing: inherit; display: inline-block; font-family: \"Font Awesome 5 Brands\"; font-variant-alternates: normal; font-variant-east-asian: normal; font-variant-emoji: normal; font-variant-numeric: normal; font-variant-position: normal; line-height: 1; text-rendering: auto;'><\/span><\/a><a class=\"post-info__share-item post-info__share-icon share\" data-type=\"facebook\" href=\"https:\/\/vozao.net\/4c9RTN2\" style=\"box-sizing: inherit; display: inline-block; font-size: 2rem; line-height: 1; margin-right: 1.5rem; text-decoration-line: none; transition: 0.2s;\"><span class=\"fab fa-facebook-f\" style='-webkit-font-smoothing: antialiased; box-sizing: inherit; display: inline-block; font-family: \"Font Awesome 5 Brands\"; font-variant-alternates: normal; font-variant-east-asian: normal; font-variant-emoji: normal; font-variant-numeric: normal; font-variant-position: normal; line-height: 1; text-rendering: auto;'><\/span><\/a><a class=\"post-info__share-item post-info__share-icon share\" data-type=\"twitter\" href=\"https:\/\/vozao.net\/4c9RTN2\" style=\"box-sizing: inherit; display: inline-block; font-size: 2rem; line-height: 1; margin-right: 1.5rem; text-decoration-line: none; transition: 0.2s;\"><span class=\"fab fa-twitter\" style='-webkit-font-smoothing: antialiased; box-sizing: inherit; display: inline-block; font-family: \"Font Awesome 5 Brands\"; font-variant-alternates: normal; font-variant-east-asian: normal; font-variant-emoji: normal; font-variant-numeric: normal; font-variant-position: normal; line-height: 1; text-rendering: auto;'><\/span><\/a><\/div>\n<\/div>\n<\/section>\n<div class=\"post-content\" style='box-sizing: inherit; color: #555555; font-family: Roboto, \"Helvetica Neue\", Helvetica, Arial, sans-serif; font-size: 1.8rem;'>\n<figure class=\"post-figure margin-vertical--big\" style=\"box-sizing: inherit; margin: 4rem 0px;\"><img decoding=\"async\" alt=\"\" class=\"image fluid\" src=\"https:\/\/www.cearasc.com\/media\/img\/noticias\/7e57fc6b-59bd-4fcb-8f9d-7139ae8d3923.jpeg\" style=\"border-style: none; box-sizing: inherit; display: block; line-height: 1; max-width: 100%; position: relative; width: 396px;\"><figcaption class=\"post-figure__caption\" style=\"box-sizing: inherit; color: #66686b; font-size: 1.6rem; line-height: 1.2; margin-top: 1rem;\">Foto: Gabriel Silva\/Cear\u00e1 SC<\/figcaption><\/figure>\n<p style=\"box-sizing: inherit; margin: 0px 0px 1.2em;\">Novo camisa 3 do Cear\u00e1, o zagueiro Ronald foi mais um atleta anunciado pelo Cear\u00e1 para as disputas de 2026. Rec\u00e9m-chegado do Maring\u00e1\/PR, o defensor conversou com o cearasc.com e citou caracter\u00edsticas do Cear\u00e1 que o atra\u00edram e sua sensa\u00e7\u00e3o em vestir a camisa do Time do Povo.<\/p>\n<p style=\"box-sizing: inherit; margin: 0px 0px 1.2em;\">Em sua fala, Ronald enalteceu o peso da camisa do Cear\u00e1 e a for\u00e7a da equipe dentro e fora de campo. O zagueiro citou, ainda, a boa rela\u00e7\u00e3o instant\u00e2nea com todos do clube, ponto que tratou como um diferencial.<\/p>\n<p style=\"box-sizing: inherit; margin: 0px 0px 1.2em;\">\u201cTenho que, primeiramente, agradecer a Deus por essa porta que abriu aqui no Cear\u00e1, um clube gigantesco. A sensa\u00e7\u00e3o por vestir essa camisa n\u00e3o poderia ser melhor. Todos me receberam muito bem. Agora \u00e9 trabalhar para mostrar porque estou aqui\u201d, finalizou.<\/p>\n<p style=\"box-sizing: inherit; margin: 0px 0px 1.2em;\">Ronald j\u00e1 iniciou os treinamentos junto de seus novos companheiros. O zagueiro ser\u00e1 apresentado oficialmente nos pr\u00f3ximos dias e, na sequ\u00eancia, estrear\u00e1 com a camisa do Time do Povo.<\/p>\n<\/div>\n<div class=\"post-tags\" style='box-sizing: inherit; color: #333539; font-family: Roboto, \"Helvetica Neue\", Helvetica, Arial, sans-serif; font-size: 1.4rem; font-style: italic; margin-bottom: 1rem;'>\n<div class=\"ir ico\" style=\"box-sizing: inherit;\"><\/div>\n<p>Tags:<\/p><\/div>\n<\/div>\n","protected":false},"excerpt":{"rendered":"<p>\u00a0Zagueiro chega ao Time do Povo para um contrato v\u00e1lido at\u00e9 o fim de 2026 Link para compartilhamento:\u00a0\u00a0Copiar Foto: Gabriel Silva\/Cear\u00e1 SC Novo camisa 3 do Cear\u00e1, o zagueiro Ronald foi mais um atleta anunciado pelo Cear\u00e1 para as disputas de 2026. Rec\u00e9m-chegado do Maring\u00e1\/PR, o defensor conversou com o cearasc.com e citou caracter\u00edsticas do [&hellip;]<\/p>\n","protected":false},"author":88,"featured_media":65125,"comment_status":"closed","ping_status":"closed","sticky":false,"template":"","format":"standard","meta":{"_themeisle_gutenberg_block_has_review":false,"_jetpack_memberships_contains_paid_content":false,"footnotes":""},"categories":[4],"tags":[127,130],"class_list":{"0":"post-65124","1":"post","2":"type-post","3":"status-publish","4":"format-standard","5":"has-post-thumbnail","7":"category-regiao","8":"tag-cariri","9":"tag-ceara"},"jetpack_featured_media_url":"https:\/\/crajubaremacao.com.br\/wp-content\/uploads\/2026\/02\/7e57fc6b-59bd-4fcb-8f9d-7139ae8d3923.jpeg","jetpack_sharing_enabled":true,"_links":{"self":[{"href":"https:\/\/crajubaremacao.com.br\/index.php?rest_route=\/wp\/v2\/posts\/65124","targetHints":{"allow":["GET"]}}],"collection":[{"href":"https:\/\/crajubaremacao.com.br\/index.php?rest_route=\/wp\/v2\/posts"}],"about":[{"href":"https:\/\/crajubaremacao.com.br\/index.php?rest_route=\/wp\/v2\/types\/post"}],"author":[{"embeddable":true,"href":"https:\/\/crajubaremacao.com.br\/index.php?rest_route=\/wp\/v2\/users\/88"}],"replies":[{"embeddable":true,"href":"https:\/\/crajubaremacao.com.br\/index.php?rest_route=%2Fwp%2Fv2%2Fcomments&post=65124"}],"version-history":[{"count":0,"href":"https:\/\/crajubaremacao.com.br\/index.php?rest_route=\/wp\/v2\/posts\/65124\/revisions"}],"wp:featuredmedia":[{"embeddable":true,"href":"https:\/\/crajubaremacao.com.br\/index.php?rest_route=\/wp\/v2\/media\/65125"}],"wp:attachment":[{"href":"https:\/\/crajubaremacao.com.br\/index.php?rest_route=%2Fwp%2Fv2%2Fmedia&parent=65124"}],"wp:term":[{"taxonomy":"category","embeddable":true,"href":"https:\/\/crajubaremacao.com.br\/index.php?rest_route=%2Fwp%2Fv2%2Fcategories&post=65124"},{"taxonomy":"post_tag","embeddable":true,"href":"https:\/\/crajubaremacao.com.br\/index.php?rest_route=%2Fwp%2Fv2%2Ftags&post=65124"}],"curies":[{"name":"wp","href":"https:\/\/api.w.org\/{rel}","templated":true}]}}