{"id":65135,"date":"2026-02-07T12:15:20","date_gmt":"2026-02-07T15:15:20","guid":{"rendered":"https:\/\/crajubaremacao.com.br\/?p=65135"},"modified":"2026-02-07T12:15:20","modified_gmt":"2026-02-07T15:15:20","slug":"palmeiras-anuncia-contratacao-de-jhon-arias-ate-2029","status":"publish","type":"post","link":"https:\/\/crajubaremacao.com.br\/?p=65135","title":{"rendered":"Palmeiras anuncia contrata\u00e7\u00e3o de Jhon Arias at\u00e9 2029"},"content":{"rendered":"<div>\n<div style=\"margin-bottom: 15px;\"><img decoding=\"async\" class=\"type:primaryImage\" src=\"https:\/\/jpimg.com.br\/uploads\/2026\/02\/design-sem-nome-45-750x450.png\"><\/div>\n<p><?xml encoding=\"UTF-8\"><\/p>\n<p>O Palmeiras anunciou neste s\u00e1bado (7) a <strong>contrata\u00e7\u00e3o do atacante Jhon Arias<\/strong>, que estava no Wolverhampton, da Inglaterra. \u00cddolo recente do Fluminense, o colombiano de 28 anos assinou contrato com o clube paulista at\u00e9 <strong>dezembro de 2029<\/strong>.<\/p>\n<p>Arias ganhou destaque no futebol brasileiro durante a <strong>passagem pelo Fluminense<\/strong>, onde atuou entre 2021 e 2025. Pelo clube carioca, conquistou a Libertadores de 2023, dois t\u00edtulos do Campeonato Carioca (2022 e 2023) e a Recopa Sul-Americana de 2024. Ao todo, marcou 47 gols e distribuiu 55 assist\u00eancias.<\/p>\n<p>Formado nas categorias de base de Dorados de Sinaloa e Tijuana, no M\u00e9xico, Arias iniciou a carreira profissional na Col\u00f4mbia, passando por Llaneros e Patriotas. A proje\u00e7\u00e3o internacional veio ap\u00f3s o t\u00edtulo do Campeonato Colombiano de 2020 pelo Am\u00e9rica de Cali. No ano seguinte, defendeu o Independiente Santa F\u00e9, sequ\u00eancia que resultou na primeira convoca\u00e7\u00e3o para a Sele\u00e7\u00e3o Colombiana, em 2021.<\/p>\n<p>Ap\u00f3s ser eleito para a sele\u00e7\u00e3o da Copa do Mundo de Clubes de 2025, disputada nos Estados Unidos, Arias foi negociado com o Wolverhampton, onde vestiu a camisa 10 e disputou a Premier League.<\/p>\n<p>Jhon Arias \u00e9 o <strong>segundo refor\u00e7o<\/strong> confirmado pelo Palmeiras para a temporada 2026 e se torna o <strong>11\u00ba jogador colombiano<\/strong> a atuar pelo clube. Antes dele, defenderam a equipe paulista Richard R\u00edos, Atuesta, Rinc\u00f3n, Lozano, Asprilla, Mu\u00f1oz, Armero, Mina, Borja e Angulo.<\/p>\n<div class=\"list-related-posts\">\n<h3>Leia tamb\u00e9m<\/h3>\n<div class=\"related-posts-container\">\n<div class=\"related-post-item-container\">\n<div class=\"related-post\">\n<div class=\"img-related-box\">\n                                            <strong><a href=\"https:\/\/jovempan.com.br\/esportes\/do-calor-tropical-para-o-gelo-olimpico-a-audacia-inesquecivel-dos-herois-improvaveis.html\" title=\"Do calor tropical para o gelo ol\u00edmpico: a aud\u00e1cia inesquec\u00edvel dos her\u00f3is improv\u00e1veis\"><img decoding=\"async\" src=\"https:\/\/jpimg.com.br\/uploads\/2021\/11\/olimpiadas-de-inverno-e1638279253784.jpg\"><\/a><\/strong>\n                                        <\/div>\n<p>                                        <span class=\"box-the-title\"><br \/>\n                                            <strong><a href=\"https:\/\/jovempan.com.br\/esportes\/do-calor-tropical-para-o-gelo-olimpico-a-audacia-inesquecivel-dos-herois-improvaveis.html\" title=\"Do calor tropical para o gelo ol\u00edmpico: a aud\u00e1cia inesquec\u00edvel dos her\u00f3is improv\u00e1veis\">Do calor tropical para o gelo ol\u00edmpico: a aud\u00e1cia inesquec\u00edvel dos her\u00f3is improv\u00e1veis<\/a><\/strong><br \/>\n                                        <\/span>\n                                    <\/div>\n<div class=\"related-post\">\n<div class=\"img-related-box\">\n                                            <strong><a href=\"https:\/\/jovempan.com.br\/esportes\/bobsleigh-a-formula-1-do-gelo-e-o-impacto-da-tecnologia-na-velocidade.html\" title=\"Bobsleigh: a F\u00f3rmula 1 do gelo e o impacto da tecnologia na velocidade\"><img decoding=\"async\" src=\"https:\/\/jpimg.com.br\/uploads\/2026\/02\/treno-do-brasil-no-mundial-de-lake-placid-em-2025-.jpg\"><\/a><\/strong>\n                                        <\/div>\n<p>                                        <span class=\"box-the-title\"><br \/>\n                                            <strong><a href=\"https:\/\/jovempan.com.br\/esportes\/bobsleigh-a-formula-1-do-gelo-e-o-impacto-da-tecnologia-na-velocidade.html\" title=\"Bobsleigh: a F\u00f3rmula 1 do gelo e o impacto da tecnologia na velocidade\">Bobsleigh: a F\u00f3rmula 1 do gelo e o impacto da tecnologia na velocidade<\/a><\/strong><br \/>\n                                        <\/span>\n                                    <\/div>\n<\/p><\/div>\n<\/p><\/div>\n<\/p><\/div>\n<\/div>\n","protected":false},"excerpt":{"rendered":"<p>O Palmeiras anunciou neste s\u00e1bado (7) a contrata\u00e7\u00e3o do atacante Jhon Arias, que estava no Wolverhampton, da Inglaterra. \u00cddolo recente do Fluminense, o colombiano de 28 anos assinou contrato com o clube paulista at\u00e9 dezembro de 2029. Arias ganhou destaque no futebol brasileiro durante a passagem pelo Fluminense, onde atuou entre 2021 e 2025. Pelo [&hellip;]<\/p>\n","protected":false},"author":260,"featured_media":65136,"comment_status":"closed","ping_status":"closed","sticky":false,"template":"","format":"standard","meta":{"_themeisle_gutenberg_block_has_review":false,"_jetpack_memberships_contains_paid_content":false,"footnotes":""},"categories":[12],"tags":[153],"class_list":{"0":"post-65135","1":"post","2":"type-post","3":"status-publish","4":"format-standard","5":"has-post-thumbnail","7":"category-esportes","8":"tag-esportes"},"jetpack_featured_media_url":"https:\/\/crajubaremacao.com.br\/wp-content\/uploads\/2026\/02\/design-sem-nome-45-750x450-1.png","jetpack_sharing_enabled":true,"_links":{"self":[{"href":"https:\/\/crajubaremacao.com.br\/index.php?rest_route=\/wp\/v2\/posts\/65135","targetHints":{"allow":["GET"]}}],"collection":[{"href":"https:\/\/crajubaremacao.com.br\/index.php?rest_route=\/wp\/v2\/posts"}],"about":[{"href":"https:\/\/crajubaremacao.com.br\/index.php?rest_route=\/wp\/v2\/types\/post"}],"author":[{"embeddable":true,"href":"https:\/\/crajubaremacao.com.br\/index.php?rest_route=\/wp\/v2\/users\/260"}],"replies":[{"embeddable":true,"href":"https:\/\/crajubaremacao.com.br\/index.php?rest_route=%2Fwp%2Fv2%2Fcomments&post=65135"}],"version-history":[{"count":0,"href":"https:\/\/crajubaremacao.com.br\/index.php?rest_route=\/wp\/v2\/posts\/65135\/revisions"}],"wp:featuredmedia":[{"embeddable":true,"href":"https:\/\/crajubaremacao.com.br\/index.php?rest_route=\/wp\/v2\/media\/65136"}],"wp:attachment":[{"href":"https:\/\/crajubaremacao.com.br\/index.php?rest_route=%2Fwp%2Fv2%2Fmedia&parent=65135"}],"wp:term":[{"taxonomy":"category","embeddable":true,"href":"https:\/\/crajubaremacao.com.br\/index.php?rest_route=%2Fwp%2Fv2%2Fcategories&post=65135"},{"taxonomy":"post_tag","embeddable":true,"href":"https:\/\/crajubaremacao.com.br\/index.php?rest_route=%2Fwp%2Fv2%2Ftags&post=65135"}],"curies":[{"name":"wp","href":"https:\/\/api.w.org\/{rel}","templated":true}]}}