{"id":65437,"date":"2026-02-13T12:13:09","date_gmt":"2026-02-13T15:13:09","guid":{"rendered":"https:\/\/crajubaremacao.com.br\/?p=65437"},"modified":"2026-02-13T12:13:09","modified_gmt":"2026-02-13T15:13:09","slug":"nunes-conclui-retirada-da-upbus-do-sistema-de-transporte-por-suposta-ligacao-com-pcc","status":"publish","type":"post","link":"https:\/\/crajubaremacao.com.br\/?p=65437","title":{"rendered":"Nunes conclui retirada da UpBus do sistema de transporte por suposta liga\u00e7\u00e3o com PCC"},"content":{"rendered":"<div>\n<div style=\"margin-bottom: 15px;\"><img decoding=\"async\" class=\"type:primaryImage\" src=\"https:\/\/jpimg.com.br\/uploads\/2024\/06\/design-sem-nome-17-3-750x450.png\"><\/div>\n<p><?xml encoding=\"UTF-8\"><\/p>\n<p>A Prefeitura de S\u00e3o Paulo concluiu a retirada da empresa de \u00f4nibus <strong>UpBus, <\/strong>investigada por<strong> suposta liga\u00e7\u00e3o com o Primeiro Comando da Capital (PCC), <\/strong>do sistema municipal de transporte.<\/p>\n<p>Segundo a Secretaria Municipal de Mobilidade e Transporte (SMT), o termo aditivo ao contrato de concess\u00e3o do lote D4, anteriormente operado pela UpBus, <strong>transfere a opera\u00e7\u00e3o para a empresa Alfa Rodobus. <\/strong>O despacho foi publicado nesta sexta-feira (13) no Di\u00e1rio Oficial.<\/p>\n<p>A<strong> empresa Transwolff, que tamb\u00e9m \u00e9 alvo de investiga\u00e7\u00e3o<\/strong>, permanece sob gest\u00e3o da SPTrans, e uma<strong> nova licita\u00e7\u00e3o para a concess\u00e3o ser\u00e1 publicada.<\/strong><\/p>\n<p>A UpBus estava sob interven\u00e7\u00e3o da SPTrans desde abril de 2024. A\u00a0empresa j\u00e1 atua no sistema municipal de transporte de S\u00e3o Paulo e agora assume 13 linhas na regi\u00e3o, com uma frota de 138 \u00f4nibus. De acordo com a gest\u00e3o Nunes, cerca de 60 mil passageiros s\u00e3o transportados por dia nessas linhas.<\/p>\n<div class=\"list-related-posts\">\n<h3>Leia tamb\u00e9m<\/h3>\n<div class=\"related-posts-container\">\n<div class=\"related-post-item-container\">\n<div class=\"related-post\">\n<div class=\"img-related-box\">\n                                            <strong><a href=\"https:\/\/jovempan.com.br\/seguranca\/suspeitos-de-lavar-dinheiro-para-o-pcc-sao-presos-em-operacao-em-sao-paulo.html\" title=\"Suspeitos de lavar dinheiro para o PCC s\u00e3o presos em opera\u00e7\u00e3o em S\u00e3o Paulo\"><img decoding=\"async\" src=\"https:\/\/jpimg.com.br\/uploads\/2026\/02\/imagem-jvp-2026-02-12t101850.260.png\"><\/a><\/strong>\n                                        <\/div>\n<p>                                        <span class=\"box-the-title\"><br \/>\n                                            <strong><a href=\"https:\/\/jovempan.com.br\/seguranca\/suspeitos-de-lavar-dinheiro-para-o-pcc-sao-presos-em-operacao-em-sao-paulo.html\" title=\"Suspeitos de lavar dinheiro para o PCC s\u00e3o presos em opera\u00e7\u00e3o em S\u00e3o Paulo\">Suspeitos de lavar dinheiro para o PCC s\u00e3o presos em opera\u00e7\u00e3o em S\u00e3o Paulo<\/a><\/strong><br \/>\n                                        <\/span>\n                                    <\/div>\n<div class=\"related-post\">\n<div class=\"img-related-box\">\n                                            <strong><a href=\"https:\/\/jovempan.com.br\/opiniao-jovem-pan\/comentaristas\/bruno-pinheiro\/contarato-mira-master-e-pcc-e-pede-quebra-de-sigilos-na-cpi.html\" title=\"Contarato mira Master e PCC e pede quebra de sigilos na CPI\"><img decoding=\"async\" src=\"https:\/\/jpimg.com.br\/uploads\/2024\/10\/54070536147_a61f371c12_o.jpg\"><\/a><\/strong>\n                                        <\/div>\n<p>                                        <span class=\"box-the-title\"><br \/>\n                                            <strong><a href=\"https:\/\/jovempan.com.br\/opiniao-jovem-pan\/comentaristas\/bruno-pinheiro\/contarato-mira-master-e-pcc-e-pede-quebra-de-sigilos-na-cpi.html\" title=\"Contarato mira Master e PCC e pede quebra de sigilos na CPI\">Contarato mira Master e PCC e pede quebra de sigilos na CPI<\/a><\/strong><br \/>\n                                        <\/span>\n                                    <\/div>\n<\/p><\/div>\n<\/p><\/div>\n<\/p><\/div>\n<p>\u00a0<\/p>\n<\/div>\n","protected":false},"excerpt":{"rendered":"<p>A Prefeitura de S\u00e3o Paulo concluiu a retirada da empresa de \u00f4nibus UpBus, investigada por suposta liga\u00e7\u00e3o com o Primeiro Comando da Capital (PCC), do sistema municipal de transporte. Segundo a Secretaria Municipal de Mobilidade e Transporte (SMT), o termo aditivo ao contrato de concess\u00e3o do lote D4, anteriormente operado pela UpBus, transfere a opera\u00e7\u00e3o [&hellip;]<\/p>\n","protected":false},"author":117,"featured_media":65438,"comment_status":"closed","ping_status":"closed","sticky":false,"template":"","format":"standard","meta":{"_themeisle_gutenberg_block_has_review":false,"_jetpack_memberships_contains_paid_content":false,"footnotes":""},"categories":[9],"tags":[129],"class_list":{"0":"post-65437","1":"post","2":"type-post","3":"status-publish","4":"format-standard","5":"has-post-thumbnail","7":"category-politica","8":"tag-politica"},"jetpack_featured_media_url":"https:\/\/crajubaremacao.com.br\/wp-content\/uploads\/2026\/02\/design-sem-nome-17-3-750x450-1.png","jetpack_sharing_enabled":true,"_links":{"self":[{"href":"https:\/\/crajubaremacao.com.br\/index.php?rest_route=\/wp\/v2\/posts\/65437","targetHints":{"allow":["GET"]}}],"collection":[{"href":"https:\/\/crajubaremacao.com.br\/index.php?rest_route=\/wp\/v2\/posts"}],"about":[{"href":"https:\/\/crajubaremacao.com.br\/index.php?rest_route=\/wp\/v2\/types\/post"}],"author":[{"embeddable":true,"href":"https:\/\/crajubaremacao.com.br\/index.php?rest_route=\/wp\/v2\/users\/117"}],"replies":[{"embeddable":true,"href":"https:\/\/crajubaremacao.com.br\/index.php?rest_route=%2Fwp%2Fv2%2Fcomments&post=65437"}],"version-history":[{"count":0,"href":"https:\/\/crajubaremacao.com.br\/index.php?rest_route=\/wp\/v2\/posts\/65437\/revisions"}],"wp:featuredmedia":[{"embeddable":true,"href":"https:\/\/crajubaremacao.com.br\/index.php?rest_route=\/wp\/v2\/media\/65438"}],"wp:attachment":[{"href":"https:\/\/crajubaremacao.com.br\/index.php?rest_route=%2Fwp%2Fv2%2Fmedia&parent=65437"}],"wp:term":[{"taxonomy":"category","embeddable":true,"href":"https:\/\/crajubaremacao.com.br\/index.php?rest_route=%2Fwp%2Fv2%2Fcategories&post=65437"},{"taxonomy":"post_tag","embeddable":true,"href":"https:\/\/crajubaremacao.com.br\/index.php?rest_route=%2Fwp%2Fv2%2Ftags&post=65437"}],"curies":[{"name":"wp","href":"https:\/\/api.w.org\/{rel}","templated":true}]}}