{"id":65508,"date":"2026-02-15T00:03:00","date_gmt":"2026-02-15T03:03:00","guid":{"rendered":"https:\/\/crajubaremacao.com.br\/?p=65508"},"modified":"2026-02-15T00:03:00","modified_gmt":"2026-02-15T03:03:00","slug":"eua-e-europa-falam-em-uniao-apos-tensoes","status":"publish","type":"post","link":"https:\/\/crajubaremacao.com.br\/?p=65508","title":{"rendered":"EUA e Europa falam em uni\u00e3o ap\u00f3s tens\u00f5es"},"content":{"rendered":"<div>Americanos e europeus defendem uni\u00e3o em confer\u00eancia sobre seguran\u00e7a<br \/>\nDepois de meses de diverg\u00eancias, os governos dos Estados Unidos e da Europa falaram, neste s\u00e1bado (14), em uni\u00e3o. Foi na Confer\u00eancia de Seguran\u00e7a em Munique.<br \/>\nOs Estados Unidos chegaram na confer\u00eancia deste ano um tom mais suave. O Secret\u00e1rio de Estado Marco Rubio falou em uni\u00e3o. Mas tamb\u00e9m cobrou dos aliados um refor\u00e7o em defesa, fronteiras, e aten\u00e7\u00e3o aos rivais que &#8211; segundo ele &#8211; enchem os bolsos com investimento em petr\u00f3leo.<br \/>\nA chefe do bloco europeu admitiu que o continente levou um &#8220;choque de realidade&#8221; em 2025. Mas disse que reagiu com um aumento nos gastos de defesa.<br \/>\nO primeiro-ministro brit\u00e2nico disse que vai enviar um grupo de porta-avi\u00f5es pro Atl\u00e2ntico Norte, e pro \u00c1rtico, em parceria com a Otan.<br \/>\nSobre a a guerra na Ucr\u00e2nia, o presidente Volodymir Zelensky afirmou que a negocia\u00e7\u00e3o tem focado em concess\u00f5es apenas do lado ucraniano. E que seria ilus\u00e3o imaginar que a entrega de territ\u00f3rios \u00e0 R\u00fassia vai acabar com o conflito.<br \/>\nEm mais um movimento contra a R\u00fassia, o governo brit\u00e2nico afirmou na confer\u00eancia que o Kremlin \u00e9 o respons\u00e1vel pela morte de Alexei Navalny. Ele era o mais conhecido l\u00edder de oposi\u00e7\u00e3o ao governo de Vladimir Putin. Morreu em uma col\u00f4nia penal, em 2024.<br \/>\nYvette Cooper, ministra brit\u00e2nica do exterior, disse que Navalny foi morto com um veneno encontrado em r\u00e3s da Am\u00e9rica do Sul.<br \/>\nO comunicado conjunto com Su\u00e9cia, Fran\u00e7a, Alemanha e Holanda diz que exames de Navalny &#8220;confirmaram a presen\u00e7a de epibatidina&#8221;.  E que &#8220;a R\u00fassia tinha os meios, o motivo e a oportunidade para administrar esse veneno&#8221;.<br \/>\nO governo russo disse que Navalny morreu de causas naturais.<br \/>\nLEIA TAMB\u00c9M<br \/>\nEm Munique, mundo busca respostas \u00e0 &#8216;destrui\u00e7\u00e3o&#8217; de Trump<br \/>\nDiscurso de Rubio a aliados europeus adota tom mais brando, mas mant\u00e9m posi\u00e7\u00e3o firme de Trump<br \/>\nO que \u00e9 o &#8216;teste de Narva&#8217;, s\u00edmbolo da tens\u00e3o entre Europa e EUA sobre papel da Otan em caso de conflito<\/div>\n","protected":false},"excerpt":{"rendered":"<p>Americanos e europeus defendem uni\u00e3o em confer\u00eancia sobre seguran\u00e7a Depois de meses de diverg\u00eancias, os governos dos Estados Unidos e da Europa falaram, neste s\u00e1bado (14), em uni\u00e3o. Foi na Confer\u00eancia de Seguran\u00e7a em Munique. Os Estados Unidos chegaram na confer\u00eancia deste ano um tom mais suave. O Secret\u00e1rio de Estado Marco Rubio falou em [&hellip;]<\/p>\n","protected":false},"author":261,"featured_media":0,"comment_status":"closed","ping_status":"closed","sticky":false,"template":"","format":"standard","meta":{"_themeisle_gutenberg_block_has_review":false,"_jetpack_memberships_contains_paid_content":false,"footnotes":""},"categories":[5],"tags":[155],"class_list":{"0":"post-65508","1":"post","2":"type-post","3":"status-publish","4":"format-standard","6":"category-internacionais","7":"tag-mundo"},"jetpack_featured_media_url":"","jetpack_sharing_enabled":true,"_links":{"self":[{"href":"https:\/\/crajubaremacao.com.br\/index.php?rest_route=\/wp\/v2\/posts\/65508","targetHints":{"allow":["GET"]}}],"collection":[{"href":"https:\/\/crajubaremacao.com.br\/index.php?rest_route=\/wp\/v2\/posts"}],"about":[{"href":"https:\/\/crajubaremacao.com.br\/index.php?rest_route=\/wp\/v2\/types\/post"}],"author":[{"embeddable":true,"href":"https:\/\/crajubaremacao.com.br\/index.php?rest_route=\/wp\/v2\/users\/261"}],"replies":[{"embeddable":true,"href":"https:\/\/crajubaremacao.com.br\/index.php?rest_route=%2Fwp%2Fv2%2Fcomments&post=65508"}],"version-history":[{"count":0,"href":"https:\/\/crajubaremacao.com.br\/index.php?rest_route=\/wp\/v2\/posts\/65508\/revisions"}],"wp:attachment":[{"href":"https:\/\/crajubaremacao.com.br\/index.php?rest_route=%2Fwp%2Fv2%2Fmedia&parent=65508"}],"wp:term":[{"taxonomy":"category","embeddable":true,"href":"https:\/\/crajubaremacao.com.br\/index.php?rest_route=%2Fwp%2Fv2%2Fcategories&post=65508"},{"taxonomy":"post_tag","embeddable":true,"href":"https:\/\/crajubaremacao.com.br\/index.php?rest_route=%2Fwp%2Fv2%2Ftags&post=65508"}],"curies":[{"name":"wp","href":"https:\/\/api.w.org\/{rel}","templated":true}]}}