{"id":65511,"date":"2026-02-15T03:09:18","date_gmt":"2026-02-15T06:09:18","guid":{"rendered":"https:\/\/crajubaremacao.com.br\/?p=65511"},"modified":"2026-02-15T03:09:18","modified_gmt":"2026-02-15T06:09:18","slug":"funceme-emite-aviso-de-risco-para-chuvas-intensas-no-ceara-veja-lista-de-cidades","status":"publish","type":"post","link":"https:\/\/crajubaremacao.com.br\/?p=65511","title":{"rendered":"Funceme emite aviso de risco para chuvas intensas no Cear\u00e1; veja lista de cidades"},"content":{"rendered":"<div><img decoding=\"async\" src=\"https:\/\/s2-g1.glbimg.com\/MpcWFSRAbeS7L4wjppDxjcsfyb0=\/i.s3.glbimg.com\/v1\/AUTH_59edd422c0c84a879bd37670ae4f538a\/internal_photos\/bs\/2023\/y\/z\/al35HjRJWtNfOzXYumTg\/chuva-fortaleza-1.jpeg\"><br \/>     Os estragos da chuva na Capital e no Interior<br \/>\nA Funda\u00e7\u00e3o Cearense de Meteorologia e Recursos H\u00eddricos (Funceme) emitiu um alerta para a possibilidade de chuvas intensas no sul do Cear\u00e1 entre s\u00e1bado (14) e domingo (15). O aviso aponta risco m\u00e9dio, com probabilidade entre 41% e 70%.<br \/>\nSegundo o \u00f3rg\u00e3o, o aviso \u00e9 v\u00e1lido a partir das 16h deste s\u00e1bado e segue at\u00e9 as 10h de domingo (15). A tend\u00eancia \u00e9 que os maiores acumulados sejam registrados principalmente durante a noite de s\u00e1bado e a madrugada de domingo.<br \/>\nClique aqui para seguir o canal do g1 Cear\u00e1 no WhatsApp<br \/>\nO alerta aponta risco de chuvas intensas em todo o Cariri, al\u00e9m de \u00e1reas da Jaguaribana e do Sert\u00e3o Central e Inhamuns.<br \/>\nAl\u00e9m das precipita\u00e7\u00f5es intensas, a Funceme n\u00e3o descarta a ocorr\u00eancia de descargas el\u00e9tricas e rajadas de vento nas \u00e1reas afetadas.<br \/>\nRisco de chuvas em Fortaleza \u00e9 considerado baixo.<br \/>\nFabiane de Paula\/SVM<br \/>\n&#x2614; Regi\u00f5es sob maior risco<br \/>\nO alerta abrange macrorregi\u00f5es situadas na parte sul do Estado. Confira a lista de cidades, por regi\u00e3o:<br \/>\nJaguaribana: Alto Santo, Erer\u00e9, Ic\u00f3, Iracema, Jaguaretama, Jaguaribara, Jaguaribe, Or\u00f3s, Pereiro, Potiretama.<br \/>\nCariri: Abaiara, Altaneira, Aurora, Baixio, Barbalha, Barro, Brejo Santo, Cariria\u00e7u, Cari\u00fas, Cedro, Crato, Farias Brito, Granjeiro, Ipaumirim, Jardim, Jati, Juazeiro do Norte, Juc\u00e1s, Lavras da Mangabeira, Mauriti, Milagres, Miss\u00e3o Velha, Nova Olinda, Penaforte, Porteiras, Santana do Cariri, Umari e V\u00e1rzea Alegre.<br \/>\nSert\u00e3o Central e Inhamuns: Acopiara, Aiuaba, Antonina do Norte, Araripe, Arneiroz, Assar\u00e9, Campos Sales, Catarina, Crate\u00fas, Deputado Irapuan Pinheiro, Iguatu, Independ\u00eancia, Milh\u00e3, Momba\u00e7a, Novo Oriente, Parambu, Pedra Branca, Piquet Carneiro, Potengi, Quiterian\u00f3polis, Quixel\u00f4, Saboeiro, Salitre, Senador Pompeu, Solon\u00f3pole, Tarrafas, Tau\u00e1<br \/>\nNas demais regi\u00f5es, como o Litoral de Fortaleza e o Maci\u00e7o de Baturit\u00e9, o risco \u00e9 considerado baixo, com probabilidade inferior a 20% para eventos semelhantes no mesmo per\u00edodo.<br \/>\nDiferen\u00e7a entre aviso e previs\u00e3o<br \/>\nA Funceme destaca que o aviso meteorol\u00f3gico difere da previs\u00e3o do tempo convencional. Enquanto a previs\u00e3o informa as condi\u00e7\u00f5es esperadas para determinado per\u00edodo, o aviso \u00e9 direcionado a fen\u00f4menos potencialmente perigosos que podem representar riscos \u00e0 popula\u00e7\u00e3o.<br \/>\nA an\u00e1lise que fundamenta o comunicado considera dados de modelos num\u00e9ricos globais e regionais, al\u00e9m de diferentes ferramentas de monitoramento meteorol\u00f3gico. O \u00f3rg\u00e3o orienta que a popula\u00e7\u00e3o acompanhe as atualiza\u00e7\u00f5es oficiais e adote medidas preventivas em caso de intensifica\u00e7\u00e3o das chuvas.<br \/>\nAssista aos v\u00eddeos mais vistos do Cear\u00e1:<\/div>\n","protected":false},"excerpt":{"rendered":"<p>Os estragos da chuva na Capital e no Interior A Funda\u00e7\u00e3o Cearense de Meteorologia e Recursos H\u00eddricos (Funceme) emitiu um alerta para a possibilidade de chuvas intensas no sul do Cear\u00e1 entre s\u00e1bado (14) e domingo (15). O aviso aponta risco m\u00e9dio, com probabilidade entre 41% e 70%. Segundo o \u00f3rg\u00e3o, o aviso \u00e9 v\u00e1lido [&hellip;]<\/p>\n","protected":false},"author":264,"featured_media":65512,"comment_status":"closed","ping_status":"closed","sticky":false,"template":"","format":"standard","meta":{"_themeisle_gutenberg_block_has_review":false,"_jetpack_memberships_contains_paid_content":false,"footnotes":""},"categories":[4],"tags":[127,130],"class_list":{"0":"post-65511","1":"post","2":"type-post","3":"status-publish","4":"format-standard","5":"has-post-thumbnail","7":"category-regiao","8":"tag-cariri","9":"tag-ceara"},"jetpack_featured_media_url":"https:\/\/crajubaremacao.com.br\/wp-content\/uploads\/2026\/02\/chuva-fortaleza-1.jpeg","jetpack_sharing_enabled":true,"_links":{"self":[{"href":"https:\/\/crajubaremacao.com.br\/index.php?rest_route=\/wp\/v2\/posts\/65511","targetHints":{"allow":["GET"]}}],"collection":[{"href":"https:\/\/crajubaremacao.com.br\/index.php?rest_route=\/wp\/v2\/posts"}],"about":[{"href":"https:\/\/crajubaremacao.com.br\/index.php?rest_route=\/wp\/v2\/types\/post"}],"author":[{"embeddable":true,"href":"https:\/\/crajubaremacao.com.br\/index.php?rest_route=\/wp\/v2\/users\/264"}],"replies":[{"embeddable":true,"href":"https:\/\/crajubaremacao.com.br\/index.php?rest_route=%2Fwp%2Fv2%2Fcomments&post=65511"}],"version-history":[{"count":0,"href":"https:\/\/crajubaremacao.com.br\/index.php?rest_route=\/wp\/v2\/posts\/65511\/revisions"}],"wp:featuredmedia":[{"embeddable":true,"href":"https:\/\/crajubaremacao.com.br\/index.php?rest_route=\/wp\/v2\/media\/65512"}],"wp:attachment":[{"href":"https:\/\/crajubaremacao.com.br\/index.php?rest_route=%2Fwp%2Fv2%2Fmedia&parent=65511"}],"wp:term":[{"taxonomy":"category","embeddable":true,"href":"https:\/\/crajubaremacao.com.br\/index.php?rest_route=%2Fwp%2Fv2%2Fcategories&post=65511"},{"taxonomy":"post_tag","embeddable":true,"href":"https:\/\/crajubaremacao.com.br\/index.php?rest_route=%2Fwp%2Fv2%2Ftags&post=65511"}],"curies":[{"name":"wp","href":"https:\/\/api.w.org\/{rel}","templated":true}]}}