{"id":65513,"date":"2026-02-15T03:09:30","date_gmt":"2026-02-15T06:09:30","guid":{"rendered":"https:\/\/crajubaremacao.com.br\/?p=65513"},"modified":"2026-02-15T03:09:30","modified_gmt":"2026-02-15T06:09:30","slug":"vasco-bate-volta-redonda-nos-penaltis-sob-vaias-e-avanca-a-semifinal-do-carioca","status":"publish","type":"post","link":"https:\/\/crajubaremacao.com.br\/?p=65513","title":{"rendered":"Vasco bate Volta Redonda nos p\u00eanaltis, sob vaias, e avan\u00e7a \u00e0 semifinal do Carioca"},"content":{"rendered":"<div>\n<div style=\"margin-bottom: 15px;\"><img decoding=\"async\" class=\"type:primaryImage\" src=\"https:\/\/jpimg.com.br\/uploads\/2025\/07\/fernando-diniz-em-coletiva-apos-jogo-contra-o-gremio-foto-matheus-guimaraes-lance-750x469.jpg\"><\/div>\n<p><?xml encoding=\"UTF-8\"><\/p>\n<p>Com muito drama, o Vasco est\u00e1 classificado \u00e0 semifinal do Campeonato Carioca 2026. Na noite deste s\u00e1bado, o time carioca voltou a S\u00e3o Janu\u00e1rio para encarar o Volta Redonda, pelas quartas de final da competi\u00e7\u00e3o estadual, e ap\u00f3s um 1 a 1 no tempo regulamentar, superou o advers\u00e1rio por 5 a 3, nos p\u00eanaltis<\/p>\n<p>Com o resultado, o Vasco agora se prepara para a disputa da semifinal estadual, na qual ir\u00e1 enfrentar o vencedor de Fluminense x Bangu, que se enfrentam na segunda-feira, \u00e0s 18h, no Maracan\u00e3. J\u00e1 o Volta Redonda, que teve como principal destaque o goleiro Avelino, agora se prepara para a disputa da S\u00e9rie C do Campeonato Brasileiro. Antes, o time fluminense disputar\u00e1 a Copa Rio, junto dos outros eliminados nas quartas de final.<\/p>\n<p>Pelo Brasileir\u00e3o, o time da capital carioca volta a campo apenas na pr\u00f3xima quinta-feira, quando a partir das 19h encara o Santos, na Vila Belmiro, pela quarta rodada.<\/p>\n<p>Ainda tentando se encontrar na temporada, o Vasco iniciou o jogo, como de costume, dominando a posse de bola, mas sem encontrar objetividade. Do outro lado, o Volta Redonda apostou nos contra-ataques, o que quase deu certo aos nove, quando MV recebeu de cara para o gol, mas escorregou na hora do chute.<\/p>\n<p>Entretanto, a defesa do time comandado por Fernando Diniz, mais uma vez, vacilou. Aos 27, ap\u00f3s roubada de bola no meio-campo, Jean Victor lan\u00e7ou para Ygor Catatau, que tirou de Cuesta e tocou na sa\u00edda de L\u00e9o Jardim para abrir o marcador fora de casa<\/p>\n<p>Ap\u00f3s o gol, o Vasco seguiu rondando a \u00e1rea advers\u00e1ria, mas sem conseguir chegar ao gol, parando na defesa muito bem postada do time visitante, que foi para o intervalo em vantagem.<\/p>\n<p>Na volta para o segundo tempo, o time de Diniz voltou sob vaias e com mudan\u00e7as, o que surtiu efeito. Aos seis, Robert Renan cabeceou para fora. J\u00e1 aos 14, Puma Rodr\u00edguez recebeu de Tch\u00ea Tch\u00ea, mas livre, dominou errado e deu a bola para Avelino.<\/p>\n<p>Entretanto, a press\u00e3o do time da casa deu certo. Aos 21, Cuesta cruzou na cabe\u00e7a de Spinelli, que em seu primeiro toque na bola, mandou para o fundo do gol e deixou tudo igual no placar. E a virada quase veio aos 23, quando Andr\u00e9s G\u00f3mez cruzou e Rojas, de voleio, parou em milagre de Avelino.<\/p>\n<p>O goleiro do Volta Redonda salvou mais uma aos 27, quando Brenner desviou chute de Andr\u00e9s G\u00f3mez, e no rebote, o colombiano mandou para fora. Nos minutos finais, o Vasco seguiu ao ataque, mas voltando a pecar na objetividade, e at\u00e9 chegou a criar uma grande chance em chute de Andr\u00e9s G\u00f3mez, aos 48, mas Avelino pegou mais uma e levou a decis\u00e3o para os p\u00eanaltis.<\/p>\n<p>Na disputa, Rojas colocou o Vasco na frente, Marquinhos mandou para fora, Tch\u00ea Tch\u00ea, Lucas Adell, Spinelli, Wagninho, David e Rafael Augusto fizeram em sequ\u00eancia, deixando a decis\u00e3o nos p\u00e9s de Puma Rodr\u00edguez, que n\u00e3o desperdi\u00e7ou e colocou o time de S\u00e3o Janu\u00e1rio na semifinal.<\/p>\n<p>*Estad\u00e3o Conte\u00fado<\/p>\n<\/div>\n","protected":false},"excerpt":{"rendered":"<p>Com muito drama, o Vasco est\u00e1 classificado \u00e0 semifinal do Campeonato Carioca 2026. Na noite deste s\u00e1bado, o time carioca voltou a S\u00e3o Janu\u00e1rio para encarar o Volta Redonda, pelas quartas de final da competi\u00e7\u00e3o estadual, e ap\u00f3s um 1 a 1 no tempo regulamentar, superou o advers\u00e1rio por 5 a 3, nos p\u00eanaltis Com [&hellip;]<\/p>\n","protected":false},"author":260,"featured_media":65514,"comment_status":"closed","ping_status":"closed","sticky":false,"template":"","format":"standard","meta":{"_themeisle_gutenberg_block_has_review":false,"_jetpack_memberships_contains_paid_content":false,"footnotes":""},"categories":[12],"tags":[153],"class_list":{"0":"post-65513","1":"post","2":"type-post","3":"status-publish","4":"format-standard","5":"has-post-thumbnail","7":"category-esportes","8":"tag-esportes"},"jetpack_featured_media_url":"https:\/\/crajubaremacao.com.br\/wp-content\/uploads\/2026\/02\/fernando-diniz-em-coletiva-apos-jogo-contra-o-gremio-foto-matheus-guimaraes-lance-750x469-1.jpg","jetpack_sharing_enabled":true,"_links":{"self":[{"href":"https:\/\/crajubaremacao.com.br\/index.php?rest_route=\/wp\/v2\/posts\/65513","targetHints":{"allow":["GET"]}}],"collection":[{"href":"https:\/\/crajubaremacao.com.br\/index.php?rest_route=\/wp\/v2\/posts"}],"about":[{"href":"https:\/\/crajubaremacao.com.br\/index.php?rest_route=\/wp\/v2\/types\/post"}],"author":[{"embeddable":true,"href":"https:\/\/crajubaremacao.com.br\/index.php?rest_route=\/wp\/v2\/users\/260"}],"replies":[{"embeddable":true,"href":"https:\/\/crajubaremacao.com.br\/index.php?rest_route=%2Fwp%2Fv2%2Fcomments&post=65513"}],"version-history":[{"count":0,"href":"https:\/\/crajubaremacao.com.br\/index.php?rest_route=\/wp\/v2\/posts\/65513\/revisions"}],"wp:featuredmedia":[{"embeddable":true,"href":"https:\/\/crajubaremacao.com.br\/index.php?rest_route=\/wp\/v2\/media\/65514"}],"wp:attachment":[{"href":"https:\/\/crajubaremacao.com.br\/index.php?rest_route=%2Fwp%2Fv2%2Fmedia&parent=65513"}],"wp:term":[{"taxonomy":"category","embeddable":true,"href":"https:\/\/crajubaremacao.com.br\/index.php?rest_route=%2Fwp%2Fv2%2Fcategories&post=65513"},{"taxonomy":"post_tag","embeddable":true,"href":"https:\/\/crajubaremacao.com.br\/index.php?rest_route=%2Fwp%2Fv2%2Ftags&post=65513"}],"curies":[{"name":"wp","href":"https:\/\/api.w.org\/{rel}","templated":true}]}}