{"id":65524,"date":"2026-02-15T09:05:57","date_gmt":"2026-02-15T12:05:57","guid":{"rendered":"https:\/\/crajubaremacao.com.br\/?p=65524"},"modified":"2026-02-15T09:05:57","modified_gmt":"2026-02-15T12:05:57","slug":"pressionado-fernando-diniz-assegura-permanencia-no-vasco-nunca-pedi-demissao","status":"publish","type":"post","link":"https:\/\/crajubaremacao.com.br\/?p=65524","title":{"rendered":"Pressionado, Fernando Diniz assegura perman\u00eancia no Vasco: \u2018Nunca pedi demiss\u00e3o\u2019"},"content":{"rendered":"<div>\n<div style=\"margin-bottom: 15px;\"><img decoding=\"async\" class=\"type:primaryImage\" src=\"https:\/\/jpimg.com.br\/uploads\/2025\/08\/fernando-diniz-em-coletiva-apos-jogo-contra-o-botafogo-foto-pedro-cobalea-lance-750x469.jpg\"><\/div>\n<p><?xml encoding=\"UTF-8\"><\/p>\n<p>O Vasco esteve pr\u00f3ximo da elimina\u00e7\u00e3o no Campeonato Carioca ao enfrentar o Volta Redonda neste s\u00e1bado em S\u00e3o Janu\u00e1rio. O time do t\u00e9cnico Fernando Diniz virou o primeiro tempo perdendo por 1 a 0, conseguiu o empate na segunda etapa e garantiu a classifica\u00e7\u00e3o nos p\u00eanaltis.<\/p>\n<p>Diniz e a dire\u00e7\u00e3o vasca\u00edna foram alvos de protestos da torcida ap\u00f3s a partida. Apesar disso, o t\u00e9cnico garantiu sua perman\u00eancia no clube, que enfrenta na semifinal o vencedor de Fluminense e Bangu.<\/p>\n<p>\u201cNunca pedi demiss\u00e3o e nunca sa\u00ed para outro clube. Nunca deixei um time. Se acontecer alguma coisa, vou ser mandado embora. Dificilmente vou pedir demiss\u00e3o\u201d, afirmou Diniz ap\u00f3s a dificuldade para superar uma equipe que est\u00e1 na S\u00e9rie C do Campeonato Brasileiro.<\/p>\n<p>O t\u00e9cnico afirmou ter confian\u00e7a em seu trabalho, apesar das dificuldades atuais. \u201cO placar final \u00e9 soberano. Ningu\u00e9m discute isso. Eu tenho confian\u00e7a no trabalho\u201d, disse Diniz, que lembrou m\u00e1 fase parecida quando dirigia o Fluminense, em 2023.<\/p>\n<p>\u201cO trabalho, minha vida sempre foi assim\u201d, disse. \u201cO Fluminense teve um momento da temporada que ficou dez jogos sem vencer. Igual a aqui, torcida insatisfeita. O time conseguiu Libertadores e Recopa\u201d, lembrou.<\/p>\n<p>*Estad\u00e3o Conte\u00fado<\/p>\n<\/div>\n","protected":false},"excerpt":{"rendered":"<p>O Vasco esteve pr\u00f3ximo da elimina\u00e7\u00e3o no Campeonato Carioca ao enfrentar o Volta Redonda neste s\u00e1bado em S\u00e3o Janu\u00e1rio. O time do t\u00e9cnico Fernando Diniz virou o primeiro tempo perdendo por 1 a 0, conseguiu o empate na segunda etapa e garantiu a classifica\u00e7\u00e3o nos p\u00eanaltis. Diniz e a dire\u00e7\u00e3o vasca\u00edna foram alvos de protestos [&hellip;]<\/p>\n","protected":false},"author":260,"featured_media":65525,"comment_status":"closed","ping_status":"closed","sticky":false,"template":"","format":"standard","meta":{"_themeisle_gutenberg_block_has_review":false,"_jetpack_memberships_contains_paid_content":false,"footnotes":""},"categories":[12],"tags":[153],"class_list":{"0":"post-65524","1":"post","2":"type-post","3":"status-publish","4":"format-standard","5":"has-post-thumbnail","7":"category-esportes","8":"tag-esportes"},"jetpack_featured_media_url":"https:\/\/crajubaremacao.com.br\/wp-content\/uploads\/2026\/02\/fernando-diniz-em-coletiva-apos-jogo-contra-o-botafogo-foto-pedro-cobalea-lance-750x469-1.jpg","jetpack_sharing_enabled":true,"_links":{"self":[{"href":"https:\/\/crajubaremacao.com.br\/index.php?rest_route=\/wp\/v2\/posts\/65524","targetHints":{"allow":["GET"]}}],"collection":[{"href":"https:\/\/crajubaremacao.com.br\/index.php?rest_route=\/wp\/v2\/posts"}],"about":[{"href":"https:\/\/crajubaremacao.com.br\/index.php?rest_route=\/wp\/v2\/types\/post"}],"author":[{"embeddable":true,"href":"https:\/\/crajubaremacao.com.br\/index.php?rest_route=\/wp\/v2\/users\/260"}],"replies":[{"embeddable":true,"href":"https:\/\/crajubaremacao.com.br\/index.php?rest_route=%2Fwp%2Fv2%2Fcomments&post=65524"}],"version-history":[{"count":0,"href":"https:\/\/crajubaremacao.com.br\/index.php?rest_route=\/wp\/v2\/posts\/65524\/revisions"}],"wp:featuredmedia":[{"embeddable":true,"href":"https:\/\/crajubaremacao.com.br\/index.php?rest_route=\/wp\/v2\/media\/65525"}],"wp:attachment":[{"href":"https:\/\/crajubaremacao.com.br\/index.php?rest_route=%2Fwp%2Fv2%2Fmedia&parent=65524"}],"wp:term":[{"taxonomy":"category","embeddable":true,"href":"https:\/\/crajubaremacao.com.br\/index.php?rest_route=%2Fwp%2Fv2%2Fcategories&post=65524"},{"taxonomy":"post_tag","embeddable":true,"href":"https:\/\/crajubaremacao.com.br\/index.php?rest_route=%2Fwp%2Fv2%2Ftags&post=65524"}],"curies":[{"name":"wp","href":"https:\/\/api.w.org\/{rel}","templated":true}]}}