{"id":65587,"date":"2026-02-17T00:10:50","date_gmt":"2026-02-17T03:10:50","guid":{"rendered":"https:\/\/crajubaremacao.com.br\/?p=65587"},"modified":"2026-02-17T00:10:50","modified_gmt":"2026-02-17T03:10:50","slug":"bombeiros-encontram-corpo-durante-buscas-por-vitimas-do-naufragio-no-am","status":"publish","type":"post","link":"https:\/\/crajubaremacao.com.br\/?p=65587","title":{"rendered":"Bombeiros encontram corpo durante buscas por v\u00edtimas do naufr\u00e1gio no AM"},"content":{"rendered":"<div>\n<div style=\"margin-bottom: 15px;\"><img decoding=\"async\" class=\"type:primaryImage\" src=\"https:\/\/crajubaremacao.com.br\/wp-content\/uploads\/2026\/02\/vitimas-a-deriva-apos-naufragio-no-encontro-das-Aguas-750x450-1.jpg\"><\/div>\n<p><?xml encoding=\"UTF-8\"><\/p>\n<p>O Corpo de Bombeiros Militar do Amazonas (CBMAM) encontrou, nesta segunda-feira (16), o corpo de uma das sete pessoas que desapareceram no naufr\u00e1gio da lancha Lima de Abreu XV. A informa\u00e7\u00e3o foi confirmada pelo CBMAM, que tamb\u00e9m afirmaram que o corpo \u00e9 de um homem de 39 anos.<\/p>\n<p>De acordo com o CBMAM, o corpo foi localizado no Rio Amazonas e foi levado para a base fluvial da corpora\u00e7\u00e3o, no Porto de Manaus, e encaminhado ao Instituto M\u00e9dico Legal (IML).<\/p>\n<p>O vice-prefeito de Nova Olinda do Norte, Cristian Martins, publicou nas redes sociais uma nota confirmando que as caracter\u00edsticas do corpo encontrado correspondem a Fernando Grandez, presente na lancha no dia do acidente. O comunicado tamb\u00e9m informa que a fam\u00edlia j\u00e1 foi informada e que as buscas continuam.<\/p>\n<p>No \u00faltimo s\u00e1bado (14) o Governo de S\u00e3o Paulo enviou uma equipe do Grupamento de Bombeiros Mar\u00edtimo (GBMar) para prestar apoio t\u00e9cnico especializado nas buscas subaqu\u00e1ticas \u00e0s v\u00edtimas do naufr\u00e1gio da embarca\u00e7\u00e3o Lima de Abreu XV, que transportava 80 passageiros. O acidente foi na regi\u00e3o do encontro das \u00e1guas dos rios Negro e Solim\u00f5es, no munic\u00edpio de Manaus (AM), na tarde de sexta-feira (13), na regi\u00e3o do <strong>Encontro das \u00c1guas<\/strong>\u00a0no trajeto entre Manaus e Nova Olinda do Norte, no Amazonas.<\/p>\n<p>Segundo o Corpo de Bombeiros Militar do Amazonas, 71 pessoas foram resgatadas com vida. Das outras 9 pessoas, segundo o relat\u00f3rio do Instituto M\u00e9dico Legal (IML), ao menos duas morreram \u2013 uma crian\u00e7a de 3 anos e a jovem Lara Bianca, de 22 anos \u2013 at\u00e9 a confirma\u00e7\u00e3o, 7 ainda continuam est\u00e3o desaparecidas.<\/p>\n<h2>\u00a0Desdobramentos do acidente<\/h2>\n<p>A empresa Lima de Abreu Navega\u00e7\u00f5es afirmou em nota, no dia da trag\u00e9dia, que as condi\u00e7\u00f5es da lancha estavam dentro da regularidade. \u201cA embarca\u00e7\u00e3o encontrava-se devidamente regular, com documenta\u00e7\u00e3o v\u00e1lida, inspe\u00e7\u00f5es atualizadas e operando em conformidade com as normas da navega\u00e7\u00e3o\u201d, explicou.<\/p>\n<p>Jos\u00e9 Pedro da Silva Gama, de 42 anos, era o comandante da lancha e foi preso em flagrante no porto de Manaus, onde foi encontrado com outros sobreviventes. Por\u00e9m, ap\u00f3s pagar a fian\u00e7a, foi liberado e responder\u00e1 por homic\u00eddio culposo. A Justi\u00e7a solicitou pris\u00e3o preventiva do piloto ainda no s\u00e1bado (14).<\/p>\n<p>V\u00eddeos que foram publicados nas redes sociais mostram as v\u00edtimas \u00e0 deriva com colete salva-vidas e em cima de botes enquanto aguardam por resgate. Uma das passageiras fez uma grava\u00e7\u00e3o momentos ap\u00f3s o naufr\u00e1gio, ainda \u00e0 deriva. Na filmagem ela afirma que pediu para o condutor ir com mais calma. \u201c<strong>Eu falei para o mo\u00e7o ir devagar<\/strong>, que n\u00e3o era brincadeira\u201d, diz a passageira no v\u00eddeo de apenas sete segundos.<\/p>\n<div class=\"list-related-posts\">\n<h3>Leia tamb\u00e9m<\/h3>\n<div class=\"related-posts-container\">\n<div class=\"related-post-item-container\">\n<div class=\"related-post\">\n<div class=\"img-related-box\">\n                                            <strong><a href=\"https:\/\/jovempan.com.br\/noticias\/brasil\/bombeiros-de-sp-vao-ate-manaus-para-auxiliar-nas-buscas-de-naufragio.html\" title=\"Bombeiros de SP v\u00e3o at\u00e9 Manaus para auxiliar nas buscas de naufr\u00e1gio\"><img decoding=\"async\" src=\"https:\/\/crajubaremacao.com.br\/wp-content\/uploads\/2026\/02\/bombeiros-de-sp-em-manaus.jpg\"><\/a><\/strong>\n                                        <\/div>\n<p>                                        <span class=\"box-the-title\"><br \/>\n                                            <strong><a href=\"https:\/\/jovempan.com.br\/noticias\/brasil\/bombeiros-de-sp-vao-ate-manaus-para-auxiliar-nas-buscas-de-naufragio.html\" title=\"Bombeiros de SP v\u00e3o at\u00e9 Manaus para auxiliar nas buscas de naufr\u00e1gio\">Bombeiros de SP v\u00e3o at\u00e9 Manaus para auxiliar nas buscas de naufr\u00e1gio<\/a><\/strong><br \/>\n                                        <\/span>\n                                    <\/div>\n<div class=\"related-post\">\n<div class=\"img-related-box\">\n                                            <strong><a href=\"https:\/\/jovempan.com.br\/noticias\/brasil\/embarcacao-afunda-em-manaus-ao-menos-uma-morte-e-confirmada.html\" title=\"Embarca\u00e7\u00e3o afunda em Manaus; ao menos duas mortes foram confirmadas\"><img decoding=\"async\" src=\"https:\/\/crajubaremacao.com.br\/wp-content\/uploads\/2026\/02\/vitimas-a-deriva-apos-naufragio-no-encontro-das-Aguas.jpg\"><\/a><\/strong>\n                                        <\/div>\n<p>                                        <span class=\"box-the-title\"><br \/>\n                                            <strong><a href=\"https:\/\/jovempan.com.br\/noticias\/brasil\/embarcacao-afunda-em-manaus-ao-menos-uma-morte-e-confirmada.html\" title=\"Embarca\u00e7\u00e3o afunda em Manaus; ao menos duas mortes foram confirmadas\">Embarca\u00e7\u00e3o afunda em Manaus; ao menos duas mortes foram confirmadas<\/a><\/strong><br \/>\n                                        <\/span>\n                                    <\/div>\n<\/p><\/div>\n<\/p><\/div>\n<\/p><\/div>\n<\/div>\n","protected":false},"excerpt":{"rendered":"<p>O Corpo de Bombeiros Militar do Amazonas (CBMAM) encontrou, nesta segunda-feira (16), o corpo de uma das sete pessoas que desapareceram no naufr\u00e1gio da lancha Lima de Abreu XV. A informa\u00e7\u00e3o foi confirmada pelo CBMAM, que tamb\u00e9m afirmaram que o corpo \u00e9 de um homem de 39 anos. De acordo com o CBMAM, o corpo [&hellip;]<\/p>\n","protected":false},"author":117,"featured_media":65588,"comment_status":"closed","ping_status":"closed","sticky":false,"template":"","format":"standard","meta":{"_themeisle_gutenberg_block_has_review":false,"_jetpack_memberships_contains_paid_content":false,"footnotes":""},"categories":[2],"tags":[150],"class_list":{"0":"post-65587","1":"post","2":"type-post","3":"status-publish","4":"format-standard","5":"has-post-thumbnail","7":"category-brasil","8":"tag-brasil"},"jetpack_featured_media_url":"https:\/\/crajubaremacao.com.br\/wp-content\/uploads\/2026\/02\/vitimas-a-deriva-apos-naufragio-no-encontro-das-Aguas-750x450-1.jpg","jetpack_sharing_enabled":true,"_links":{"self":[{"href":"https:\/\/crajubaremacao.com.br\/index.php?rest_route=\/wp\/v2\/posts\/65587","targetHints":{"allow":["GET"]}}],"collection":[{"href":"https:\/\/crajubaremacao.com.br\/index.php?rest_route=\/wp\/v2\/posts"}],"about":[{"href":"https:\/\/crajubaremacao.com.br\/index.php?rest_route=\/wp\/v2\/types\/post"}],"author":[{"embeddable":true,"href":"https:\/\/crajubaremacao.com.br\/index.php?rest_route=\/wp\/v2\/users\/117"}],"replies":[{"embeddable":true,"href":"https:\/\/crajubaremacao.com.br\/index.php?rest_route=%2Fwp%2Fv2%2Fcomments&post=65587"}],"version-history":[{"count":0,"href":"https:\/\/crajubaremacao.com.br\/index.php?rest_route=\/wp\/v2\/posts\/65587\/revisions"}],"wp:featuredmedia":[{"embeddable":true,"href":"https:\/\/crajubaremacao.com.br\/index.php?rest_route=\/wp\/v2\/media\/65588"}],"wp:attachment":[{"href":"https:\/\/crajubaremacao.com.br\/index.php?rest_route=%2Fwp%2Fv2%2Fmedia&parent=65587"}],"wp:term":[{"taxonomy":"category","embeddable":true,"href":"https:\/\/crajubaremacao.com.br\/index.php?rest_route=%2Fwp%2Fv2%2Fcategories&post=65587"},{"taxonomy":"post_tag","embeddable":true,"href":"https:\/\/crajubaremacao.com.br\/index.php?rest_route=%2Fwp%2Fv2%2Ftags&post=65587"}],"curies":[{"name":"wp","href":"https:\/\/api.w.org\/{rel}","templated":true}]}}