{"id":65589,"date":"2026-02-17T00:11:00","date_gmt":"2026-02-17T03:11:00","guid":{"rendered":"https:\/\/crajubaremacao.com.br\/?p=65589"},"modified":"2026-02-17T00:11:00","modified_gmt":"2026-02-17T03:11:00","slug":"lula-embarca-neste-terca-para-visitas-oficiais-a-india-e-coreia-do-sul","status":"publish","type":"post","link":"https:\/\/crajubaremacao.com.br\/?p=65589","title":{"rendered":"Lula embarca neste ter\u00e7a para visitas oficiais \u00e0 \u00cdndia e Coreia do Sul"},"content":{"rendered":"<div>\n<div style=\"margin-bottom: 15px;\"><img decoding=\"async\" class=\"type:primaryImage\" src=\"https:\/\/jpimg.com.br\/uploads\/2023\/09\/52914015285_78ccbb1549_k-750x450.jpg\"><\/div>\n<p><?xml encoding=\"UTF-8\"><\/p>\n<p>O presidente Luiz In\u00e1cio Lula da Silva parte amanh\u00e3, \u00e0s 10h, para as visitas oficiais que realizar\u00e1, entre os dias 18 e 24, na \u00cdndia e na Coreia do Sul. Uma parada para abastecimento da aeronave ser\u00e1 feita na Tun\u00edsia, conforme informa\u00e7\u00e3o da agenda divulgada pelo Planalto.<\/p>\n<p>A viagem \u00e0 \u00cdndia \u00e9 uma retribui\u00e7\u00e3o \u00e0 visita do primeiro-ministro indiano, Narendra Modi, ao Brasil em julho, durante a c\u00fapula do Brics. Em Nova Deli, capital da \u00cdndia, Lula vai participar na quinta-feira (19) da c\u00fapula de intelig\u00eancia artificial. Ser\u00e1 a primeira vez que um presidente brasileiro vai participar de um evento global de alto n\u00edvel sobre intelig\u00eancia artificial. \u00c9 aguardada a presen\u00e7a de 40 mil pessoas de 50 pa\u00edses durante o evento.<\/p>\n<p>A agenda de Lula na \u00cdndia prev\u00ea ainda novas oportunidades de coopera\u00e7\u00e3o bilateral, especialmente em termos econ\u00f4micos, tur\u00edsticos, agr\u00edcolas, energ\u00e9ticos e sustent\u00e1veis, dando sequ\u00eancia aos acordos firmados entre os dois pa\u00edses durante a visita de Modi, no ano passado.<\/p>\n<p>J\u00e1 entre o domingo (22) e ter\u00e7a-feira da semana que vem (24), Lula vai cumprir uma agenda oficial em Seul, na Coreia do Sul, a convite do presidente Lee Jae Myung. A agenda na Coreia inclui a ado\u00e7\u00e3o de um plano de a\u00e7\u00e3o trienal (2026-2029) para fortalecer as rela\u00e7\u00f5es entre os pa\u00edses em dire\u00e7\u00e3o a uma parceria estrat\u00e9gica. O objetivo \u00e9 atrair novos investimentos coreanos nas \u00e1reas de tecnologia, agropecu\u00e1ria e cosm\u00e9ticos.<\/p>\n<p>Tanto na \u00cdndia quanto na Coreia do Sul, Lula vai participar de uma s\u00e9rie de f\u00f3runs empresariais e encontros voltados ao fortalecimento estrat\u00e9gico com os pa\u00edses asi\u00e1ticos.<\/p>\n<p>Entre os encontros, est\u00e1 previsto, em Nova Deli, o F\u00f3rum Empresarial Brasil-\u00cdndia, que contar\u00e1 com a presen\u00e7a de mais de 300 empresas brasileiras, al\u00e9m de pain\u00e9is que v\u00e3o tratar de temas como minerais cr\u00edticos, transi\u00e7\u00e3o energ\u00e9tica, seguran\u00e7a ambiental e agricultura familiar. J\u00e1 em Seul, o F\u00f3rum Empresarial Brasil-Coreia reunir\u00e1 230 empresas brasileiras para oportunidades de di\u00e1logos econ\u00f4micos e comerciais.<\/p>\n<p>*Estad\u00e3o Conte\u00fado<\/p>\n<\/div>\n","protected":false},"excerpt":{"rendered":"<p>O presidente Luiz In\u00e1cio Lula da Silva parte amanh\u00e3, \u00e0s 10h, para as visitas oficiais que realizar\u00e1, entre os dias 18 e 24, na \u00cdndia e na Coreia do Sul. Uma parada para abastecimento da aeronave ser\u00e1 feita na Tun\u00edsia, conforme informa\u00e7\u00e3o da agenda divulgada pelo Planalto. A viagem \u00e0 \u00cdndia \u00e9 uma retribui\u00e7\u00e3o \u00e0 [&hellip;]<\/p>\n","protected":false},"author":117,"featured_media":65590,"comment_status":"closed","ping_status":"closed","sticky":false,"template":"","format":"standard","meta":{"_themeisle_gutenberg_block_has_review":false,"_jetpack_memberships_contains_paid_content":false,"footnotes":""},"categories":[9],"tags":[129],"class_list":{"0":"post-65589","1":"post","2":"type-post","3":"status-publish","4":"format-standard","5":"has-post-thumbnail","7":"category-politica","8":"tag-politica"},"jetpack_featured_media_url":"https:\/\/crajubaremacao.com.br\/wp-content\/uploads\/2026\/02\/52914015285_78ccbb1549_k-750x450-1.jpg","jetpack_sharing_enabled":true,"_links":{"self":[{"href":"https:\/\/crajubaremacao.com.br\/index.php?rest_route=\/wp\/v2\/posts\/65589","targetHints":{"allow":["GET"]}}],"collection":[{"href":"https:\/\/crajubaremacao.com.br\/index.php?rest_route=\/wp\/v2\/posts"}],"about":[{"href":"https:\/\/crajubaremacao.com.br\/index.php?rest_route=\/wp\/v2\/types\/post"}],"author":[{"embeddable":true,"href":"https:\/\/crajubaremacao.com.br\/index.php?rest_route=\/wp\/v2\/users\/117"}],"replies":[{"embeddable":true,"href":"https:\/\/crajubaremacao.com.br\/index.php?rest_route=%2Fwp%2Fv2%2Fcomments&post=65589"}],"version-history":[{"count":0,"href":"https:\/\/crajubaremacao.com.br\/index.php?rest_route=\/wp\/v2\/posts\/65589\/revisions"}],"wp:featuredmedia":[{"embeddable":true,"href":"https:\/\/crajubaremacao.com.br\/index.php?rest_route=\/wp\/v2\/media\/65590"}],"wp:attachment":[{"href":"https:\/\/crajubaremacao.com.br\/index.php?rest_route=%2Fwp%2Fv2%2Fmedia&parent=65589"}],"wp:term":[{"taxonomy":"category","embeddable":true,"href":"https:\/\/crajubaremacao.com.br\/index.php?rest_route=%2Fwp%2Fv2%2Fcategories&post=65589"},{"taxonomy":"post_tag","embeddable":true,"href":"https:\/\/crajubaremacao.com.br\/index.php?rest_route=%2Fwp%2Fv2%2Ftags&post=65589"}],"curies":[{"name":"wp","href":"https:\/\/api.w.org\/{rel}","templated":true}]}}