{"id":65669,"date":"2026-02-18T21:18:18","date_gmt":"2026-02-19T00:18:18","guid":{"rendered":"https:\/\/crajubaremacao.com.br\/?p=65669"},"modified":"2026-02-18T21:18:18","modified_gmt":"2026-02-19T00:18:18","slug":"condenado-por-homicidio-goleiro-bruno-vai-jogar-a-copa-do-brasil","status":"publish","type":"post","link":"https:\/\/crajubaremacao.com.br\/?p=65669","title":{"rendered":"Condenado por homic\u00eddio, goleiro Bruno vai jogar a Copa do Brasil"},"content":{"rendered":"<div>\n<div style=\"margin-bottom: 15px;\"><img decoding=\"async\" class=\"type:primaryImage\" src=\"https:\/\/jpimg.com.br\/uploads\/2017\/04\/886479108-goleiro-bruno-ae-300x200.jpg\"><\/div>\n<p><?xml encoding=\"UTF-8\"><\/p>\n<p>O goleiro Bruno foi registrado nesta quarta-feira (18) no Boletim Informativo Di\u00e1rio (BID), da Confedera\u00e7\u00e3o Brasileira de Futebol (CBF). Dessa forma, ele est\u00e1 apto para jogar pelo Vasco da Gama do Acre contra o Velo Clube, pela primeira fase da Copa do Brasil.<\/p>\n<p>Ao\u00a0<em>ge<\/em>, o t\u00e9cnico do Cruz-Maltino acriano disse que, se fosse regularizado a tempo, Bruno seria titular contra a equipe paulista. Assim, a expectativa \u00e9 de que o goleiro entre em campo na quinta-feira (19).<\/p>\n<p>O goleiro Bruno foi condenado em 2012 a 23 anos e um m\u00eas de pris\u00e3o por homic\u00eddio qualificado, sequestro, c\u00e1rcere privado e les\u00e3o corporal <strong><a href=\"https:\/\/jovempan.com.br\/noticias\/brasil\/goleiro-bruno-cancela-encontro-com-o-filho-bruninho-e-cita-exigencias-da-avo.html\">contra Eliza Sam\u00fadio<\/a><\/strong>, desparecida em junho de 2010. Em 2019, progrediu para o regime semiaberto. Desde janeiro de 2023, <strong><a href=\"https:\/\/jovempan.com.br\/noticias\/brasil\/ex-goleiro-bruno-perde-liberdade-condicional-dois-dias-apos-ir-ao-jogo-do-flamengo.html\">Bruno est\u00e1 em liberdade condicional<\/a><\/strong>.<\/p>\n<div class=\"list-related-posts\">\n<h3>Leia tamb\u00e9m<\/h3>\n<div class=\"related-posts-container\">\n<div class=\"related-post-item-container\">\n<div class=\"related-post\">\n<div class=\"img-related-box\">\n                                            <strong><a href=\"https:\/\/jovempan.com.br\/esportes\/futebol\/goleiro-bruno-diz-que-vai-entrar-na-politica-nao-tem-como-nao-ser-da-direita.html\" title=\"Goleiro Bruno diz que vai entrar na pol\u00edtica: 'N\u00e3o tem como n\u00e3o ser da direita'\"><img decoding=\"async\" src=\"https:\/\/jpimg.com.br\/uploads\/2026\/01\/image.png\"><\/a><\/strong>\n                                        <\/div>\n<p>                                        <span class=\"box-the-title\"><br \/>\n                                            <strong><a href=\"https:\/\/jovempan.com.br\/esportes\/futebol\/goleiro-bruno-diz-que-vai-entrar-na-politica-nao-tem-como-nao-ser-da-direita.html\" title=\"Goleiro Bruno diz que vai entrar na pol\u00edtica: 'N\u00e3o tem como n\u00e3o ser da direita'\">Goleiro Bruno diz que vai entrar na pol\u00edtica: &#8216;N\u00e3o tem como n\u00e3o ser da direita&#8217;<\/a><\/strong><br \/>\n                                        <\/span>\n                                    <\/div>\n<div class=\"related-post\">\n<div class=\"img-related-box\">\n                                            <strong><a href=\"https:\/\/jovempan.com.br\/esportes\/futebol\/ex-goleiro-bruno-vai-a-jogo-do-flamengo-no-maracana-que-saudade.html\" title=\"Ex-goleiro Bruno vai a jogo do Flamengo no Maracan\u00e3: 'Que saudade'\"><img decoding=\"async\" src=\"https:\/\/jpimg.com.br\/uploads\/2026\/01\/image.png\"><\/a><\/strong>\n                                        <\/div>\n<p>                                        <span class=\"box-the-title\"><br \/>\n                                            <strong><a href=\"https:\/\/jovempan.com.br\/esportes\/futebol\/ex-goleiro-bruno-vai-a-jogo-do-flamengo-no-maracana-que-saudade.html\" title=\"Ex-goleiro Bruno vai a jogo do Flamengo no Maracan\u00e3: 'Que saudade'\">Ex-goleiro Bruno vai a jogo do Flamengo no Maracan\u00e3: &#8216;Que saudade&#8217;<\/a><\/strong><br \/>\n                                        <\/span>\n                                    <\/div>\n<\/p><\/div>\n<\/p><\/div>\n<\/p><\/div>\n<\/div>\n","protected":false},"excerpt":{"rendered":"<p>O goleiro Bruno foi registrado nesta quarta-feira (18) no Boletim Informativo Di\u00e1rio (BID), da Confedera\u00e7\u00e3o Brasileira de Futebol (CBF). Dessa forma, ele est\u00e1 apto para jogar pelo Vasco da Gama do Acre contra o Velo Clube, pela primeira fase da Copa do Brasil. Ao\u00a0ge, o t\u00e9cnico do Cruz-Maltino acriano disse que, se fosse regularizado a [&hellip;]<\/p>\n","protected":false},"author":260,"featured_media":65670,"comment_status":"closed","ping_status":"closed","sticky":false,"template":"","format":"standard","meta":{"_themeisle_gutenberg_block_has_review":false,"_jetpack_memberships_contains_paid_content":false,"footnotes":""},"categories":[12],"tags":[153],"class_list":{"0":"post-65669","1":"post","2":"type-post","3":"status-publish","4":"format-standard","5":"has-post-thumbnail","7":"category-esportes","8":"tag-esportes"},"jetpack_featured_media_url":"https:\/\/crajubaremacao.com.br\/wp-content\/uploads\/2026\/02\/886479108-goleiro-bruno-ae-300x200-1.jpg","jetpack_sharing_enabled":true,"_links":{"self":[{"href":"https:\/\/crajubaremacao.com.br\/index.php?rest_route=\/wp\/v2\/posts\/65669","targetHints":{"allow":["GET"]}}],"collection":[{"href":"https:\/\/crajubaremacao.com.br\/index.php?rest_route=\/wp\/v2\/posts"}],"about":[{"href":"https:\/\/crajubaremacao.com.br\/index.php?rest_route=\/wp\/v2\/types\/post"}],"author":[{"embeddable":true,"href":"https:\/\/crajubaremacao.com.br\/index.php?rest_route=\/wp\/v2\/users\/260"}],"replies":[{"embeddable":true,"href":"https:\/\/crajubaremacao.com.br\/index.php?rest_route=%2Fwp%2Fv2%2Fcomments&post=65669"}],"version-history":[{"count":0,"href":"https:\/\/crajubaremacao.com.br\/index.php?rest_route=\/wp\/v2\/posts\/65669\/revisions"}],"wp:featuredmedia":[{"embeddable":true,"href":"https:\/\/crajubaremacao.com.br\/index.php?rest_route=\/wp\/v2\/media\/65670"}],"wp:attachment":[{"href":"https:\/\/crajubaremacao.com.br\/index.php?rest_route=%2Fwp%2Fv2%2Fmedia&parent=65669"}],"wp:term":[{"taxonomy":"category","embeddable":true,"href":"https:\/\/crajubaremacao.com.br\/index.php?rest_route=%2Fwp%2Fv2%2Fcategories&post=65669"},{"taxonomy":"post_tag","embeddable":true,"href":"https:\/\/crajubaremacao.com.br\/index.php?rest_route=%2Fwp%2Fv2%2Ftags&post=65669"}],"curies":[{"name":"wp","href":"https:\/\/api.w.org\/{rel}","templated":true}]}}