{"id":65697,"date":"2026-02-19T12:06:29","date_gmt":"2026-02-19T15:06:29","guid":{"rendered":"https:\/\/crajubaremacao.com.br\/?p=65697"},"modified":"2026-02-19T12:06:29","modified_gmt":"2026-02-19T15:06:29","slug":"vulnerabilidade-reduz-altura-de-criancas-indigenas-e-nordestinas-diz-pesquisa","status":"publish","type":"post","link":"https:\/\/crajubaremacao.com.br\/?p=65697","title":{"rendered":"Vulnerabilidade reduz altura de crian\u00e7as ind\u00edgenas e nordestinas, diz pesquisa"},"content":{"rendered":"<div>\n<div style=\"margin-bottom: 15px;\"><img decoding=\"async\" class=\"type:primaryImage\" src=\"https:\/\/crajubaremacao.com.br\/wp-content\/uploads\/2026\/02\/imagem-jvp-2025-12-08t072301075-750x450-1.png\"><\/div>\n<p><?xml encoding=\"UTF-8\"><\/p>\n<p>A vulnerabilidade social faz com que <strong>crian\u00e7as ind\u00edgenas e de alguns estados do Nordeste<\/strong>, com at\u00e9 9 anos de idade, apresentem <strong>m\u00e9dia de altura menor que outras regi\u00f5es do Brasil<\/strong> e abaixo da refer\u00eancia preconizada pela Organiza\u00e7\u00e3o Mundial da Sa\u00fade (OMS).<\/p>\n<p>Essas s\u00e3o algumas conclus\u00f5es de uma pesquisa que contou com participa\u00e7\u00e3o de especialistas do Centro de Integra\u00e7\u00e3o de Dados e Conhecimentos para Sa\u00fade da Funda\u00e7\u00e3o Oswaldo Cruz da Bahia (Cidacs\/Fiocruz Bahia).<\/p>\n<p>Entre as quest\u00f5es que prejudicam o crescimento est\u00e3o problemas na aten\u00e7\u00e3o \u00e0 sa\u00fade, alimenta\u00e7\u00e3o, elevado n\u00edvel de doen\u00e7as, baixo n\u00edvel socioecon\u00f4mico e condi\u00e7\u00f5es ambientais inadequadas.<\/p>\n<p>Tais dificuldades tamb\u00e9m fazem com que <strong>cerca de 30% das crian\u00e7as brasileiras tenham sobrepeso<\/strong> ou estejam perto disso, o que mostra que <strong>crian\u00e7as que crescem em situa\u00e7\u00f5es de vulnerabilidade n\u00e3o est\u00e3o protegidas do excesso de peso,<\/strong> mas expostas a fatores que comprometem o crescimento saud\u00e1vel.<\/p>\n<p>O padr\u00e3o de peso e altura da OMS para crian\u00e7as at\u00e9 9 anos baseia-se em curvas de crescimento (escore-z) que avaliam o desenvolvimento saud\u00e1vel.<\/p>\n<p>O peso m\u00e9dio para meninos aos 9 anos de idade varia entre 23,2kg e 33,8kg, com altura de cerca de 124cm a 136cm, enquanto meninas pesam em torno de 23kg a 33kg e medem entre 123cm e 135cm,<\/p>\n<h2>Cruzamento de dados<\/h2>\n<p>A pesquisa analisou <strong>dados de 6 milh\u00f5es de crian\u00e7as brasileiras de fam\u00edlias registradas no Cadastro \u00danico<\/strong> para Programas Sociais (Cad\u00danico), no Sistema de Informa\u00e7\u00e3o sobre Nascidos Vivos (Sinasc) e no Sistema de Vigil\u00e2ncia Alimentar e Nutricional (Sisvan), desde que nasceram at\u00e9 os 9 anos de idade.<\/p>\n<p>Os pesquisadores fizeram um cruzamento de dados entre condi\u00e7\u00f5es de sa\u00fade e condi\u00e7\u00f5es socioecon\u00f4micas da popula\u00e7\u00e3o brasileira que est\u00e1 cadastrada nesses tr\u00eas sistemas, explicou o pesquisador associado ao Cidacs\/Fiocruz BA, Gustavo Velasquez, l\u00edder do estudo.<\/p>\n<p>Foram estudados peso e estatura, adequa\u00e7\u00e3o de peso e adequa\u00e7\u00e3o de estatura, com rela\u00e7\u00e3o aos par\u00e2metros da OMS, para avaliar o crescimento e estado nutricional das crian\u00e7as.<\/p>\n<p>Gustavo Velasquez ressaltou que as <strong>conclus\u00f5es n\u00e3o indicam que necessariamente todas essas crian\u00e7as ind\u00edgenas e do Norte e Nordeste podem ser consideradas de baixa estatura,<\/strong> mas que h\u00e1 uma porcentagem maior que poderia ser classificada dessa forma.<\/p>\n<p>\u201cTodos os dados s\u00e3o seguros e altamente anonimizados. N\u00e3o h\u00e1 identifica\u00e7\u00e3o das pessoas que est\u00e3o l\u00e1. S\u00e3o dados administrativos que se usa para pesquisas em sa\u00fade\u201d.<\/p>\n<h2>Sobrepeso e obesidade<\/h2>\n<p>O estudo verificou tamb\u00e9m a preval\u00eancia de crian\u00e7as que est\u00e3o acima do peso e, entre essas, qual a porcentagem da popula\u00e7\u00e3o considerada obesa, a partir do indicador chamado \u00cdndice de Massa Corporal.<\/p>\n<p>\u201cPode-se dizer que, em termos de peso, n\u00e3o h\u00e1 problema de subnutri\u00e7\u00e3o. Ao contr\u00e1rio, algumas popula\u00e7\u00f5es, como do Sul, Sudeste e Centro-Oeste, t\u00eam uma preval\u00eancia de sobrepeso bastante alta\u201d, disse o pesquisador.<\/p>\n<p>Gustavo Velasquez afirmou que, de acordo com o estudo, populacionalmente, as <strong>crian\u00e7as brasileiras est\u00e3o acompanhando ou se acham acima da refer\u00eancia de peso<\/strong> calculada pela OMS. Segundo ele, o fato de estarem um pouco acima desse par\u00e2metro n\u00e3o significa que haja gravidade nisso. \u201cH\u00e1 sempre uma toler\u00e2ncia\u201d.<\/p>\n<p>Contudo, ele observou que, dentro do grupo analisado, h\u00e1 algumas crian\u00e7as que j\u00e1 est\u00e3o realmente atingindo valores anormais.<\/p>\n<p><strong>No geral, Velasquez disse que as crian\u00e7as brasileiras conseguem acompanhar a altura das refer\u00eancias internacionais<\/strong>, em m\u00e9dia, o que condiz com o desenvolvimento adequado de um crescimento linear.<\/p>\n<p>\u201cS\u00f3 que n\u00f3s estamos observando que esse crescimento linear est\u00e1 adequado, mas o peso est\u00e1 come\u00e7ando, em algumas regi\u00f5es, a ser muito acima da norma que a gente espera\u201d.<\/p>\n<p>O pesquisador chamou a aten\u00e7\u00e3o que a <strong>obesidade tamb\u00e9m \u00e9 explicada pelas condi\u00e7\u00f5es em que a crian\u00e7a nasce<\/strong>, o que refor\u00e7a a import\u00e2ncia do acompanhamento da crian\u00e7a durante a gesta\u00e7\u00e3o e na fase p\u00f3s-natal, para assegurar condi\u00e7\u00f5es de crescimento e desenvolvimento saud\u00e1veis, em n\u00edvel de aten\u00e7\u00e3o prim\u00e1ria de sa\u00fade.<\/p>\n<p>Outra quest\u00e3o de destaque para um crescimento saud\u00e1vel das crian\u00e7as no Brasil diz respeito \u00e0 alimenta\u00e7\u00e3o, complementou ele.<\/p>\n<p>\u201cN\u00f3s temos uma invas\u00e3o agora de alimentos ultraprocessados, que s\u00e3o considerados como um dos grandes determinantes do aumento de peso, n\u00e3o somente nas crian\u00e7as, mas em todas as popula\u00e7\u00f5es\u201d.<\/p>\n<p>O estudo foi publicado na revista JAMA Network no \u00faltimo dia 22 de janeiro de 2026 e ganhou, na mesma edi\u00e7\u00e3o, coment\u00e1rios de pesquisadores internacionais, no sentido de que o mundo tem que aprender as li\u00e7\u00f5es sobre essa situa\u00e7\u00e3o no Brasil.<\/p>\n<p><strong>Em termos de sobrepeso, os pesquisadores estrangeiros consideraram que a situa\u00e7\u00e3o n\u00e3o \u00e9 t\u00e3o grave no Brasil,<\/strong> comparativamente com a a Am\u00e9rica Latina. A obesidade em crian\u00e7as \u00e9 muito maior no Chile, no Peru, na Argentina, por exemplo, indicou Gustavo Velasquez. Isso significa que, mundialmente, o Brasil est\u00e1 em um n\u00edvel intermedi\u00e1rio desse problema.<\/p>\n<p><em>*Ag\u00eancia Brasil<\/em><\/p>\n<\/div>\n","protected":false},"excerpt":{"rendered":"<p>A vulnerabilidade social faz com que crian\u00e7as ind\u00edgenas e de alguns estados do Nordeste, com at\u00e9 9 anos de idade, apresentem m\u00e9dia de altura menor que outras regi\u00f5es do Brasil e abaixo da refer\u00eancia preconizada pela Organiza\u00e7\u00e3o Mundial da Sa\u00fade (OMS). Essas s\u00e3o algumas conclus\u00f5es de uma pesquisa que contou com participa\u00e7\u00e3o de especialistas do [&hellip;]<\/p>\n","protected":false},"author":117,"featured_media":65698,"comment_status":"closed","ping_status":"closed","sticky":false,"template":"","format":"standard","meta":{"_themeisle_gutenberg_block_has_review":false,"_jetpack_memberships_contains_paid_content":false,"footnotes":""},"categories":[2],"tags":[150],"class_list":{"0":"post-65697","1":"post","2":"type-post","3":"status-publish","4":"format-standard","5":"has-post-thumbnail","7":"category-brasil","8":"tag-brasil"},"jetpack_featured_media_url":"https:\/\/crajubaremacao.com.br\/wp-content\/uploads\/2026\/02\/imagem-jvp-2025-12-08t072301075-750x450-1.png","jetpack_sharing_enabled":true,"_links":{"self":[{"href":"https:\/\/crajubaremacao.com.br\/index.php?rest_route=\/wp\/v2\/posts\/65697","targetHints":{"allow":["GET"]}}],"collection":[{"href":"https:\/\/crajubaremacao.com.br\/index.php?rest_route=\/wp\/v2\/posts"}],"about":[{"href":"https:\/\/crajubaremacao.com.br\/index.php?rest_route=\/wp\/v2\/types\/post"}],"author":[{"embeddable":true,"href":"https:\/\/crajubaremacao.com.br\/index.php?rest_route=\/wp\/v2\/users\/117"}],"replies":[{"embeddable":true,"href":"https:\/\/crajubaremacao.com.br\/index.php?rest_route=%2Fwp%2Fv2%2Fcomments&post=65697"}],"version-history":[{"count":0,"href":"https:\/\/crajubaremacao.com.br\/index.php?rest_route=\/wp\/v2\/posts\/65697\/revisions"}],"wp:featuredmedia":[{"embeddable":true,"href":"https:\/\/crajubaremacao.com.br\/index.php?rest_route=\/wp\/v2\/media\/65698"}],"wp:attachment":[{"href":"https:\/\/crajubaremacao.com.br\/index.php?rest_route=%2Fwp%2Fv2%2Fmedia&parent=65697"}],"wp:term":[{"taxonomy":"category","embeddable":true,"href":"https:\/\/crajubaremacao.com.br\/index.php?rest_route=%2Fwp%2Fv2%2Fcategories&post=65697"},{"taxonomy":"post_tag","embeddable":true,"href":"https:\/\/crajubaremacao.com.br\/index.php?rest_route=%2Fwp%2Fv2%2Ftags&post=65697"}],"curies":[{"name":"wp","href":"https:\/\/api.w.org\/{rel}","templated":true}]}}