{"id":65699,"date":"2026-02-19T12:06:39","date_gmt":"2026-02-19T15:06:39","guid":{"rendered":"https:\/\/crajubaremacao.com.br\/?p=65699"},"modified":"2026-02-19T12:06:39","modified_gmt":"2026-02-19T15:06:39","slug":"trump-inaugura-conselho-de-paz-com-ambicoes-que-vao-alem-de-gaza","status":"publish","type":"post","link":"https:\/\/crajubaremacao.com.br\/?p=65699","title":{"rendered":"Trump inaugura \u2018Conselho de Paz\u2019 com ambi\u00e7\u00f5es que v\u00e3o al\u00e9m de Gaza"},"content":{"rendered":"<div>\n<div style=\"margin-bottom: 15px;\"><img decoding=\"async\" class=\"type:primaryImage\" src=\"https:\/\/jpimg.com.br\/uploads\/2026\/02\/imagem-jvp-2026-02-19t113137.041-750x450.png\"><\/div>\n<p><?xml encoding=\"UTF-8\"><\/p>\n<p>O presidente dos Estados Unidos, Donald Trump, re\u00fane seus aliados nesta quinta-feira (19) para inaugurar o \u201cConselho de Paz\u201d, sua nova institui\u00e7\u00e3o centrada nos <strong>avan\u00e7os na Faixa de Gaza<\/strong>, <strong>mas cujas ambi\u00e7\u00f5es v\u00e3o muito al\u00e9m.<\/strong><\/p>\n<p>Quase 20 l\u00edderes mundiais, entre eles o argentino Javier Milei, estar\u00e3o em Washington para o lan\u00e7amento desta<strong> institui\u00e7\u00e3o que poder\u00e1 concorrer com as Na\u00e7\u00f5es Unidas.<\/strong><\/p>\n<p>A aus\u00eancia de dirigentes europeus, que tradicionalmente aderem \u00e0s iniciativas dos Estados Unidos, chama a aten\u00e7\u00e3o.<\/p>\n<p>O <a href=\"https:\/\/jovempan.com.br\/noticias\/mundo\/conselho-de-paz-de-trump-ja-soma-us-5-bilhoes-para-reconstrucao-de-gaza.html\"><strong>\u201cConselho da Paz\u201d<\/strong><\/a> foi formado depois que o governo Trump, em colabora\u00e7\u00e3o com Catar e Egito, negociou, em outubro, um cessar-fogo para p\u00f4r fim a dois anos da guerra devastadora em Gaza.<\/p>\n<p>Washington afirma que o plano entrou agora em sua segunda fase, centrada no desarmamento do Hamas, o grupo armado palestino cujo ataque de 7 de outubro de 2023 contra Israel desencadeou uma ofensiva em grande escala.<\/p>\n<p>O Minist\u00e9rio da Sa\u00fade de Gaza, que opera sob autoridade do Hamas, reportou que pelo menos 601 pessoas foram mortas pelas for\u00e7as israelenses desde o in\u00edcio da tr\u00e9gua. Por sua vez, Israel acusa o movimento armado de ter matado pelo menos um soldado.<\/p>\n<h2><strong>Promessas de investimentos<\/strong><\/h2>\n<p>No encontro desta quinta-feira, espera-se que Trump detalhe promessas de investimentos de mais de 5 bilh\u00f5es de d\u00f3lares (R$ 26,1 bilh\u00f5es, na cota\u00e7\u00e3o atual) para Gaza, um territ\u00f3rio devastado cujo presidente americano sugeriu transformar em uma \u00e1rea de complexos tur\u00edsticos.<\/p>\n<p>A reuni\u00e3o tamb\u00e9m analisar\u00e1 <strong>como implementar a For\u00e7a Internacional de Estabiliza\u00e7\u00e3o<\/strong>, que ficar\u00e1 encarregada de garantir a seguran\u00e7a em Gaza.<\/p>\n<p>Um dos atores-chave ser\u00e1 a Indon\u00e9sia, que afirmou estar pronta para enviar at\u00e9 8.000 militares para o territ\u00f3rio palestino se confirmada a cria\u00e7\u00e3o da for\u00e7a.<\/p>\n<h2><strong>Quais avan\u00e7os em Gaza?<\/strong><\/h2>\n<p>Autoridades americanas, assim como Steve Witkoff, amigo de Trump e seu principal negociador para Oriente M\u00e9dio, Ir\u00e3 e Ucr\u00e2nia, insistem que est\u00e3o sendo feitos progressos concretos e que o <strong>Hamas est\u00e1 sendo pressionado a entregar as armas.<\/strong><\/p>\n<p>Israel imp\u00f4s restri\u00e7\u00f5es que considera imprescind\u00edveis para sua seguran\u00e7a. \u201cA arma que causa mais dano chama-se AK-47\u201d, declarou recentemente o primeiro-ministro israelense, Benjamin Netanyahu.<\/p>\n<p>\u201c\u00c9 a arma principal, e essa tem que desaparecer\u201d, disse Netanyahu, que estar\u00e1 representado por seu ministro das Rela\u00e7\u00f5es Exteriores.<\/p>\n<p>Um comit\u00ea tecnocr\u00e1tico, liderado pelo engenheiro e ex-funcion\u00e1rio Ali Shaath, foi formado no m\u00eas passado para se encarregar da gest\u00e3o cotidiana de Gaza.<\/p>\n<p>O porta-voz do Hamas, Hazem Qassem, declarou \u00e0 AFP que o \u201cConselho da Paz\u201d deveria obrigar Israel a \u201cp\u00f4r fim \u00e0s suas viola\u00e7\u00f5es [do cessar-fogo] em Gaza\u201d e a suspender o seu cerco ao territ\u00f3rio.<\/p>\n<h2><strong>Ambi\u00e7\u00f5es<\/strong><\/h2>\n<p>A reuni\u00e3o ocorrer\u00e1 no Instituto da Paz dos Estados Unidos, rebatizado por Trump com o seu nome. Segundo os termos estabelecidos pela Casa Branca, Trump ter\u00e1 poder de veto sobre o \u201cConselho de Paz\u201d e poder\u00e1 continuar em sua lideran\u00e7a mesmo ap\u00f3s deixar o cargo.<\/p>\n<p>Para obter a condi\u00e7\u00e3o de membro permanente, os pa\u00edses devem desembolsar 1 bilh\u00e3o de d\u00f3lares (R$ 5,2 bilh\u00f5es). Funcion\u00e1rios americanos afirmam que a reuni\u00e3o desta quinta-feira est\u00e1 centrada em Gaza, mas admitem que a institui\u00e7\u00e3o poder\u00e1 tratar de outros focos de tens\u00e3o no mundo.<\/p>\n<p>Trump critica repetidamente a ONU h\u00e1 anos e reduziu as contribui\u00e7\u00f5es americanas, fundamentais para o funcionamento da organiza\u00e7\u00e3o.<\/p>\n<h2><strong>Aliados<\/strong><\/h2>\n<p>Entre os outros l\u00edderes presentes, s\u00e3o esperados o primeiro-ministro h\u00fangaro Viktor Orb\u00e1n, o primeiro-ministro paquistan\u00eas Shehbaz Sharif e o presidente indon\u00e9sio Prabowo Subianto.<\/p>\n<p>O Jap\u00e3o, habitualmente entre os principais aliados dos Estados Unidos, ainda n\u00e3o decidiu se se juntar\u00e1 ao conselho. O pa\u00eds estar\u00e1 representado por um enviado encarregado dos assuntos de Gaza.<\/p>\n<p><strong><a href=\"https:\/\/jovempan.com.br\/noticias\/mundo\/trump-confirma-convite-para-lula-integrar-conselho-de-a-paz-grande-papel.html\">O <\/a><a href=\"https:\/\/jovempan.com.br\/noticias\/mundo\/trump-confirma-convite-para-lula-integrar-conselho-de-a-paz-grande-papel.html\">presidente Luiz In\u00e1cio Lula da Silva rejeitou um convite alegando que o \u201cConselho da Paz\u201d deveria se limitar a Gaza e prever um \u201cassento para a Palestina\u201d.<\/a><\/strong><\/p>\n<p>*AFP<\/p>\n<div class=\"list-related-posts\">\n<h3>Leia tamb\u00e9m<\/h3>\n<div class=\"related-posts-container\">\n<div class=\"related-post-item-container\">\n<div class=\"related-post\">\n<div class=\"img-related-box\">\n                                            <strong><a href=\"https:\/\/jovempan.com.br\/noticias\/politica\/lula-cobra-brevidade-em-acordo-mercosul-ue-e-cita-importancia-estrategica.html\" title=\"Lula cobra brevidade em acordo Mercosul-UE e cita 'import\u00e2ncia estrat\u00e9gica'\"><img decoding=\"async\" src=\"https:\/\/jpimg.com.br\/uploads\/2026\/02\/foto-jp-2-9.png\"><\/a><\/strong>\n                                        <\/div>\n<p>                                        <span class=\"box-the-title\"><br \/>\n                                            <strong><a href=\"https:\/\/jovempan.com.br\/noticias\/politica\/lula-cobra-brevidade-em-acordo-mercosul-ue-e-cita-importancia-estrategica.html\" title=\"Lula cobra brevidade em acordo Mercosul-UE e cita 'import\u00e2ncia estrat\u00e9gica'\">Lula cobra brevidade em acordo Mercosul-UE e cita &#8216;import\u00e2ncia estrat\u00e9gica&#8217;<\/a><\/strong><br \/>\n                                        <\/span>\n                                    <\/div>\n<div class=\"related-post\">\n<div class=\"img-related-box\">\n                                            <strong><a href=\"https:\/\/jovempan.com.br\/noticias\/mundo\/brasil-e-quase-100-paises-condenam-expansao-de-israel-na-cisjordania.html\" title=\"Brasil e quase 100 pa\u00edses condenam expans\u00e3o de Israel na Cisjord\u00e2nia\"><img decoding=\"async\" src=\"https:\/\/jpimg.com.br\/uploads\/2025\/05\/imagem-jvp-9-1.png\"><\/a><\/strong>\n                                        <\/div>\n<p>                                        <span class=\"box-the-title\"><br \/>\n                                            <strong><a href=\"https:\/\/jovempan.com.br\/noticias\/mundo\/brasil-e-quase-100-paises-condenam-expansao-de-israel-na-cisjordania.html\" title=\"Brasil e quase 100 pa\u00edses condenam expans\u00e3o de Israel na Cisjord\u00e2nia\">Brasil e quase 100 pa\u00edses condenam expans\u00e3o de Israel na Cisjord\u00e2nia<\/a><\/strong><br \/>\n                                        <\/span>\n                                    <\/div>\n<div class=\"related-post\">\n<div class=\"img-related-box\">\n                                            <strong><a href=\"https:\/\/jovempan.com.br\/noticias\/brasil\/em-1-ano-defesa-civil-emitiu-216-alertas-de-risco-para-celulares-em-sp.html\" title=\"Em 1 ano, Defesa Civil emitiu 216 alertas de risco para celulares em SP\"><img decoding=\"async\" src=\"https:\/\/jpimg.com.br\/uploads\/2023\/02\/design-sem-nome-2023-02-23t193149.245.png\"><\/a><\/strong>\n                                        <\/div>\n<p>                                        <span class=\"box-the-title\"><br \/>\n                                            <strong><a href=\"https:\/\/jovempan.com.br\/noticias\/brasil\/em-1-ano-defesa-civil-emitiu-216-alertas-de-risco-para-celulares-em-sp.html\" title=\"Em 1 ano, Defesa Civil emitiu 216 alertas de risco para celulares em SP\">Em 1 ano, Defesa Civil emitiu 216 alertas de risco para celulares em SP<\/a><\/strong><br \/>\n                                        <\/span>\n                                    <\/div>\n<\/p><\/div>\n<\/p><\/div>\n<\/p><\/div>\n<p>\u00a0<\/p>\n<p>O presidente dos EUA, Donald Trump (C), ladeado pelo vice-presidente dos EUA, JD Vance (E) e pelo secret\u00e1rio de Estado dos EUA, Marco Rubio (D), junta-se a l\u00edderes para uma foto de grupo durante a reuni\u00e3o inaugural do \u201cConselho da Paz\u201d no Instituto da Paz dos EUA em Washington, DC, em 19 de fevereiro de 2026.<\/p>\n<p>\u00a0<\/p>\n<\/div>\n","protected":false},"excerpt":{"rendered":"<p>O presidente dos Estados Unidos, Donald Trump, re\u00fane seus aliados nesta quinta-feira (19) para inaugurar o \u201cConselho de Paz\u201d, sua nova institui\u00e7\u00e3o centrada nos avan\u00e7os na Faixa de Gaza, mas cujas ambi\u00e7\u00f5es v\u00e3o muito al\u00e9m. Quase 20 l\u00edderes mundiais, entre eles o argentino Javier Milei, estar\u00e3o em Washington para o lan\u00e7amento desta institui\u00e7\u00e3o que poder\u00e1 [&hellip;]<\/p>\n","protected":false},"author":117,"featured_media":65700,"comment_status":"closed","ping_status":"closed","sticky":false,"template":"","format":"standard","meta":{"_themeisle_gutenberg_block_has_review":false,"_jetpack_memberships_contains_paid_content":false,"footnotes":""},"categories":[9],"tags":[129],"class_list":{"0":"post-65699","1":"post","2":"type-post","3":"status-publish","4":"format-standard","5":"has-post-thumbnail","7":"category-politica","8":"tag-politica"},"jetpack_featured_media_url":"https:\/\/crajubaremacao.com.br\/wp-content\/uploads\/2026\/02\/imagem-jvp-2026-02-19t113137041-750x450-1.png","jetpack_sharing_enabled":true,"_links":{"self":[{"href":"https:\/\/crajubaremacao.com.br\/index.php?rest_route=\/wp\/v2\/posts\/65699","targetHints":{"allow":["GET"]}}],"collection":[{"href":"https:\/\/crajubaremacao.com.br\/index.php?rest_route=\/wp\/v2\/posts"}],"about":[{"href":"https:\/\/crajubaremacao.com.br\/index.php?rest_route=\/wp\/v2\/types\/post"}],"author":[{"embeddable":true,"href":"https:\/\/crajubaremacao.com.br\/index.php?rest_route=\/wp\/v2\/users\/117"}],"replies":[{"embeddable":true,"href":"https:\/\/crajubaremacao.com.br\/index.php?rest_route=%2Fwp%2Fv2%2Fcomments&post=65699"}],"version-history":[{"count":0,"href":"https:\/\/crajubaremacao.com.br\/index.php?rest_route=\/wp\/v2\/posts\/65699\/revisions"}],"wp:featuredmedia":[{"embeddable":true,"href":"https:\/\/crajubaremacao.com.br\/index.php?rest_route=\/wp\/v2\/media\/65700"}],"wp:attachment":[{"href":"https:\/\/crajubaremacao.com.br\/index.php?rest_route=%2Fwp%2Fv2%2Fmedia&parent=65699"}],"wp:term":[{"taxonomy":"category","embeddable":true,"href":"https:\/\/crajubaremacao.com.br\/index.php?rest_route=%2Fwp%2Fv2%2Fcategories&post=65699"},{"taxonomy":"post_tag","embeddable":true,"href":"https:\/\/crajubaremacao.com.br\/index.php?rest_route=%2Fwp%2Fv2%2Ftags&post=65699"}],"curies":[{"name":"wp","href":"https:\/\/api.w.org\/{rel}","templated":true}]}}