{"id":65705,"date":"2026-02-19T15:04:55","date_gmt":"2026-02-19T18:04:55","guid":{"rendered":"https:\/\/crajubaremacao.com.br\/?p=65705"},"modified":"2026-02-19T15:04:55","modified_gmt":"2026-02-19T18:04:55","slug":"carol-solberg-e-suspensa-pela-fivb-por-comemorar-prisao-de-bolsonaro","status":"publish","type":"post","link":"https:\/\/crajubaremacao.com.br\/?p=65705","title":{"rendered":"Carol Solberg \u00e9 suspensa pela FIVB por comemorar pris\u00e3o de Bolsonaro"},"content":{"rendered":"<div>\n<div style=\"margin-bottom: 15px;\"><img decoding=\"async\" class=\"type:primaryImage\" src=\"https:\/\/jpimg.com.br\/uploads\/2026\/02\/foto-jp-3-6-750x450.png\"><\/div>\n<p><?xml encoding=\"UTF-8\"><\/p>\n<p>A primeira etapa do Circuito Mundial de v\u00f4lei de praia, agendada para Jo\u00e3o Pessoa, entre 11 e 15 de mar\u00e7o, <strong>n\u00e3o contar\u00e1 com a experiente Carol Solberg<\/strong>. A atleta foi punida pela Federa\u00e7\u00e3o Internacional de Voleibol (FIVB) por <strong>comemorar a pris\u00e3o do ex-presidente Jair Bolsonaro<\/strong> no Mundial do ano passado.<\/p>\n<p>A revela\u00e7\u00e3o da puni\u00e7\u00e3o foi do jornalista Juca Kfouri, que publicou a puni\u00e7\u00e3o em seu blog no <em>UOL<\/em>. A alega\u00e7\u00e3o da FIVB para punir Carol Solberg foi que a atleta teve uma <strong>\u201cconduta antidesportiva\u201d<\/strong>.<\/p>\n<p>Ap\u00f3s conquistar a medalha de bronze ao lado de Rebecca no Mundial da Austr\u00e1lia, dia 23 de novembro do ano passado, Carol Solberg disse que era \u201cuma dia incr\u00edvel\u201d, para ela. Mas n\u00e3o estava falando do feito nas quadras de areia e sim da confirma\u00e7\u00e3o da pris\u00e3o do pol\u00edtico.<\/p>\n<p>\u201cEsse \u00e9 um dia incr\u00edvel para mim. Estou muito feliz. E tamb\u00e9m \u00e9 um dia incr\u00edvel para o mundo. Ontem, no Brasil, colocamos na pris\u00e3o o pior presidente da hist\u00f3ria do Brasil. Bolsonaro est\u00e1 na pris\u00e3o e \u00e9 muito importante que celebremos\u201d, disse, na ocasi\u00e3o.<\/p>\n<p>Segundo Juca Kfouri, a FIVB se baseou no artigo 8.3 de seu regulamento disciplinar, que define insultos, gestos, sinais ou linguagem ofensivas, demonstra\u00e7\u00e3o de natureza n\u00e3o esportiva e comportamento que traga descr\u00e9dito ao esporte e\/ou \u00e0 entidade, como \u201cconduta antidesportiva.\u201d<\/p>\n<p><em>*Com informa\u00e7\u00f5es do Estad\u00e3o Conte\u00fado<\/em><\/p>\n<div class=\"list-related-posts\">\n<h3>Leia tamb\u00e9m<\/h3>\n<div class=\"related-posts-container\">\n<div class=\"related-post-item-container\">\n<div class=\"related-post\">\n<div class=\"img-related-box\">\n                                            <strong><a href=\"https:\/\/jovempan.com.br\/esportes\/futebol\/reviravolta-pgr-da-parecer-favoravel-ao-flamengo-pelo-titulo-brasileiro-de-1987.html\" title=\"Reviravolta? PGR d\u00e1 parecer favor\u00e1vel ao Flamengo pelo t\u00edtulo brasileiro de 1987\"><img decoding=\"async\" src=\"https:\/\/jpimg.com.br\/uploads\/2017\/12\/1458684704-87__nosso-1.jpg\"><\/a><\/strong>\n                                        <\/div>\n<p>                                        <span class=\"box-the-title\"><br \/>\n                                            <strong><a href=\"https:\/\/jovempan.com.br\/esportes\/futebol\/reviravolta-pgr-da-parecer-favoravel-ao-flamengo-pelo-titulo-brasileiro-de-1987.html\" title=\"Reviravolta? PGR d\u00e1 parecer favor\u00e1vel ao Flamengo pelo t\u00edtulo brasileiro de 1987\">Reviravolta? PGR d\u00e1 parecer favor\u00e1vel ao Flamengo pelo t\u00edtulo brasileiro de 1987<\/a><\/strong><br \/>\n                                        <\/span>\n                                    <\/div>\n<div class=\"related-post\">\n<div class=\"img-related-box\">\n                                            <strong><a href=\"https:\/\/jovempan.com.br\/opiniao-jovem-pan\/comentaristas\/wanderley-nogueira-comentaristas\/racismo-contra-vini-jr-18-queixas-desde-2022-uefa-investiga.html\" title=\"Racismo contra Vini Jr: 18 queixas desde 2022; Uefa investiga\"><img decoding=\"async\" src=\"https:\/\/jpimg.com.br\/uploads\/2025\/06\/vinicius-junior-marca-gol-depois-de-dois-meses-.jpg\"><\/a><\/strong>\n                                        <\/div>\n<p>                                        <span class=\"box-the-title\"><br \/>\n                                            <strong><a href=\"https:\/\/jovempan.com.br\/opiniao-jovem-pan\/comentaristas\/wanderley-nogueira-comentaristas\/racismo-contra-vini-jr-18-queixas-desde-2022-uefa-investiga.html\" title=\"Racismo contra Vini Jr: 18 queixas desde 2022; Uefa investiga\">Racismo contra Vini Jr: 18 queixas desde 2022; Uefa investiga<\/a><\/strong><br \/>\n                                        <\/span>\n                                    <\/div>\n<\/p><\/div>\n<\/p><\/div>\n<\/p><\/div>\n<\/div>\n","protected":false},"excerpt":{"rendered":"<p>A primeira etapa do Circuito Mundial de v\u00f4lei de praia, agendada para Jo\u00e3o Pessoa, entre 11 e 15 de mar\u00e7o, n\u00e3o contar\u00e1 com a experiente Carol Solberg. A atleta foi punida pela Federa\u00e7\u00e3o Internacional de Voleibol (FIVB) por comemorar a pris\u00e3o do ex-presidente Jair Bolsonaro no Mundial do ano passado. A revela\u00e7\u00e3o da puni\u00e7\u00e3o foi [&hellip;]<\/p>\n","protected":false},"author":260,"featured_media":65706,"comment_status":"closed","ping_status":"closed","sticky":false,"template":"","format":"standard","meta":{"_themeisle_gutenberg_block_has_review":false,"_jetpack_memberships_contains_paid_content":false,"footnotes":""},"categories":[12],"tags":[153],"class_list":{"0":"post-65705","1":"post","2":"type-post","3":"status-publish","4":"format-standard","5":"has-post-thumbnail","7":"category-esportes","8":"tag-esportes"},"jetpack_featured_media_url":"https:\/\/crajubaremacao.com.br\/wp-content\/uploads\/2026\/02\/foto-jp-3-6-750x450-1.png","jetpack_sharing_enabled":true,"_links":{"self":[{"href":"https:\/\/crajubaremacao.com.br\/index.php?rest_route=\/wp\/v2\/posts\/65705","targetHints":{"allow":["GET"]}}],"collection":[{"href":"https:\/\/crajubaremacao.com.br\/index.php?rest_route=\/wp\/v2\/posts"}],"about":[{"href":"https:\/\/crajubaremacao.com.br\/index.php?rest_route=\/wp\/v2\/types\/post"}],"author":[{"embeddable":true,"href":"https:\/\/crajubaremacao.com.br\/index.php?rest_route=\/wp\/v2\/users\/260"}],"replies":[{"embeddable":true,"href":"https:\/\/crajubaremacao.com.br\/index.php?rest_route=%2Fwp%2Fv2%2Fcomments&post=65705"}],"version-history":[{"count":0,"href":"https:\/\/crajubaremacao.com.br\/index.php?rest_route=\/wp\/v2\/posts\/65705\/revisions"}],"wp:featuredmedia":[{"embeddable":true,"href":"https:\/\/crajubaremacao.com.br\/index.php?rest_route=\/wp\/v2\/media\/65706"}],"wp:attachment":[{"href":"https:\/\/crajubaremacao.com.br\/index.php?rest_route=%2Fwp%2Fv2%2Fmedia&parent=65705"}],"wp:term":[{"taxonomy":"category","embeddable":true,"href":"https:\/\/crajubaremacao.com.br\/index.php?rest_route=%2Fwp%2Fv2%2Fcategories&post=65705"},{"taxonomy":"post_tag","embeddable":true,"href":"https:\/\/crajubaremacao.com.br\/index.php?rest_route=%2Fwp%2Fv2%2Ftags&post=65705"}],"curies":[{"name":"wp","href":"https:\/\/api.w.org\/{rel}","templated":true}]}}