{"id":65711,"date":"2026-02-19T18:04:21","date_gmt":"2026-02-19T21:04:21","guid":{"rendered":"https:\/\/crajubaremacao.com.br\/?p=65711"},"modified":"2026-02-19T18:04:21","modified_gmt":"2026-02-19T21:04:21","slug":"tarcisio-celebra-rebaixamento-de-escola-de-samba-que-homenageou-lula-ja-vai-tarde","status":"publish","type":"post","link":"https:\/\/crajubaremacao.com.br\/?p=65711","title":{"rendered":"Tarc\u00edsio celebra rebaixamento de escola de samba que homenageou Lula: \u2018J\u00e1 vai tarde\u2019"},"content":{"rendered":"<div>\n<div style=\"margin-bottom: 15px;\"><img decoding=\"async\" class=\"type:primaryImage\" src=\"https:\/\/jpimg.com.br\/uploads\/2025\/09\/54807689200_93db36af3c_k-750x500.jpg\"><\/div>\n<p><?xml encoding=\"UTF-8\"><\/p>\n<p>O governador de S\u00e3o Paulo, Tarc\u00edsio de Freitas (Republicanos),<strong> celebrou<\/strong> nesta quinta-feira (19) <strong>o rebaixamento da escola de samba Acad\u00eamicos de Niter\u00f3i<\/strong>, agremia\u00e7\u00e3o que homenageou o presidente Lula (PT). Tarc\u00edsio disse que o resultado foi o esperado. \u201cN\u00e3o poderia ter tido outra repercuss\u00e3o, <strong>j\u00e1 vai tarde<\/strong>. O rebaixamento \u00e9 muito bem-vindo, fiquei muito feliz\u201d, comemorou o governador.<\/p>\n<p>Tarc\u00edsio cumpria agenda em Itapecerica da Serra e, em entrevista coletiva, deu sua opini\u00e3o sobre o desfile da Acad\u00eamicos de Niter\u00f3i. \u201cO carnaval da Acad\u00eamicos de Niter\u00f3i foi de <strong>p\u00e9ssimo n\u00edvel, p\u00e9ssimo gosto<\/strong>, uma infelicidade da escola de samba que apostou no divisionismo, resolveu atacar a fam\u00edlia, os evang\u00e9licos, <strong>eu me senti agredido<\/strong>\u201c, disse o governador.<\/p>\n<p>Na \u00faltima segunda-feira (16) Tarc\u00edsio fez uma<strong> publica\u00e7\u00e3o nas redes sociais criticando o desfile<\/strong> e alegou propaganda pol\u00edtica antecipada por parte do PT. No v\u00eddeo, ele diz que as autoridades usam o \u201cpoder p\u00fablico parcial e seletivo\u201d, enquanto, do outro lado, \u00e9 aplicado rigorosamente a lei contra opositores.<\/p>\n<p>Tarc\u00edsio<strong> relembra as acusa\u00e7\u00f5es feitas ao ex-presidente Jair Bolsonaro<\/strong> em 2022, quando ele foi declarado ineleg\u00edvel por abuso de poder pol\u00edtico e uso ineleg\u00edvel dos meios de comunica\u00e7\u00e3o, <strong>e compara com o desfile em homenagem a Lula<\/strong>. Ele diz que, \u201cse n\u00e3o foi propaganda antecipada, o que ser\u00e1 ent\u00e3o?\u201d. Ele finaliza ao dizer que o desfile, sendo veiculado em TV aberta, deixa a inten\u00e7\u00e3o de propaganda eleitoral antecipada e espera o mesmo rigor agora contra o PT.<\/p>\n<h2>Acad\u00eamicos de Niter\u00f3i rebaixada<\/h2>\n<p>A Acad\u00eamicos de Niter\u00f3i sofreu com acusa\u00e7\u00f5es da oposi\u00e7\u00e3o desde o dia do desfile, no domingo (15), e terminou a apura\u00e7\u00e3o com <strong>264.6 pontos, em 12\u00ba lugar, a \u00faltima posi\u00e7\u00e3o.<\/strong><\/p>\n<p>O samba, puxado por Emerson Dias,\u00a0<strong>abordou a inf\u00e2ncia de Lula no agreste pernambucano<\/strong>, a mudan\u00e7a para o Sudeste, e seu papel como sindicalista e como pol\u00edtico. Lula acompanhou o desfile na Sapuca\u00ed e chegou a descer do camarote para cumprimentar o mestre-sala e a porta-bandeira da escola.<\/p>\n<p>Apesar de ter tido uma repercuss\u00e3o com os louvores ao petista e as cr\u00edticas ao ex-presidente Jair Bolsonaro (PL) e os apoiadores dele, como conservadores enlatados e o Bolsonaro como um palha\u00e7o preso entre grades, a Acad\u00eamicos de Niter\u00f3i\u00a0<strong>ficou atr\u00e1s em todos os quesitos<\/strong>\u00a0pontuados pelos jurados do carnaval carioca.<\/p>\n<p>O quesito que a escola teve menor pontua\u00e7\u00e3o foi em fantasias. O enredo, que conta a hist\u00f3ria de Lula, foi considerado o pior entre todas as 12 escolas. Outros pontos onde a Acad\u00eamicos de Niter\u00f3i ficou muito atr\u00e1s das outras agremia\u00e7\u00f5es foram alegoria e adere\u00e7os, bateria, mestre-sala e porta-bandeira.<\/p>\n<div class=\"list-related-posts\">\n<h3>Leia tamb\u00e9m<\/h3>\n<div class=\"related-posts-container\">\n<div class=\"related-post-item-container\">\n<div class=\"related-post\">\n<div class=\"img-related-box\">\n                                            <strong><a href=\"https:\/\/jovempan.com.br\/opiniao-jovem-pan\/comentaristas\/alan-ghani\/o-onus-e-o-risco-de-homenagear-lula-para-a-eleicao.html\" title=\"O \u00f4nus e o risco de homenagear Lula para a elei\u00e7\u00e3o\"><img decoding=\"async\" src=\"https:\/\/jpimg.com.br\/uploads\/2026\/02\/fta20260216028-1.jpg\"><\/a><\/strong>\n                                        <\/div>\n<p>                                        <span class=\"box-the-title\"><br \/>\n                                            <strong><a href=\"https:\/\/jovempan.com.br\/opiniao-jovem-pan\/comentaristas\/alan-ghani\/o-onus-e-o-risco-de-homenagear-lula-para-a-eleicao.html\" title=\"O \u00f4nus e o risco de homenagear Lula para a elei\u00e7\u00e3o\">O \u00f4nus e o risco de homenagear Lula para a elei\u00e7\u00e3o<\/a><\/strong><br \/>\n                                        <\/span>\n                                    <\/div>\n<div class=\"related-post\">\n<div class=\"img-related-box\">\n                                            <strong><a href=\"https:\/\/jovempan.com.br\/noticias\/politica\/oposicao-comemora-rebaixamento-de-escola-de-samba-que-homenageou-lula.html\" title=\"Oposi\u00e7\u00e3o comemora rebaixamento de escola de samba que homenageou Lula\"><img decoding=\"async\" src=\"https:\/\/jpimg.com.br\/uploads\/2026\/02\/fta20260216097.jpg\"><\/a><\/strong>\n                                        <\/div>\n<p>                                        <span class=\"box-the-title\"><br \/>\n                                            <strong><a href=\"https:\/\/jovempan.com.br\/noticias\/politica\/oposicao-comemora-rebaixamento-de-escola-de-samba-que-homenageou-lula.html\" title=\"Oposi\u00e7\u00e3o comemora rebaixamento de escola de samba que homenageou Lula\">Oposi\u00e7\u00e3o comemora rebaixamento de escola de samba que homenageou Lula<\/a><\/strong><br \/>\n                                        <\/span>\n                                    <\/div>\n<div class=\"related-post\">\n<div class=\"img-related-box\">\n                                            <strong><a href=\"https:\/\/jovempan.com.br\/noticias\/brasil\/pastor-diz-que-integrantes-de-escola-de-samba-que-homenageou-lula-terao-cancer.html\" title=\"Pastor diz que integrantes de escola de samba que homenageou Lula ter\u00e3o c\u00e2ncer\"><img decoding=\"async\" src=\"https:\/\/jpimg.com.br\/uploads\/2026\/02\/academicos-de-niteroi-lula-13-84.png\"><\/a><\/strong>\n                                        <\/div>\n<p>                                        <span class=\"box-the-title\"><br \/>\n                                            <strong><a href=\"https:\/\/jovempan.com.br\/noticias\/brasil\/pastor-diz-que-integrantes-de-escola-de-samba-que-homenageou-lula-terao-cancer.html\" title=\"Pastor diz que integrantes de escola de samba que homenageou Lula ter\u00e3o c\u00e2ncer\">Pastor diz que integrantes de escola de samba que homenageou Lula ter\u00e3o c\u00e2ncer<\/a><\/strong><br \/>\n                                        <\/span>\n                                    <\/div>\n<\/p><\/div>\n<\/p><\/div>\n<\/p><\/div>\n<\/div>\n","protected":false},"excerpt":{"rendered":"<p>O governador de S\u00e3o Paulo, Tarc\u00edsio de Freitas (Republicanos), celebrou nesta quinta-feira (19) o rebaixamento da escola de samba Acad\u00eamicos de Niter\u00f3i, agremia\u00e7\u00e3o que homenageou o presidente Lula (PT). Tarc\u00edsio disse que o resultado foi o esperado. \u201cN\u00e3o poderia ter tido outra repercuss\u00e3o, j\u00e1 vai tarde. O rebaixamento \u00e9 muito bem-vindo, fiquei muito feliz\u201d, comemorou [&hellip;]<\/p>\n","protected":false},"author":117,"featured_media":65712,"comment_status":"closed","ping_status":"closed","sticky":false,"template":"","format":"standard","meta":{"_themeisle_gutenberg_block_has_review":false,"_jetpack_memberships_contains_paid_content":false,"footnotes":""},"categories":[9],"tags":[129],"class_list":{"0":"post-65711","1":"post","2":"type-post","3":"status-publish","4":"format-standard","5":"has-post-thumbnail","7":"category-politica","8":"tag-politica"},"jetpack_featured_media_url":"https:\/\/crajubaremacao.com.br\/wp-content\/uploads\/2026\/02\/54807689200_93db36af3c_k-750x500-1.jpg","jetpack_sharing_enabled":true,"_links":{"self":[{"href":"https:\/\/crajubaremacao.com.br\/index.php?rest_route=\/wp\/v2\/posts\/65711","targetHints":{"allow":["GET"]}}],"collection":[{"href":"https:\/\/crajubaremacao.com.br\/index.php?rest_route=\/wp\/v2\/posts"}],"about":[{"href":"https:\/\/crajubaremacao.com.br\/index.php?rest_route=\/wp\/v2\/types\/post"}],"author":[{"embeddable":true,"href":"https:\/\/crajubaremacao.com.br\/index.php?rest_route=\/wp\/v2\/users\/117"}],"replies":[{"embeddable":true,"href":"https:\/\/crajubaremacao.com.br\/index.php?rest_route=%2Fwp%2Fv2%2Fcomments&post=65711"}],"version-history":[{"count":0,"href":"https:\/\/crajubaremacao.com.br\/index.php?rest_route=\/wp\/v2\/posts\/65711\/revisions"}],"wp:featuredmedia":[{"embeddable":true,"href":"https:\/\/crajubaremacao.com.br\/index.php?rest_route=\/wp\/v2\/media\/65712"}],"wp:attachment":[{"href":"https:\/\/crajubaremacao.com.br\/index.php?rest_route=%2Fwp%2Fv2%2Fmedia&parent=65711"}],"wp:term":[{"taxonomy":"category","embeddable":true,"href":"https:\/\/crajubaremacao.com.br\/index.php?rest_route=%2Fwp%2Fv2%2Fcategories&post=65711"},{"taxonomy":"post_tag","embeddable":true,"href":"https:\/\/crajubaremacao.com.br\/index.php?rest_route=%2Fwp%2Fv2%2Ftags&post=65711"}],"curies":[{"name":"wp","href":"https:\/\/api.w.org\/{rel}","templated":true}]}}