{"id":65843,"date":"2026-02-22T06:12:35","date_gmt":"2026-02-22T09:12:35","guid":{"rendered":"https:\/\/crajubaremacao.com.br\/?p=65843"},"modified":"2026-02-22T06:12:35","modified_gmt":"2026-02-22T09:12:35","slug":"prazos-e-normas-para-a-regularizacao-do-titulo-eleitoral-visando-o-pleito-de-2026","status":"publish","type":"post","link":"https:\/\/crajubaremacao.com.br\/?p=65843","title":{"rendered":"Prazos e normas para a regulariza\u00e7\u00e3o do t\u00edtulo eleitoral visando o pleito de 2026"},"content":{"rendered":"<div>\n<div style=\"margin-bottom: 15px;\"><img decoding=\"async\" class=\"type:primaryImage\" src=\"https:\/\/jpimg.com.br\/uploads\/2022\/04\/fup20220330046-750x500.jpg\"><\/div>\n<p><?xml encoding=\"UTF-8\"><\/p>\n<p>A organiza\u00e7\u00e3o do processo democr\u00e1tico brasileiro depende de um rigoroso cronograma administrativo e legal, gerido pelo Tribunal Superior Eleitoral (TSE). Para as Elei\u00e7\u00f5es Gerais de 2026, onde ser\u00e3o escolhidos presidente, governadores, senadores e deputados, a integridade do cadastro de eleitores \u00e9 fundamental. A regulariza\u00e7\u00e3o do t\u00edtulo eleitoral n\u00e3o \u00e9 apenas uma burocracia, mas o pr\u00e9-requisito essencial para a habilita\u00e7\u00e3o do cidad\u00e3o ao exerc\u00edcio do sufr\u00e1gio. O fechamento do cadastro, que ocorre meses antes do pleito, obedece a determina\u00e7\u00f5es legais que visam garantir a estabilidade e a seguran\u00e7a da log\u00edstica eleitoral.<\/p>\n<h2>O prazo legal e as atribui\u00e7\u00f5es do cadastro eleitoral<\/h2>\n<p>A d\u00favida central sobre at\u00e9 quando pode regularizar o t\u00edtulo de eleitor para votar em 2026 \u00e9 respondida pela Lei n\u00ba 9.504\/1997 (Lei das Elei\u00e7\u00f5es). O artigo 91 desta legisla\u00e7\u00e3o estabelece que o cadastro eleitoral deve ser fechado 150 dias antes da data do pleito. Considerando que o primeiro turno das elei\u00e7\u00f5es ocorre tradicionalmente no primeiro domingo de outubro, o prazo final para regulariza\u00e7\u00e3o, transfer\u00eancia de domic\u00edlio e alistamento eleitoral (primeiro t\u00edtulo) encerra-se, invariavelmente, no in\u00edcio de maio do ano eleitoral.<\/p>\n<p>Para o ciclo de 2026, espera-se que a data limite seja fixada nos primeiros dias de maio (geralmente entre os dias 4 e 8). Ap\u00f3s essa data, o cadastro \u00e9 congelado para que a Justi\u00e7a Eleitoral possa processar os dados, configurar as urnas eletr\u00f4nicas e organizar as se\u00e7\u00f5es de vota\u00e7\u00e3o. Durante esse per\u00edodo de fechamento, nenhuma altera\u00e7\u00e3o nos dados do eleitor \u00e9 permitida, exceto em casos judiciais muito espec\u00edficos. Portanto, as atribui\u00e7\u00f5es de regulariza\u00e7\u00e3o envolvem:<\/p>\n<p><strong>Quita\u00e7\u00e3o de d\u00e9bitos:<\/strong> Pagamento de multas por aus\u00eancias injustificadas em pleitos anteriores;<\/p>\n<p><strong>Revis\u00e3o de dados:<\/strong> Corre\u00e7\u00e3o de nome, estado civil ou endere\u00e7o;<\/p>\n<p><strong>Transfer\u00eancia de domic\u00edlio:<\/strong> Mudan\u00e7a do local de vota\u00e7\u00e3o para o munic\u00edpio de resid\u00eancia atual;<\/p>\n<p><strong>Revers\u00e3o de cancelamento:<\/strong> Regulariza\u00e7\u00e3o de t\u00edtulos cancelados por aus\u00eancia a tr\u00eas elei\u00e7\u00f5es consecutivas ou por n\u00e3o comparecimento \u00e0 revis\u00e3o do eleitorado.<\/p>\n<h2>Hist\u00f3rico e evolu\u00e7\u00e3o do sistema de alistamento<\/h2>\n<p>O processo de alistamento e regulariza\u00e7\u00e3o eleitoral no Brasil passou por profundas transforma\u00e7\u00f5es nas \u00faltimas d\u00e9cadas, migrando de um sistema cartorial f\u00edsico para uma infraestrutura digital robusta. Historicamente, o fechamento do cadastro sempre foi um marco cr\u00edtico, mas a introdu\u00e7\u00e3o do processamento eletr\u00f4nico de dados na d\u00e9cada de 1980 e a implementa\u00e7\u00e3o da urna eletr\u00f4nica em 1996 exigiram maior precis\u00e3o nos prazos.<\/p>\n<p>A grande mudan\u00e7a estrutural recente foi a implementa\u00e7\u00e3o da identifica\u00e7\u00e3o biom\u00e9trica. O projeto de recadastramento biom\u00e9trico, iniciado em 2008, tornou-se obrigat\u00f3rio gradualmente em diversos munic\u00edpios. A aus\u00eancia do eleitor convocado para a revis\u00e3o biom\u00e9trica resultou no cancelamento de milh\u00f5es de t\u00edtulos, criando uma nova demanda de regulariza\u00e7\u00e3o. Al\u00e9m disso, a digitaliza\u00e7\u00e3o permitiu a cria\u00e7\u00e3o do \u201cT\u00edtulo Net\u201d e do aplicativo e-T\u00edtulo, ferramentas que facilitam o in\u00edcio do processo de regulariza\u00e7\u00e3o \u00e0 dist\u00e2ncia, embora a coleta de biometria ainda exija, em muitos casos, a presen\u00e7a f\u00edsica nos cart\u00f3rios eleitorais.<\/p>\n<h2>Funcionamento dos procedimentos de regulariza\u00e7\u00e3o<\/h2>\n<p>Para que o eleitor esteja apto a votar em 2026, o funcionamento do processo de regulariza\u00e7\u00e3o segue etapas administrativas claras, que podem ser iniciadas via internet atrav\u00e9s do portal do TSE (Autoatendimento do Eleitor). O procedimento varia de acordo com a pend\u00eancia do cidad\u00e3o:<\/p>\n<p><strong>Verifica\u00e7\u00e3o de situa\u00e7\u00e3o:<\/strong> O eleitor deve consultar sua situa\u00e7\u00e3o no site do TSE. Se o status for \u201cRegular\u201d, n\u00e3o h\u00e1 impedimentos. Se for \u201cCancelado\u201d ou \u201cSuspenso\u201d, \u00e9 necess\u00e1ria a\u00e7\u00e3o imediata;<\/p>\n<p><strong>Pagamento de multas:<\/strong> Caso existam d\u00e9bitos por aus\u00eancia \u00e0s urnas ou aos trabalhos eleitorais (mes\u00e1rios faltosos), deve-se emitir a Guia de Recolhimento da Uni\u00e3o (GRU) e efetuar o pagamento;<\/p>\n<p><strong>Requerimento T\u00edtulo Net:<\/strong> Para altera\u00e7\u00f5es cadastrais, transfer\u00eancias ou novo alistamento, preenche-se um formul\u00e1rio online, anexando documentos digitalizados (identidade oficial com foto, comprovante de resid\u00eancia, comprovante de quita\u00e7\u00e3o militar para homens de 19 anos);<\/p>\n<p>Coleta Biom\u00e9trica: Se o eleitor ainda n\u00e3o possui biometria cadastrada, ap\u00f3s o requerimento online, o sistema agendar\u00e1 ou indicar\u00e1 a necessidade de comparecimento a um Cart\u00f3rio Eleitoral ou posto de atendimento para a coleta das impress\u00f5es digitais e fotografia.<\/p>\n<p>\u00c9 crucial notar que o alistamento e a regulariza\u00e7\u00e3o devem ser conclu\u00eddos antes do prazo de maio de 2026. Processos iniciados mas n\u00e3o conclu\u00eddos (por falta de comparecimento, por exemplo) n\u00e3o garantem o direito ao voto.<\/p>\n<h2>Import\u00e2ncia e impacto social da regulariza\u00e7\u00e3o<\/h2>\n<p>A regulariza\u00e7\u00e3o do t\u00edtulo de eleitor transcende o ato de votar; trata-se de um mecanismo de manuten\u00e7\u00e3o da cidadania plena. O impacto de possuir um t\u00edtulo irregular ou cancelado afeta diversas esferas da vida civil do brasileiro. A legisla\u00e7\u00e3o imp\u00f5e san\u00e7\u00f5es severas para quem n\u00e3o est\u00e1 em dia com a Justi\u00e7a Eleitoral, o que refor\u00e7a a import\u00e2ncia de observar o prazo de 2026.<\/p>\n<p>Entre as consequ\u00eancias administrativas da irregularidade, destacam-se os impedimentos para:<\/p>\n<ul>\n<li>Obter passaporte ou carteira de identidade;<\/li>\n<li>Inscrever-se em concurso ou prova para cargo ou fun\u00e7\u00e3o p\u00fablica, e neles ser investido ou empossado;<\/li>\n<li>Renovar matr\u00edcula em estabelecimento de ensino oficial ou fiscalizado pelo governo;<\/li>\n<li>Obter empr\u00e9stimos em autarquias, sociedades de economia mista, caixas econ\u00f4micas federais e estaduais, bem como em institutos e caixas de previd\u00eancia social.<\/li>\n<\/ul>\n<p>Dessa forma, a regulariza\u00e7\u00e3o at\u00e9 o fechamento do cadastro em maio de 2026 \u00e9 vital n\u00e3o apenas para a participa\u00e7\u00e3o pol\u00edtica na escolha dos representantes, mas para garantir a regularidade do CPF e o acesso a servi\u00e7os p\u00fablicos e direitos civis fundamentais.<\/p>\n<p>A gest\u00e3o do cadastro eleitoral pelo Tribunal Superior Eleitoral reflete o compromisso institucional com a lisura do processo democr\u00e1tico. O cumprimento do prazo de maio de 2026 para a regulariza\u00e7\u00e3o do t\u00edtulo \u00e9 uma exig\u00eancia t\u00e9cnica imposta pela Lei das Elei\u00e7\u00f5es para assegurar que a base de dados utilizada nas urnas eletr\u00f4nicas seja audit\u00e1vel, segura e definitiva, garantindo a legitimidade dos resultados proclamados.<\/p>\n<div class=\"list-related-posts\">\n<h3>Leia tamb\u00e9m<\/h3>\n<div class=\"related-posts-container\">\n<div class=\"related-post-item-container\">\n<div class=\"related-post\">\n<div class=\"img-related-box\">\n                                            <strong><a href=\"https:\/\/jovempan.com.br\/noticias\/politica\/congresso-pressiona-por-cpi-contra-toffoli-e-pretende-pautar-quebra-de-sigilo.html\" title=\"Congresso pressiona por CPI contra Toffoli e pretende pautar quebra de sigilo\"><img decoding=\"async\" src=\"https:\/\/jpimg.com.br\/uploads\/2023\/06\/52675571534_8857d6e0fc_k.jpg\"><\/a><\/strong>\n                                        <\/div>\n<p>                                        <span class=\"box-the-title\"><br \/>\n                                            <strong><a href=\"https:\/\/jovempan.com.br\/noticias\/politica\/congresso-pressiona-por-cpi-contra-toffoli-e-pretende-pautar-quebra-de-sigilo.html\" title=\"Congresso pressiona por CPI contra Toffoli e pretende pautar quebra de sigilo\">Congresso pressiona por CPI contra Toffoli e pretende pautar quebra de sigilo<\/a><\/strong><br \/>\n                                        <\/span>\n                                    <\/div>\n<div class=\"related-post\">\n<div class=\"img-related-box\">\n                                            <strong><a href=\"https:\/\/jovempan.com.br\/noticias\/brasil\/genro-de-prefeito-salario-de-r-19-mil-quem-foi-o-secretario-que-matou-os-filhos-em-itumbiara.html\" title=\"Genro de prefeito, sal\u00e1rio de R$ 19 mil: quem foi o secret\u00e1rio que atirou contra os filhos em Itumbiara\"><img decoding=\"async\" src=\"https:\/\/jpimg.com.br\/uploads\/2026\/02\/foto-jp-7-1.png\"><\/a><\/strong>\n                                        <\/div>\n<p>                                        <span class=\"box-the-title\"><br \/>\n                                            <strong><a href=\"https:\/\/jovempan.com.br\/noticias\/brasil\/genro-de-prefeito-salario-de-r-19-mil-quem-foi-o-secretario-que-matou-os-filhos-em-itumbiara.html\" title=\"Genro de prefeito, sal\u00e1rio de R$ 19 mil: quem foi o secret\u00e1rio que atirou contra os filhos em Itumbiara\">Genro de prefeito, sal\u00e1rio de R$ 19 mil: quem foi o secret\u00e1rio que atirou contra os filhos em Itumbiara<\/a><\/strong><br \/>\n                                        <\/span>\n                                    <\/div>\n<\/p><\/div>\n<\/p><\/div>\n<\/p><\/div>\n<\/div>\n","protected":false},"excerpt":{"rendered":"<p>A organiza\u00e7\u00e3o do processo democr\u00e1tico brasileiro depende de um rigoroso cronograma administrativo e legal, gerido pelo Tribunal Superior Eleitoral (TSE). Para as Elei\u00e7\u00f5es Gerais de 2026, onde ser\u00e3o escolhidos presidente, governadores, senadores e deputados, a integridade do cadastro de eleitores \u00e9 fundamental. A regulariza\u00e7\u00e3o do t\u00edtulo eleitoral n\u00e3o \u00e9 apenas uma burocracia, mas o pr\u00e9-requisito [&hellip;]<\/p>\n","protected":false},"author":117,"featured_media":65844,"comment_status":"closed","ping_status":"closed","sticky":false,"template":"","format":"standard","meta":{"_themeisle_gutenberg_block_has_review":false,"_jetpack_memberships_contains_paid_content":false,"footnotes":""},"categories":[9],"tags":[129],"class_list":{"0":"post-65843","1":"post","2":"type-post","3":"status-publish","4":"format-standard","5":"has-post-thumbnail","7":"category-politica","8":"tag-politica"},"jetpack_featured_media_url":"https:\/\/crajubaremacao.com.br\/wp-content\/uploads\/2026\/02\/fup20220330046-750x500-3.jpg","jetpack_sharing_enabled":true,"_links":{"self":[{"href":"https:\/\/crajubaremacao.com.br\/index.php?rest_route=\/wp\/v2\/posts\/65843","targetHints":{"allow":["GET"]}}],"collection":[{"href":"https:\/\/crajubaremacao.com.br\/index.php?rest_route=\/wp\/v2\/posts"}],"about":[{"href":"https:\/\/crajubaremacao.com.br\/index.php?rest_route=\/wp\/v2\/types\/post"}],"author":[{"embeddable":true,"href":"https:\/\/crajubaremacao.com.br\/index.php?rest_route=\/wp\/v2\/users\/117"}],"replies":[{"embeddable":true,"href":"https:\/\/crajubaremacao.com.br\/index.php?rest_route=%2Fwp%2Fv2%2Fcomments&post=65843"}],"version-history":[{"count":0,"href":"https:\/\/crajubaremacao.com.br\/index.php?rest_route=\/wp\/v2\/posts\/65843\/revisions"}],"wp:featuredmedia":[{"embeddable":true,"href":"https:\/\/crajubaremacao.com.br\/index.php?rest_route=\/wp\/v2\/media\/65844"}],"wp:attachment":[{"href":"https:\/\/crajubaremacao.com.br\/index.php?rest_route=%2Fwp%2Fv2%2Fmedia&parent=65843"}],"wp:term":[{"taxonomy":"category","embeddable":true,"href":"https:\/\/crajubaremacao.com.br\/index.php?rest_route=%2Fwp%2Fv2%2Fcategories&post=65843"},{"taxonomy":"post_tag","embeddable":true,"href":"https:\/\/crajubaremacao.com.br\/index.php?rest_route=%2Fwp%2Fv2%2Ftags&post=65843"}],"curies":[{"name":"wp","href":"https:\/\/api.w.org\/{rel}","templated":true}]}}