{"id":65851,"date":"2026-02-22T12:01:51","date_gmt":"2026-02-22T15:01:51","guid":{"rendered":"https:\/\/crajubaremacao.com.br\/?p=65851"},"modified":"2026-02-22T12:01:51","modified_gmt":"2026-02-22T15:01:51","slug":"pos-carnaval-2026-veja-programacao-dos-blocos-do-rj-neste-domingo","status":"publish","type":"post","link":"https:\/\/crajubaremacao.com.br\/?p=65851","title":{"rendered":"P\u00f3s-Carnaval 2026: veja programa\u00e7\u00e3o dos blocos do RJ neste domingo"},"content":{"rendered":"<div>\n<div style=\"margin-bottom: 15px;\"><img decoding=\"async\" class=\"type:primaryImage\" src=\"https:\/\/crajubaremacao.com.br\/wp-content\/uploads\/2026\/02\/imagem-jvp-2026-02-22t074653295-750x450-1.png\"><\/div>\n<p><?xml encoding=\"UTF-8\"><\/p>\n<p>No \u00faltimo dia de carnaval no Rio de Janeiro, neste domingo (22), o grande destaque \u00e9 o desfile do<strong> Monobloco<\/strong>, na Rua Primeiro de Mar\u00e7o, no centro. Um dos<strong> \u00edcones da folia carioca,<\/strong> grupo se destaca pela mistura de ritmos e estilos musicais. O repert\u00f3rio ecl\u00e9tico incorpora marchinhas tradicionais, <strong>samba de Cartola e Clara Nunes, xote de Alceu Valen\u00e7a, forr\u00f3 de Luiz Gonzaga, funk de Ludmilla, pop de Anitta, al\u00e9m de can\u00e7\u00f5es de Paralamas do Sucesso, Raul Seixas e Tim Maia.<\/strong><\/p>\n<p>Ao todo, <strong>462 blocos foram autorizados a desfilar no carnaval carioca<\/strong> pela Empresa Municipal de Turismo do Rio (Riotur), que espera receber 6,8 milh\u00f5es de foli\u00f5es apenas nos blocos de rua espalhados por toda a cidade.<\/p>\n<h2>Veja a programa\u00e7\u00e3o dos blocos:<\/h2>\n<p><strong>MONOBLOCO<\/strong><\/p>\n<p>Hora: 7h Endere\u00e7o: Rua Primeiro de Mar\u00e7o, 33 \u2013 centro<\/p>\n<p><strong>FILHOS DA PUC<\/strong><\/p>\n<p>Hora: 9h Endere\u00e7o: Av. Delfim Moreira, 1111 \u2013 Leblon<\/p>\n<p><strong>QUEM VAI VAI, QUEM N\u00c3O VAI N\u00c3O CAGUETA!<\/strong><\/p>\n<p>Hora: 11h Endere\u00e7o: Pra\u00e7a Jerusal\u00e9m, 8 \u2013 Jardim Guanabara<\/p>\n<p><strong>BLOCO LITTLE BE<\/strong><\/p>\n<p>Hora: 8h Endere\u00e7o: R. Visconde de Piraj\u00e1, 356 \u2013 Ipanema<\/p>\n<p><strong>GR\u00caMIO RECREATIVO BLOCO CARNAVALESCO AMIGOS DA JOAQUIM M\u00c9IER<\/strong><\/p>\n<p>Hora: 16h Endere\u00e7o: R. Guaju \u2013 M\u00e9ier<\/p>\n<p><strong>NOSSOBLOCO OFICIAL<\/strong><\/p>\n<p>Hora: 16h Endere\u00e7o: R. Sacadura Cabral, 75 \u2013 Sa\u00fade<\/p>\n<p><strong>REP\u00daBLICA SUBURBANA<\/strong><\/p>\n<p>Hora: 10h Endere\u00e7o: R. Soares Caldeira, 115 \u2013 Madureira<\/p>\n<p><strong>BLOCO A\u00cd SIM!<\/strong><\/p>\n<p>Hora: 13h Endere\u00e7o: Pra\u00e7a Comandante Xavier de Brito, s\/n \u2013 Tijuca<\/p>\n<p><strong>BLOCO CARNAVALESCO UNI\u00c3O DOS BLOCOS DA ILHA DO GOVERNADOR<\/strong><\/p>\n<p>Hora: 10h Endere\u00e7o: Rua Fernandes da Fonseca, 84 \u2013 Ribeira<\/p>\n<p><strong>LIGA DE BLOCOS E BANDAS DA ZONA PORTUARIA<\/strong><\/p>\n<p>Hora: 17h Endere\u00e7o: R. Sacadura Cabral, 250 \u2013 Gamboa<\/p>\n<p><strong>BLOCO CULTURAL 7 DE PAUS<\/strong><\/p>\n<p>Hora: 16h Endere\u00e7o: Boulevard 28 de Setembro, 238 \u2013 Vila Isabel<\/p>\n<p><strong>BLOCO UNI\u00c3O DOS FOLI\u00d5ES DA AFERJ<\/strong><\/p>\n<p>Hora: 9h Endere\u00e7o: Praia da Olaria, 155 \u2013 Cocot\u00e1<\/p>\n<p>*Ag\u00eancia Brasil<\/p>\n<div class=\"list-related-posts\">\n<h3>Leia tamb\u00e9m<\/h3>\n<div class=\"related-posts-container\">\n<div class=\"related-post-item-container\">\n<div class=\"related-post\">\n<div class=\"img-related-box\">\n                                            <strong><a href=\"https:\/\/jovempan.com.br\/entretenimento\/musica\/anitta-anuncia-termino-com-ian-bortolanza-comemorei-cedo-demais.html\" title=\"Anitta anuncia t\u00e9rmino com Ian Bortolanza: 'Comemorei cedo demais'\"><img decoding=\"async\" src=\"https:\/\/crajubaremacao.com.br\/wp-content\/uploads\/2026\/02\/anitta-e-ian-bortolansa.jpg\"><\/a><\/strong>\n                                        <\/div>\n<p>                                        <span class=\"box-the-title\"><br \/>\n                                            <strong><a href=\"https:\/\/jovempan.com.br\/entretenimento\/musica\/anitta-anuncia-termino-com-ian-bortolanza-comemorei-cedo-demais.html\" title=\"Anitta anuncia t\u00e9rmino com Ian Bortolanza: 'Comemorei cedo demais'\">Anitta anuncia t\u00e9rmino com Ian Bortolanza: &#8216;Comemorei cedo demais&#8217;<\/a><\/strong><br \/>\n                                        <\/span>\n                                    <\/div>\n<div class=\"related-post\">\n<div class=\"img-related-box\">\n                                            <strong><a href=\"https:\/\/jovempan.com.br\/noticias\/brasil\/bloco-da-anitta-reune-multidao-e-famosos-no-centro-do-rj.html\" title=\"Bloco da Anitta re\u00fane multid\u00e3o e famosos no centro do RJ\"><img decoding=\"async\" src=\"https:\/\/crajubaremacao.com.br\/wp-content\/uploads\/2026\/02\/fta20260221066.jpg\"><\/a><\/strong>\n                                        <\/div>\n<p>                                        <span class=\"box-the-title\"><br \/>\n                                            <strong><a href=\"https:\/\/jovempan.com.br\/noticias\/brasil\/bloco-da-anitta-reune-multidao-e-famosos-no-centro-do-rj.html\" title=\"Bloco da Anitta re\u00fane multid\u00e3o e famosos no centro do RJ\">Bloco da Anitta re\u00fane multid\u00e3o e famosos no centro do RJ<\/a><\/strong><br \/>\n                                        <\/span>\n                                    <\/div>\n<\/p><\/div>\n<\/p><\/div>\n<\/p><\/div>\n<p>\u00a0<\/p>\n<p>\u00a0<\/p>\n<\/div>\n","protected":false},"excerpt":{"rendered":"<p>No \u00faltimo dia de carnaval no Rio de Janeiro, neste domingo (22), o grande destaque \u00e9 o desfile do Monobloco, na Rua Primeiro de Mar\u00e7o, no centro. Um dos \u00edcones da folia carioca, grupo se destaca pela mistura de ritmos e estilos musicais. O repert\u00f3rio ecl\u00e9tico incorpora marchinhas tradicionais, samba de Cartola e Clara Nunes, [&hellip;]<\/p>\n","protected":false},"author":117,"featured_media":65852,"comment_status":"closed","ping_status":"closed","sticky":false,"template":"","format":"standard","meta":{"_themeisle_gutenberg_block_has_review":false,"_jetpack_memberships_contains_paid_content":false,"footnotes":""},"categories":[2],"tags":[150],"class_list":{"0":"post-65851","1":"post","2":"type-post","3":"status-publish","4":"format-standard","5":"has-post-thumbnail","7":"category-brasil","8":"tag-brasil"},"jetpack_featured_media_url":"https:\/\/crajubaremacao.com.br\/wp-content\/uploads\/2026\/02\/imagem-jvp-2026-02-22t074653295-750x450-1.png","jetpack_sharing_enabled":true,"_links":{"self":[{"href":"https:\/\/crajubaremacao.com.br\/index.php?rest_route=\/wp\/v2\/posts\/65851","targetHints":{"allow":["GET"]}}],"collection":[{"href":"https:\/\/crajubaremacao.com.br\/index.php?rest_route=\/wp\/v2\/posts"}],"about":[{"href":"https:\/\/crajubaremacao.com.br\/index.php?rest_route=\/wp\/v2\/types\/post"}],"author":[{"embeddable":true,"href":"https:\/\/crajubaremacao.com.br\/index.php?rest_route=\/wp\/v2\/users\/117"}],"replies":[{"embeddable":true,"href":"https:\/\/crajubaremacao.com.br\/index.php?rest_route=%2Fwp%2Fv2%2Fcomments&post=65851"}],"version-history":[{"count":0,"href":"https:\/\/crajubaremacao.com.br\/index.php?rest_route=\/wp\/v2\/posts\/65851\/revisions"}],"wp:featuredmedia":[{"embeddable":true,"href":"https:\/\/crajubaremacao.com.br\/index.php?rest_route=\/wp\/v2\/media\/65852"}],"wp:attachment":[{"href":"https:\/\/crajubaremacao.com.br\/index.php?rest_route=%2Fwp%2Fv2%2Fmedia&parent=65851"}],"wp:term":[{"taxonomy":"category","embeddable":true,"href":"https:\/\/crajubaremacao.com.br\/index.php?rest_route=%2Fwp%2Fv2%2Fcategories&post=65851"},{"taxonomy":"post_tag","embeddable":true,"href":"https:\/\/crajubaremacao.com.br\/index.php?rest_route=%2Fwp%2Fv2%2Ftags&post=65851"}],"curies":[{"name":"wp","href":"https:\/\/api.w.org\/{rel}","templated":true}]}}