{"id":65861,"date":"2026-02-22T18:24:04","date_gmt":"2026-02-22T21:24:04","guid":{"rendered":"https:\/\/crajubaremacao.com.br\/?p=65861"},"modified":"2026-02-22T18:24:04","modified_gmt":"2026-02-22T21:24:04","slug":"piloto-de-lancha-envolvida-em-acidente-fatal-em-mg-nao-tinha-habilitacao","status":"publish","type":"post","link":"https:\/\/crajubaremacao.com.br\/?p=65861","title":{"rendered":"Piloto de lancha envolvida em acidente fatal em MG n\u00e3o tinha habilita\u00e7\u00e3o"},"content":{"rendered":"<div>\n<div style=\"margin-bottom: 15px;\"><img decoding=\"async\" class=\"type:primaryImage\" src=\"https:\/\/crajubaremacao.com.br\/wp-content\/uploads\/2026\/02\/imagem-jvp-2026-02-22t115359235-750x450-1.png\"><\/div>\n<p><?xml encoding=\"UTF-8\"><\/p>\n<p><strong>O condutor de uma lancha<\/strong> envolvido em um grave acidente em Rio Grande, divisa entre Minas Gerais e S\u00e3o Paulo, na noite deste s\u00e1bado (21),<strong> n\u00e3o era habilitado<\/strong>. A embarca\u00e7\u00e3o levava 15 passageiros e colidiu contra um p\u00eder na margem mineira, no munic\u00edpio de Sacramento (MG).<\/p>\n<p><strong>Seis pessoas morreram<\/strong>. Entre elas, o condutor, um homem de 45 anos, que n\u00e3o tinha carteira de Arrais Amador, habilita\u00e7\u00e3o emitida pela Marinha do Brasil para conduzir embarca\u00e7\u00f5es de esporte e recreio, como lanchas e velas.<\/p>\n<p>Segundo o sargento Silva Neto, do Corpo de Bombeiros de Sacramento,\u00a0os <a href=\"https:\/\/jovempan.com.br\/noticias\/brasil\/seis-morrem-em-colisao-de-barco-contra-pier-no-rio-grande.html\"><strong>seis passageiros que vieram a \u00f3bito ficaram submersos ap\u00f3s o acidente<\/strong><\/a>, ap\u00f3s a embarca\u00e7\u00e3o virar. Eram quatro mulheres adultas, duas de 40 anos, uma de 36 e uma de 22, uma crian\u00e7a de quatro anos e o condutor.<\/p>\n<p><strong>Seis pessoas permaneceram no local sem ferimentos<\/strong>.<strong> Tr\u00eas outras v\u00edtimas foram encaminhadas ao m\u00e9dico em Rifaina (SP)<\/strong>. Silva acredita que a falta de ilumina\u00e7\u00e3o no p\u00eder pode ter causado o acidente.<\/p>\n<p>Tamb\u00e9m afirmou que as equipes locais da Guarda Civil Metropolitana (GCM) de Rafaina e a popula\u00e7\u00e3o local j\u00e1 trabalhavam no resgate quando os bombeiros chegaram.<\/p>\n<h2>Entenda<\/h2>\n<p>Uma embarca\u00e7\u00e3o, que transportava 15 ocupantes e havia sa\u00eddo de Franca (SP), <strong>colidiu contra um p\u00eder<\/strong> na margem mineira, no munic\u00edpio de Sacramento.<\/p>\n<p>O Corpo de Bombeiros Militar de Minas Gerais (CBMMG) foi acionado por volta das 23h, ap\u00f3s informa\u00e7\u00f5es iniciais indicarem m\u00faltiplas mortes e poss\u00edvel exist\u00eancia de v\u00edtimas submersas. Quando as equipes chegaram, por volta das 23h30, o c<strong>en\u00e1rio j\u00e1 estava controlado por equipes locais da Guarda Civil e da Defesa Civil de Rifaina<\/strong>, que iniciaram os primeiros socorros.<\/p>\n<p>Por precau\u00e7\u00e3o,<strong> mergulhadores<\/strong> realizaram uma varredura no trecho do rio onde ocorreu o acidente, mas <strong>n\u00e3o localizaram outras v\u00edtimas<\/strong>. A ocorr\u00eancia tamb\u00e9m contou com apoio da Pol\u00edcia Militar de Minas Gerais. A per\u00edcia t\u00e9cnica foi acionada e a Capitania dos Portos de Barra Bonita informada sobre o caso.<\/p>\n<p><strong>As causas do acidente ser\u00e3o investigadas.<\/strong> Os trabalhos das equipes de resgate foram encerrados por volta das 4h30 da madrugada.<\/p>\n<div class=\"list-related-posts\">\n<h3>Leia tamb\u00e9m<\/h3>\n<div class=\"related-posts-container\">\n<div class=\"related-post-item-container\">\n<div class=\"related-post\">\n<div class=\"img-related-box\">\n                                            <strong><a href=\"https:\/\/jovempan.com.br\/noticias\/brasil\/homem-invade-convento-no-parana-e-mata-freira-de-82-anos.html\" title=\"Homem invade convento no Paran\u00e1 e mata freira de 82 anos\"><img decoding=\"async\" src=\"https:\/\/crajubaremacao.com.br\/wp-content\/uploads\/2026\/02\/imagem-jvp-2026-02-22t144115435.png\"><\/a><\/strong>\n                                        <\/div>\n<p>                                        <span class=\"box-the-title\"><br \/>\n                                            <strong><a href=\"https:\/\/jovempan.com.br\/noticias\/brasil\/homem-invade-convento-no-parana-e-mata-freira-de-82-anos.html\" title=\"Homem invade convento no Paran\u00e1 e mata freira de 82 anos\">Homem invade convento no Paran\u00e1 e mata freira de 82 anos<\/a><\/strong><br \/>\n                                        <\/span>\n                                    <\/div>\n<div class=\"related-post\">\n<div class=\"img-related-box\">\n                                            <strong><a href=\"https:\/\/jovempan.com.br\/esportes\/outros-esportes\/brasil-encerra-olimpiadas-de-inverno-com-ouro-recorde-e-melhor-desempenho.html\" title=\"Brasil encerra Olimp\u00edadas de Inverno com ouro, recorde e melhor desempenho\"><img decoding=\"async\" src=\"https:\/\/crajubaremacao.com.br\/wp-content\/uploads\/2026\/02\/brasil-olimpiadas-de-inverno.jpg\"><\/a><\/strong>\n                                        <\/div>\n<p>                                        <span class=\"box-the-title\"><br \/>\n                                            <strong><a href=\"https:\/\/jovempan.com.br\/esportes\/outros-esportes\/brasil-encerra-olimpiadas-de-inverno-com-ouro-recorde-e-melhor-desempenho.html\" title=\"Brasil encerra Olimp\u00edadas de Inverno com ouro, recorde e melhor desempenho\">Brasil encerra Olimp\u00edadas de Inverno com ouro, recorde e melhor desempenho<\/a><\/strong><br \/>\n                                        <\/span>\n                                    <\/div>\n<div class=\"related-post\">\n<div class=\"img-related-box\">\n                                            <strong><a href=\"https:\/\/jovempan.com.br\/noticias\/brasil\/seis-morrem-em-colisao-de-barco-contra-pier-no-rio-grande.html\" title=\"Colis\u00e3o de barco contra p\u00eder no Rio Grande deixa seis mortos\"><img decoding=\"async\" src=\"https:\/\/crajubaremacao.com.br\/wp-content\/uploads\/2026\/02\/imagem-jvp-2026-02-22t115536914.png\"><\/a><\/strong>\n                                        <\/div>\n<p>                                        <span class=\"box-the-title\"><br \/>\n                                            <strong><a href=\"https:\/\/jovempan.com.br\/noticias\/brasil\/seis-morrem-em-colisao-de-barco-contra-pier-no-rio-grande.html\" title=\"Colis\u00e3o de barco contra p\u00eder no Rio Grande deixa seis mortos\">Colis\u00e3o de barco contra p\u00eder no Rio Grande deixa seis mortos<\/a><\/strong><br \/>\n                                        <\/span>\n                                    <\/div>\n<\/p><\/div>\n<\/p><\/div>\n<\/p><\/div>\n<\/div>\n","protected":false},"excerpt":{"rendered":"<p>O condutor de uma lancha envolvido em um grave acidente em Rio Grande, divisa entre Minas Gerais e S\u00e3o Paulo, na noite deste s\u00e1bado (21), n\u00e3o era habilitado. A embarca\u00e7\u00e3o levava 15 passageiros e colidiu contra um p\u00eder na margem mineira, no munic\u00edpio de Sacramento (MG). Seis pessoas morreram. Entre elas, o condutor, um homem [&hellip;]<\/p>\n","protected":false},"author":117,"featured_media":65862,"comment_status":"closed","ping_status":"closed","sticky":false,"template":"","format":"standard","meta":{"_themeisle_gutenberg_block_has_review":false,"_jetpack_memberships_contains_paid_content":false,"footnotes":""},"categories":[2],"tags":[150],"class_list":{"0":"post-65861","1":"post","2":"type-post","3":"status-publish","4":"format-standard","5":"has-post-thumbnail","7":"category-brasil","8":"tag-brasil"},"jetpack_featured_media_url":"https:\/\/crajubaremacao.com.br\/wp-content\/uploads\/2026\/02\/imagem-jvp-2026-02-22t115359235-750x450-1.png","jetpack_sharing_enabled":true,"_links":{"self":[{"href":"https:\/\/crajubaremacao.com.br\/index.php?rest_route=\/wp\/v2\/posts\/65861","targetHints":{"allow":["GET"]}}],"collection":[{"href":"https:\/\/crajubaremacao.com.br\/index.php?rest_route=\/wp\/v2\/posts"}],"about":[{"href":"https:\/\/crajubaremacao.com.br\/index.php?rest_route=\/wp\/v2\/types\/post"}],"author":[{"embeddable":true,"href":"https:\/\/crajubaremacao.com.br\/index.php?rest_route=\/wp\/v2\/users\/117"}],"replies":[{"embeddable":true,"href":"https:\/\/crajubaremacao.com.br\/index.php?rest_route=%2Fwp%2Fv2%2Fcomments&post=65861"}],"version-history":[{"count":0,"href":"https:\/\/crajubaremacao.com.br\/index.php?rest_route=\/wp\/v2\/posts\/65861\/revisions"}],"wp:featuredmedia":[{"embeddable":true,"href":"https:\/\/crajubaremacao.com.br\/index.php?rest_route=\/wp\/v2\/media\/65862"}],"wp:attachment":[{"href":"https:\/\/crajubaremacao.com.br\/index.php?rest_route=%2Fwp%2Fv2%2Fmedia&parent=65861"}],"wp:term":[{"taxonomy":"category","embeddable":true,"href":"https:\/\/crajubaremacao.com.br\/index.php?rest_route=%2Fwp%2Fv2%2Fcategories&post=65861"},{"taxonomy":"post_tag","embeddable":true,"href":"https:\/\/crajubaremacao.com.br\/index.php?rest_route=%2Fwp%2Fv2%2Ftags&post=65861"}],"curies":[{"name":"wp","href":"https:\/\/api.w.org\/{rel}","templated":true}]}}