{"id":65878,"date":"2026-02-23T03:05:07","date_gmt":"2026-02-23T06:05:07","guid":{"rendered":"https:\/\/crajubaremacao.com.br\/?p=65878"},"modified":"2026-02-23T03:05:07","modified_gmt":"2026-02-23T06:05:07","slug":"pedra-se-desprende-do-alto-de-cachoeira-e-atinge-mulher-no-interior-do-ceara","status":"publish","type":"post","link":"https:\/\/crajubaremacao.com.br\/?p=65878","title":{"rendered":"Pedra se desprende do alto de cachoeira e atinge mulher no interior do Cear\u00e1"},"content":{"rendered":"<div><img decoding=\"async\" src=\"https:\/\/s2-g1.glbimg.com\/b6x6pU1dZQDz9hvf5w6gWeGw-xY=\/i.s3.glbimg.com\/v1\/AUTH_59edd422c0c84a879bd37670ae4f538a\/internal_photos\/bs\/2026\/T\/K\/84bxAFQUARID2pRPek9w\/caso-57-.jpg\"><br \/>     Pedra se desprende do alto de cachoeira e atinge mulher no interior do Cear\u00e1<br \/>\nUma mulher de 39 anos foi atingida por uma pedra que se desprendeu do alto da cachoeira conhecida como Bica do Donato, no munic\u00edpio de Pires Ferreira, no interior do Cear\u00e1, na tarde deste domingo (22).<br \/>\nA v\u00edtima \u00e9 Maria de Jesus Rodrigues Paiva, natural de Reriutaba. Segundo testemunhas, ela estava pr\u00f3xima \u00e0 queda d\u2019\u00e1gua quando a rocha caiu e atingiu seu corpo.<br \/>\nClique aqui para seguir o canal do g1 Cear\u00e1 no WhatsApp<br \/>\nA mulher foi socorrida e encaminhada a uma unidade de sa\u00fade. Um v\u00eddeo mostra o momento em que populares resgatam a v\u00edtima. (Veja a grava\u00e7\u00e3o no in\u00edcio da mat\u00e9ria)<br \/>\nEm nota, a Pol\u00edcia Militar informou que foi acionada para uma ocorr\u00eancia de deslizamento e que  a v\u00edtima ainda n\u00e3o foi identificada formalmente.<br \/>\nPedra se solta de cachoeira e atinge mulher no interior do Cear\u00e1.<br \/>\nReprodu\u00e7\u00e3o<br \/>\nAssista aos v\u00eddeos mais vistos do Cear\u00e1:<\/div>\n","protected":false},"excerpt":{"rendered":"<p>Pedra se desprende do alto de cachoeira e atinge mulher no interior do Cear\u00e1 Uma mulher de 39 anos foi atingida por uma pedra que se desprendeu do alto da cachoeira conhecida como Bica do Donato, no munic\u00edpio de Pires Ferreira, no interior do Cear\u00e1, na tarde deste domingo (22). A v\u00edtima \u00e9 Maria de [&hellip;]<\/p>\n","protected":false},"author":264,"featured_media":65879,"comment_status":"closed","ping_status":"closed","sticky":false,"template":"","format":"standard","meta":{"_themeisle_gutenberg_block_has_review":false,"_jetpack_memberships_contains_paid_content":false,"footnotes":""},"categories":[4],"tags":[127,130],"class_list":{"0":"post-65878","1":"post","2":"type-post","3":"status-publish","4":"format-standard","5":"has-post-thumbnail","7":"category-regiao","8":"tag-cariri","9":"tag-ceara"},"jetpack_featured_media_url":"https:\/\/crajubaremacao.com.br\/wp-content\/uploads\/2026\/02\/caso-57-.jpg","jetpack_sharing_enabled":true,"_links":{"self":[{"href":"https:\/\/crajubaremacao.com.br\/index.php?rest_route=\/wp\/v2\/posts\/65878","targetHints":{"allow":["GET"]}}],"collection":[{"href":"https:\/\/crajubaremacao.com.br\/index.php?rest_route=\/wp\/v2\/posts"}],"about":[{"href":"https:\/\/crajubaremacao.com.br\/index.php?rest_route=\/wp\/v2\/types\/post"}],"author":[{"embeddable":true,"href":"https:\/\/crajubaremacao.com.br\/index.php?rest_route=\/wp\/v2\/users\/264"}],"replies":[{"embeddable":true,"href":"https:\/\/crajubaremacao.com.br\/index.php?rest_route=%2Fwp%2Fv2%2Fcomments&post=65878"}],"version-history":[{"count":0,"href":"https:\/\/crajubaremacao.com.br\/index.php?rest_route=\/wp\/v2\/posts\/65878\/revisions"}],"wp:featuredmedia":[{"embeddable":true,"href":"https:\/\/crajubaremacao.com.br\/index.php?rest_route=\/wp\/v2\/media\/65879"}],"wp:attachment":[{"href":"https:\/\/crajubaremacao.com.br\/index.php?rest_route=%2Fwp%2Fv2%2Fmedia&parent=65878"}],"wp:term":[{"taxonomy":"category","embeddable":true,"href":"https:\/\/crajubaremacao.com.br\/index.php?rest_route=%2Fwp%2Fv2%2Fcategories&post=65878"},{"taxonomy":"post_tag","embeddable":true,"href":"https:\/\/crajubaremacao.com.br\/index.php?rest_route=%2Fwp%2Fv2%2Ftags&post=65878"}],"curies":[{"name":"wp","href":"https:\/\/api.w.org\/{rel}","templated":true}]}}