{"id":65909,"date":"2026-02-23T22:29:17","date_gmt":"2026-02-24T01:29:17","guid":{"rendered":"https:\/\/crajubaremacao.com.br\/?p=65909"},"modified":"2026-02-23T22:29:17","modified_gmt":"2026-02-24T01:29:17","slug":"visao-negocios-licoes-de-empreendedorismo-consolida-novo-espaco-nacional-para-lideres-empresariais-na-record-news","status":"publish","type":"post","link":"https:\/\/crajubaremacao.com.br\/?p=65909","title":{"rendered":"*\u201cVis\u00e3o &#038; Neg\u00f3cios \u2013 Li\u00e7\u00f5es de Empreendedorismo\u201d consolida novo espa\u00e7o nacional para l\u00edderes empresariais na Record News*"},"content":{"rendered":"<p>Imagem: L\u00edvia Monteiro\/UNINASSAU<\/p>\n<p>_Programa comandado pelo empres\u00e1rio Jangui\u00ea Diniz vai ao ar de segunda a sexta-feira, sempre \u00e0s 7h15_<\/p>\n<p>Hist\u00f3rias de sucesso no mundo dos neg\u00f3cios t\u00eam o poder de inspirar e motivar empreendedores novatos na busca pelo desenvolvimento. Conhecer as estrat\u00e9gias e trajet\u00f3rias de quem j\u00e1 construiu uma carreira de renome \u00e9 essencial nessa jornada em meio a um mercado cada vez mais competitivo. Nesse cen\u00e1rio, o programa \u201cVis\u00e3o &amp; Neg\u00f3cios \u2013 Li\u00e7\u00f5es de Empreendedorismo\u201d, apresentado por um dos maiores empres\u00e1rios do pa\u00eds, Jangui\u00ea Diniz, vem se consolidando como um rico espa\u00e7o de debate e troca de ideias. A atra\u00e7\u00e3o vai ao ar na Record News, de segunda a sexta-feira, \u00e0s 7h15.<\/p>\n<p>O programa \u00e9 uma produ\u00e7\u00e3o da JD Business Academy e foi criado com o prop\u00f3sito de levar conte\u00fado estrat\u00e9gico, inspirador e formativo ao empresariado brasileiro. \u201cNa minha trajet\u00f3ria de mais de 40 anos no empreendedorismo, entendi que conhecer hist\u00f3rias \u00e9 mais importante, muitas vezes, do que fazer cursos. Veja, os cursos s\u00e3o essenciais, mas, quando voc\u00ea entende como algu\u00e9m chegou aonde chegou, esse \u00e9 um conte\u00fado aprofundado e rico, cheio de insights e inspira\u00e7\u00e3o\u201d, explica o empreendedor \u00e2ncora Jangui\u00ea Diniz. \u201c\u00c9 por isso que trazemos sempre um empres\u00e1rio, algu\u00e9m do mercado, para contar sua hist\u00f3ria e debater algum assunto relacionado ao empreendedorismo\u201d, completa.<\/p>\n<p>Mas \u201cVis\u00e3o &amp; Neg\u00f3cios \u2013 Li\u00e7\u00f5es de Empreendedorismo\u201d n\u00e3o \u00e9 apenas um programa de entrevistas. \u00c9 uma plataforma de conte\u00fado que conecta empres\u00e1rios, estudantes, executivos e profissionais ligados ao ecossistema de inova\u00e7\u00e3o e neg\u00f3cios.<\/p>\n<p>A cada epis\u00f3dio, um tema central conduz a conversa: lideran\u00e7a, inova\u00e7\u00e3o, gest\u00e3o, \u00e9tica, marketing, expans\u00e3o, tomada de decis\u00e3o, governan\u00e7a e transforma\u00e7\u00e3o empresarial, entre outros assuntos estrat\u00e9gicos. A partir das trajet\u00f3rias reais dos convidados, o p\u00fablico acompanha hist\u00f3rias de supera\u00e7\u00e3o, decis\u00f5es estrat\u00e9gicas e ideias inovadoras que servem como inspira\u00e7\u00e3o pr\u00e1tica. \u201cEu sempre defendi a modelagem como estrat\u00e9gia de desenvolvimento profissional. Modelar algu\u00e9m \u00e9 se inspirar naquela pessoa, entender o que ela fez para alcan\u00e7ar um patamar alto de crescimento e adaptar as estrat\u00e9gias \u00e0 sua pr\u00f3pria realidade. Quem modela pega um \u2018atalho\u2019, porque evita erros j\u00e1 cometidos por outros e aumenta suas chances de sucesso\u201d, pontua Jangui\u00ea.<\/p>\n<p>Ao final de cada programa, ele compartilha um insight especial sobre o tema do dia, conectando os aprendizados da entrevista a reflex\u00f5es aplic\u00e1veis no cotidiano de quem empreende ou deseja empreender.<\/p>\n<p>Jangui\u00ea Diniz \u00e9 reconhecido no pa\u00eds por sua atua\u00e7\u00e3o no universo da educa\u00e7\u00e3o e do empreendedorismo. Ele \u00e9 fundador e presidente do Conselho de Administra\u00e7\u00e3o do grupo Ser Educacional, um dos maiores conglomerados de educa\u00e7\u00e3o superior privada do Brasil. Criador de programas imersivos como CSE \u2013 C\u00f3digo Secreto das Empresas e MBN \u2013 Million Business Network e presidente do Instituto \u00caxito de Empreendedorismo e da ABMES \u2013 Associa\u00e7\u00e3o Brasileira de Mantenedores do Ensino Superior, Jangui\u00ea re\u00fane milhares de empres\u00e1rios em forma\u00e7\u00f5es estrat\u00e9gicas de alto impacto.<\/p>\n<p>Com essa trajet\u00f3ria consolidada, \u201cVis\u00e3o &amp; Neg\u00f3cios \u2013 Li\u00e7\u00f5es de Empreendedorismo\u201d nasce com autoridade e credibilidade, fortalecendo ainda mais o posicionamento de Jangui\u00ea como uma das vozes mais influentes do empreendedorismo brasileiro.<\/p>\n<p>&nbsp;<\/p>\n<p>*Servi\u00e7o*<\/p>\n<p>Programa \u201cVis\u00e3o &amp; Neg\u00f3cios \u2013 Li\u00e7\u00f5es de Empreendedorismo\u201d, com Jangui\u00ea Diniz<\/p>\n<p>Exibi\u00e7\u00e3o: De segunda a sexta-feira, \u00e0s 7h15<\/p>\n<p>Emissora: Record News, com transmiss\u00e3o simult\u00e2nea pelo canal da Record News no YouTube<\/p>\n<p>Pauta L\u00edvia Monteiro, assessora de imprensa da UNINASSAU Juazeiro do Norte<\/p>\n","protected":false},"excerpt":{"rendered":"<p>Imagem: L\u00edvia Monteiro\/UNINASSAU _Programa comandado pelo empres\u00e1rio Jangui\u00ea Diniz vai ao ar de segunda a sexta-feira, sempre \u00e0s 7h15_ Hist\u00f3rias de sucesso no mundo dos neg\u00f3cios t\u00eam o poder de inspirar e motivar empreendedores novatos na busca pelo desenvolvimento. Conhecer as estrat\u00e9gias e trajet\u00f3rias de quem j\u00e1 construiu uma carreira de renome \u00e9 essencial nessa [&hellip;]<\/p>\n","protected":false},"author":130,"featured_media":65910,"comment_status":"open","ping_status":"open","sticky":false,"template":"","format":"standard","meta":{"_themeisle_gutenberg_block_has_review":false,"_jetpack_memberships_contains_paid_content":false,"footnotes":""},"categories":[4,13,123,1],"tags":[],"class_list":{"0":"post-65909","1":"post","2":"type-post","3":"status-publish","4":"format-standard","5":"has-post-thumbnail","7":"category-regiao","8":"category-economia","9":"category-educacao","10":"category-todas-noticias"},"jetpack_featured_media_url":"https:\/\/crajubaremacao.com.br\/wp-content\/uploads\/2026\/02\/IMG-20260223-WA1252.jpg","jetpack_sharing_enabled":true,"_links":{"self":[{"href":"https:\/\/crajubaremacao.com.br\/index.php?rest_route=\/wp\/v2\/posts\/65909","targetHints":{"allow":["GET"]}}],"collection":[{"href":"https:\/\/crajubaremacao.com.br\/index.php?rest_route=\/wp\/v2\/posts"}],"about":[{"href":"https:\/\/crajubaremacao.com.br\/index.php?rest_route=\/wp\/v2\/types\/post"}],"author":[{"embeddable":true,"href":"https:\/\/crajubaremacao.com.br\/index.php?rest_route=\/wp\/v2\/users\/130"}],"replies":[{"embeddable":true,"href":"https:\/\/crajubaremacao.com.br\/index.php?rest_route=%2Fwp%2Fv2%2Fcomments&post=65909"}],"version-history":[{"count":1,"href":"https:\/\/crajubaremacao.com.br\/index.php?rest_route=\/wp\/v2\/posts\/65909\/revisions"}],"predecessor-version":[{"id":65911,"href":"https:\/\/crajubaremacao.com.br\/index.php?rest_route=\/wp\/v2\/posts\/65909\/revisions\/65911"}],"wp:featuredmedia":[{"embeddable":true,"href":"https:\/\/crajubaremacao.com.br\/index.php?rest_route=\/wp\/v2\/media\/65910"}],"wp:attachment":[{"href":"https:\/\/crajubaremacao.com.br\/index.php?rest_route=%2Fwp%2Fv2%2Fmedia&parent=65909"}],"wp:term":[{"taxonomy":"category","embeddable":true,"href":"https:\/\/crajubaremacao.com.br\/index.php?rest_route=%2Fwp%2Fv2%2Fcategories&post=65909"},{"taxonomy":"post_tag","embeddable":true,"href":"https:\/\/crajubaremacao.com.br\/index.php?rest_route=%2Fwp%2Fv2%2Ftags&post=65909"}],"curies":[{"name":"wp","href":"https:\/\/api.w.org\/{rel}","templated":true}]}}