{"id":65922,"date":"2026-02-24T03:12:58","date_gmt":"2026-02-24T06:12:58","guid":{"rendered":"https:\/\/crajubaremacao.com.br\/?p=65922"},"modified":"2026-02-24T03:12:58","modified_gmt":"2026-02-24T06:12:58","slug":"base-fortaleza-entra-em-campo-por-duas-competicoes-de-base-nacional","status":"publish","type":"post","link":"https:\/\/crajubaremacao.com.br\/?p=65922","title":{"rendered":"Base: Fortaleza entra em campo por duas competi\u00e7\u00f5es de base nacional"},"content":{"rendered":"<div>\n<p>\u00a0<img decoding=\"async\" alt=\"Imagem da not\u00edcia\" class=\"img-fluid w-70 h-70\" loading=\"lazy\" src=\"http:\/\/www.futebolcearense.com.br\/adm\/fotosavulsas\/imagens\/thumb_27022024130628-2015.jpg\" style='box-sizing: border-box; color: #1d1d1b; font-family: \"Adobe Clean SemiLight\", sans-serif; font-size: 14px; height: auto; max-width: 100%; text-align: center; vertical-align: middle;'><\/p>\n<div class=\"col-12 mt-3\" style='background-color: white; box-sizing: border-box; color: #1d1d1b; flex: 0 0 auto; font-family: \"Adobe Clean SemiLight\", sans-serif; font-size: 14px; margin-top: 1rem !important; max-width: 100%; padding-left: 12px; padding-right: 12px; width: 440px;'>\n<div class=\"text-view\" style=\"box-sizing: border-box; font-size: 19px !important;\">O Fortaleza assume compromissos nesta semana por duas competi\u00e7\u00f5es de categorias de base do calend\u00e1rio nacional. Na ter\u00e7a-feira (24), o Laion recebe o Vit\u00f3ria\/BA pela segunda rodada do Campeonato Brasileiro Sub-20. A bola rola a partir das 15h30 no CT Ribamar Bezerra, em Maracana\u00fa. Ap\u00f3s um empate em 2 a 2 na estreia diante do Fluminense\/RJ no \u00faltimo s\u00e1bado, a equipe cearense faz agora a primeira partida em seus dom\u00ednios.<br style=\"box-sizing: border-box;\"><br style=\"box-sizing: border-box;\">Na quarta-feira (25) ser\u00e1 a vez da equipe Sub-17 ir a campo pela Copa do Brasil da categoria. Atual campe\u00e3o estadual, o Le\u00e3o recebe o VF4 da Para\u00edba tamb\u00e9m no CT Ribamar Bezerra, \u00e0s 15h. A partida marca a Primeira Fase da competi\u00e7\u00e3o.<br style=\"box-sizing: border-box;\"><br style=\"box-sizing: border-box;\">O Tricolor s\u00f3 depende de si para carimbar sua vaga pra pr\u00f3xima fase. em caso de empate, o vencedor ser\u00e1 definido nas penalidades.<br style=\"box-sizing: border-box;\"><br style=\"box-sizing: border-box;\">Daniel Fran\u00e7a<br style=\"box-sizing: border-box;\">Departamento de Comunica\u00e7\u00e3o<br style=\"box-sizing: border-box;\">Federa\u00e7\u00e3o Cearense de Futebol<br style=\"box-sizing: border-box;\">(85) 32066523<br style=\"box-sizing: border-box;\">danielfranca@futebolcearense.com.br<\/div>\n<\/div>\n<\/div>\n","protected":false},"excerpt":{"rendered":"<p>\u00a0 O Fortaleza assume compromissos nesta semana por duas competi\u00e7\u00f5es de categorias de base do calend\u00e1rio nacional. Na ter\u00e7a-feira (24), o Laion recebe o Vit\u00f3ria\/BA pela segunda rodada do Campeonato Brasileiro Sub-20. A bola rola a partir das 15h30 no CT Ribamar Bezerra, em Maracana\u00fa. Ap\u00f3s um empate em 2 a 2 na estreia diante [&hellip;]<\/p>\n","protected":false},"author":88,"featured_media":65923,"comment_status":"closed","ping_status":"closed","sticky":false,"template":"","format":"standard","meta":{"_themeisle_gutenberg_block_has_review":false,"_jetpack_memberships_contains_paid_content":false,"footnotes":""},"categories":[4],"tags":[127,130],"class_list":{"0":"post-65922","1":"post","2":"type-post","3":"status-publish","4":"format-standard","5":"has-post-thumbnail","7":"category-regiao","8":"tag-cariri","9":"tag-ceara"},"jetpack_featured_media_url":"https:\/\/crajubaremacao.com.br\/wp-content\/uploads\/2026\/02\/thumb_27022024130628-2015.jpg","jetpack_sharing_enabled":true,"_links":{"self":[{"href":"https:\/\/crajubaremacao.com.br\/index.php?rest_route=\/wp\/v2\/posts\/65922","targetHints":{"allow":["GET"]}}],"collection":[{"href":"https:\/\/crajubaremacao.com.br\/index.php?rest_route=\/wp\/v2\/posts"}],"about":[{"href":"https:\/\/crajubaremacao.com.br\/index.php?rest_route=\/wp\/v2\/types\/post"}],"author":[{"embeddable":true,"href":"https:\/\/crajubaremacao.com.br\/index.php?rest_route=\/wp\/v2\/users\/88"}],"replies":[{"embeddable":true,"href":"https:\/\/crajubaremacao.com.br\/index.php?rest_route=%2Fwp%2Fv2%2Fcomments&post=65922"}],"version-history":[{"count":0,"href":"https:\/\/crajubaremacao.com.br\/index.php?rest_route=\/wp\/v2\/posts\/65922\/revisions"}],"wp:featuredmedia":[{"embeddable":true,"href":"https:\/\/crajubaremacao.com.br\/index.php?rest_route=\/wp\/v2\/media\/65923"}],"wp:attachment":[{"href":"https:\/\/crajubaremacao.com.br\/index.php?rest_route=%2Fwp%2Fv2%2Fmedia&parent=65922"}],"wp:term":[{"taxonomy":"category","embeddable":true,"href":"https:\/\/crajubaremacao.com.br\/index.php?rest_route=%2Fwp%2Fv2%2Fcategories&post=65922"},{"taxonomy":"post_tag","embeddable":true,"href":"https:\/\/crajubaremacao.com.br\/index.php?rest_route=%2Fwp%2Fv2%2Ftags&post=65922"}],"curies":[{"name":"wp","href":"https:\/\/api.w.org\/{rel}","templated":true}]}}