{"id":65926,"date":"2026-02-24T06:11:52","date_gmt":"2026-02-24T09:11:52","guid":{"rendered":"https:\/\/crajubaremacao.com.br\/?p=65926"},"modified":"2026-02-24T06:11:52","modified_gmt":"2026-02-24T09:11:52","slug":"caso-marielle-julgamento-de-supostos-mandantes-comeca-nesta-terca-feira","status":"publish","type":"post","link":"https:\/\/crajubaremacao.com.br\/?p=65926","title":{"rendered":"Caso Marielle: julgamento de supostos mandantes come\u00e7a nesta ter\u00e7a-feira"},"content":{"rendered":"<div>\n<div style=\"margin-bottom: 15px;\"><img decoding=\"async\" class=\"type:primaryImage\" src=\"https:\/\/jpimg.com.br\/uploads\/2019\/03\/marielle-750x500.jpg\"><\/div>\n<p><?xml encoding=\"UTF-8\"><\/p>\n<p>A Primeira Turma do Supremo Tribunal Federal (STF) come\u00e7a, nesta ter\u00e7a-feira (24), a julgar os <strong>acusados de planejar <\/strong>os assassinatos da vereadora Marielle Franco e de seu motorista, Anderson Gomes. O crime ocorreu em <strong>mar\u00e7o de 2018<\/strong>, no Rio de Janeiro (RJ).<\/p>\n<p>Para hoje, est\u00e3o marcadas <strong>duas sess\u00f5es<\/strong>, \u00e0s 9h e \u00e0s 14h. O julgamento deve se estender, com mais uma sess\u00e3o agendada para a manh\u00e3 de quarta-feira (25). A an\u00e1lise do caso ocorre no STF porque um dos r\u00e9us, o ex-deputado federal Jo\u00e3o Francisco \u201cChiquinho\u201d Braz\u00e3o, exercia <strong>mandato na C\u00e2mara dos Deputados<\/strong> <strong>na \u00e9poca<\/strong>, levando o caso \u00e0 Corte devido \u00e0 prerrogativa de foro.<\/p>\n<p>A den\u00fancia da Procuradoria-Geral da Rep\u00fablica (PGR), aceita pelo STF em junho de 2024, baseou-se em provas colhidas, entre outras fontes, no acordo de dela\u00e7\u00e3o premiada do ex-policial militar Ronnie Lessa, autor confesso dos disparos. Ao todo, cinco pessoas respondem ao processo:<\/p>\n<ul>\n<li><strong>Domingos Braz\u00e3o (conselheiro do Tribunal de Contas do RJ) e Chiquinho Braz\u00e3o (ex-deputado federal):<\/strong> apontados como os <strong>mandantes do crime<\/strong>. A motiva\u00e7\u00e3o seria a <strong>atua\u00e7\u00e3o pol\u00edtica de Marielle<\/strong>, que dificultava a aprova\u00e7\u00e3o de leis para <strong>regularizar \u00e1reas dominadas por mil\u00edcias<\/strong>. Respondem por <strong>duplo homic\u00eddio qualificado<\/strong>, <strong>tentativa de homic\u00eddio<\/strong> (contra a assessora Fernanda Chaves, que sobreviveu) e <strong>organiza\u00e7\u00e3o criminosa<\/strong>;<\/li>\n<li><strong>Rivaldo Barbosa (delegado da Pol\u00edcia Civil do RJ):<\/strong> acusado de <strong>duplo homic\u00eddio qualificado<\/strong> e <strong>tentativa de homic\u00eddio<\/strong>. Segundo a PGR, ele usou seu cargo de comando na pol\u00edcia para <strong>dificultar as investiga\u00e7\u00f5es<\/strong> e <strong>garantir a impunidade dos mandantes<\/strong>;<\/li>\n<li><strong>Ronald Paulo de Alves, o \u201cMajor Ronald\u201d (ex-policial militar):<\/strong> acusado de <strong>duplo homic\u00eddio qualificado<\/strong> e <strong>tentativa de homic\u00eddio<\/strong>. Teria monitorado a <strong>rotina de Marielle<\/strong> para fornecer informa\u00e7\u00f5es aos executores;<\/li>\n<li><strong>Robson Calixto Fonseca, o \u201cPeixe\u201d (ex-assessor do TCE):<\/strong> responde por <strong>organiza\u00e7\u00e3o criminosa<\/strong> em conjunto com os irm\u00e3os Braz\u00e3o;<\/li>\n<\/ul>\n<h2>Como funcionar\u00e1 o julgamento<\/h2>\n<p>A sess\u00e3o ser\u00e1 aberta pelo presidente da Primeira Turma, ministro Fl\u00e1vio Dino. Em seguida, o relator do caso, ministro Alexandre de Moraes, ir\u00e1 ler o relat\u00f3rio, um documento que resume os fatos, as alega\u00e7\u00f5es da acusa\u00e7\u00e3o e da defesa.<\/p>\n<p>Ap\u00f3s a leitura, inicia-se a fase de sustenta\u00e7\u00f5es orais. O representante da PGR ter\u00e1 at\u00e9 uma hora e meia para expor a acusa\u00e7\u00e3o. O advogado assistente de acusa\u00e7\u00e3o poder\u00e1 falar por at\u00e9 uma hora. Na sequ\u00eancia, os advogados de cada um dos r\u00e9us ter\u00e3o uma hora cada para apresentar suas defesas.<\/p>\n<p>Terminada essa etapa, os ministros come\u00e7am a votar. A ordem de vota\u00e7\u00e3o ser\u00e1: o relator, Alexandre de Moraes; seguido pelo ministro Cristiano Zanin; a ministra C\u00e1rmen L\u00facia; e, por fim, o presidente da Turma, Fl\u00e1vio Dino.<\/p>\n<p>A absolvi\u00e7\u00e3o ou a condena\u00e7\u00e3o dos r\u00e9us ser\u00e1 decidida pela maioria dos votos.[1] Caso haja condena\u00e7\u00e3o, os ministros tamb\u00e9m definir\u00e3o a pena a ser aplicada no pr\u00f3prio julgamento. Toda a sess\u00e3o ser\u00e1 transmitida ao vivo pela R\u00e1dio e TV Justi\u00e7a, al\u00e9m do canal oficial do STF no YouTube.<\/p>\n<h2>Relembre o crime<\/h2>\n<p>No dia 14 de mar\u00e7o de 2018, a vereadora Marielle Franco e seu motorista, Anderson Gomes, foram <strong>assassinados a tiros<\/strong> no carro em que passavam pela regi\u00e3o central do Rio de Janeiro. Inicialmente, o caso foi conduzido pela Pol\u00edcia Civil do estado. Em 2023, por determina\u00e7\u00e3o do Minist\u00e9rio da Justi\u00e7a, a Pol\u00edcia Federal tamb\u00e9m entrou nas investiga\u00e7\u00f5es.<\/p>\n<p>Em junho de 2024, o STF aceitou, de forma un\u00e2nime, a den\u00fancia da PGR. O documento aponta os irm\u00e3os Braz\u00e3o como os <strong>mandantes do homic\u00eddio<\/strong>. A motiva\u00e7\u00e3o do crime seria a atua\u00e7\u00e3o pol\u00edtica de Marielle, que representava um obst\u00e1culo para a aprova\u00e7\u00e3o de projetos de lei voltados \u00e0 regulariza\u00e7\u00e3o de terras dominadas por mil\u00edcias no Rio de Janeiro.<\/p>\n<h2>Assista o julgamento no v\u00eddeo abaixo:<\/h2>\n<div class=\"video-container\">\n<div class=\"youtube-video\" id=\"814Nm0mk7LM\"><\/div>\n<\/div>\n<div class=\"list-related-posts\">\n<h3>Leia tamb\u00e9m<\/h3>\n<div class=\"related-posts-container\">\n<div class=\"related-post-item-container\">\n<div class=\"related-post\">\n<div class=\"img-related-box\">\n                                            <strong><a href=\"https:\/\/jovempan.com.br\/noticias\/brasil\/pm-de-sp-encontrada-morta-pediu-ajuda-antes-de-morrer-pai-vem-me-buscar.html\" title=\"PM encontrada morta em SP pediu ajuda antes de morrer: 'Pai, vem me buscar'\"><img decoding=\"async\" src=\"https:\/\/jpimg.com.br\/uploads\/2026\/02\/foto-jp-1-10.png\"><\/a><\/strong>\n                                        <\/div>\n<p>                                        <span class=\"box-the-title\"><br \/>\n                                            <strong><a href=\"https:\/\/jovempan.com.br\/noticias\/brasil\/pm-de-sp-encontrada-morta-pediu-ajuda-antes-de-morrer-pai-vem-me-buscar.html\" title=\"PM encontrada morta em SP pediu ajuda antes de morrer: 'Pai, vem me buscar'\">PM encontrada morta em SP pediu ajuda antes de morrer: &#8216;Pai, vem me buscar&#8217;<\/a><\/strong><br \/>\n                                        <\/span>\n                                    <\/div>\n<div class=\"related-post\">\n<div class=\"img-related-box\">\n                                            <strong><a href=\"https:\/\/jovempan.com.br\/noticias\/brasil\/defesa-civil-instala-gabinete-de-crise-para-enfrentar-chuvas-no-litoral-de-sp.html\" title=\"Defesa Civil instala gabinete de crise para enfrentar chuvas no litoral de SP\"><img decoding=\"async\" src=\"https:\/\/jpimg.com.br\/uploads\/2026\/02\/foto-jp-1-11.png\"><\/a><\/strong>\n                                        <\/div>\n<p>                                        <span class=\"box-the-title\"><br \/>\n                                            <strong><a href=\"https:\/\/jovempan.com.br\/noticias\/brasil\/defesa-civil-instala-gabinete-de-crise-para-enfrentar-chuvas-no-litoral-de-sp.html\" title=\"Defesa Civil instala gabinete de crise para enfrentar chuvas no litoral de SP\">Defesa Civil instala gabinete de crise para enfrentar chuvas no litoral de SP<\/a><\/strong><br \/>\n                                        <\/span>\n                                    <\/div>\n<\/p><\/div>\n<\/p><\/div>\n<\/p><\/div>\n<\/div>\n","protected":false},"excerpt":{"rendered":"<p>A Primeira Turma do Supremo Tribunal Federal (STF) come\u00e7a, nesta ter\u00e7a-feira (24), a julgar os acusados de planejar os assassinatos da vereadora Marielle Franco e de seu motorista, Anderson Gomes. O crime ocorreu em mar\u00e7o de 2018, no Rio de Janeiro (RJ). Para hoje, est\u00e3o marcadas duas sess\u00f5es, \u00e0s 9h e \u00e0s 14h. O julgamento [&hellip;]<\/p>\n","protected":false},"author":117,"featured_media":65927,"comment_status":"closed","ping_status":"closed","sticky":false,"template":"","format":"standard","meta":{"_themeisle_gutenberg_block_has_review":false,"_jetpack_memberships_contains_paid_content":false,"footnotes":""},"categories":[9],"tags":[129],"class_list":{"0":"post-65926","1":"post","2":"type-post","3":"status-publish","4":"format-standard","5":"has-post-thumbnail","7":"category-politica","8":"tag-politica"},"jetpack_featured_media_url":"https:\/\/crajubaremacao.com.br\/wp-content\/uploads\/2026\/02\/marielle-750x500-1.jpg","jetpack_sharing_enabled":true,"_links":{"self":[{"href":"https:\/\/crajubaremacao.com.br\/index.php?rest_route=\/wp\/v2\/posts\/65926","targetHints":{"allow":["GET"]}}],"collection":[{"href":"https:\/\/crajubaremacao.com.br\/index.php?rest_route=\/wp\/v2\/posts"}],"about":[{"href":"https:\/\/crajubaremacao.com.br\/index.php?rest_route=\/wp\/v2\/types\/post"}],"author":[{"embeddable":true,"href":"https:\/\/crajubaremacao.com.br\/index.php?rest_route=\/wp\/v2\/users\/117"}],"replies":[{"embeddable":true,"href":"https:\/\/crajubaremacao.com.br\/index.php?rest_route=%2Fwp%2Fv2%2Fcomments&post=65926"}],"version-history":[{"count":0,"href":"https:\/\/crajubaremacao.com.br\/index.php?rest_route=\/wp\/v2\/posts\/65926\/revisions"}],"wp:featuredmedia":[{"embeddable":true,"href":"https:\/\/crajubaremacao.com.br\/index.php?rest_route=\/wp\/v2\/media\/65927"}],"wp:attachment":[{"href":"https:\/\/crajubaremacao.com.br\/index.php?rest_route=%2Fwp%2Fv2%2Fmedia&parent=65926"}],"wp:term":[{"taxonomy":"category","embeddable":true,"href":"https:\/\/crajubaremacao.com.br\/index.php?rest_route=%2Fwp%2Fv2%2Fcategories&post=65926"},{"taxonomy":"post_tag","embeddable":true,"href":"https:\/\/crajubaremacao.com.br\/index.php?rest_route=%2Fwp%2Fv2%2Ftags&post=65926"}],"curies":[{"name":"wp","href":"https:\/\/api.w.org\/{rel}","templated":true}]}}