{"id":65967,"date":"2026-02-25T03:00:33","date_gmt":"2026-02-25T06:00:33","guid":{"rendered":"https:\/\/crajubaremacao.com.br\/?p=65967"},"modified":"2026-02-25T03:00:33","modified_gmt":"2026-02-25T06:00:33","slug":"tre-ce-reitera-decisao-e-confirma-por-unanimidade-condenacao-de-vereador-que-maltratou-animal-em-video","status":"publish","type":"post","link":"https:\/\/crajubaremacao.com.br\/?p=65967","title":{"rendered":"TRE-CE reitera decis\u00e3o e confirma por unanimidade condena\u00e7\u00e3o de vereador que maltratou animal em v\u00eddeo"},"content":{"rendered":"<div>\n<p>\u00a0<\/p>\n<div class=\"td_block_wrap tdb_single_featured_image tdi_60 tdb-content-horiz-left td-pb-border-top td_block_template_1\" data-td-block-uid=\"tdi_60\" style='background-color: white; box-sizing: border-box; clear: both; font-family: Verdana, BlinkMacSystemFont, -apple-system, \"Segoe UI\", Roboto, Oxygen, Ubuntu, Cantarell, \"Open Sans\", \"Helvetica Neue\", sans-serif; font-size: 14px; margin-bottom: 26px; opacity: 1; position: relative;'>\n<div class=\"tdb-block-inner td-fix-index\" style=\"box-sizing: border-box; transform: translateZ(0px); transition: 0.3s ease-in-out;\"><img fetchpriority=\"high\" decoding=\"async\" alt=\"\" class=\"entry-thumb td-animation-stack-type0-2\" fetchpriority=\"high\" height=\"276\" sizes=\"(max-width: 270px) 100vw, 270px\" src=\"https:\/\/cdn.oestadoce.com.br\/wp-content\/uploads\/2026\/02\/414d.webp\" srcset=\"https:\/\/cdn.oestadoce.com.br\/wp-content\/uploads\/2026\/02\/414d.webp 270w, https:\/\/cdn.oestadoce.com.br\/wp-content\/uploads\/2026\/02\/414d-150x153.webp 150w, https:\/\/cdn.oestadoce.com.br\/wp-content\/uploads\/2026\/02\/414d-24x24.webp 24w, https:\/\/cdn.oestadoce.com.br\/wp-content\/uploads\/2026\/02\/414d-48x48.webp 48w\" style=\"border: 0px; box-sizing: border-box; display: block; height: auto; max-width: 100%; opacity: 0; transition: opacity 0.3s cubic-bezier(0.39, 0.76, 0.51, 0.56); width: 392px;\" title=\"414d\" width=\"270\"><\/div>\n<\/div>\n<div class=\"td_block_wrap tdb_single_content tdi_63 td-pb-border-top td_block_template_1 td-post-content tagdiv-type\" data-td-block-uid=\"tdi_63\" style='background-color: white; box-sizing: border-box; clear: both; color: #0c0824; font-family: Verdana, BlinkMacSystemFont, -apple-system, \"Segoe UI\", Roboto, Oxygen, Ubuntu, Cantarell, \"Open Sans\", \"Helvetica Neue\", sans-serif; font-size: 16px !important; line-height: 1.7 !important; margin-bottom: 0px; margin-top: 0px !important; padding-bottom: 0px !important; padding-top: 0px !important; position: relative;'>\n<div class=\"tdb-block-inner td-fix-index\" style=\"box-sizing: border-box; transform: translateZ(0px); word-break: break-word;\">\n<p style=\"box-sizing: border-box; line-height: 1.7 !important; margin: 0px auto 26px; overflow-wrap: break-word;\">O Tribunal Regional Eleitoral do Cear\u00e1 (TRE-CE) confirmou nesta ter\u00e7a-feira (24) a condena\u00e7\u00e3o do vereador Inspetor Alberto (PL) pelo crime de inj\u00faria eleitoral. O parlamentar da C\u00e2mara Municipal de Fortaleza (CMFOR) teve sua condena\u00e7\u00e3o votada por unanimidade, pelos 7 desembargadores que comp\u00f5em o pleno da Corte. A a\u00e7\u00e3o foi movida por ato ocorrido no dia do segundo turno das Elei\u00e7\u00f5es 2024, em 26 de outubro, em que o vereador segura um porco e faz amea\u00e7as ao prefeito Evandro Leit\u00e3o (PT), \u00e0 \u00e9poca candidato ao Pa\u00e7o Municipal.<\/p>\n<div class=\"td-a-ad id_inline_ad0 id_ad_content-horiz-center\" style=\"box-sizing: border-box; float: none; margin: 0px auto 26px; text-align: center;\"><span class=\"td-adspot-title\" style=\"box-sizing: border-box; color: #767676; display: block; font-size: 10px; line-height: 21px;\">&#8211; Publicidade &#8211;<\/span><\/div>\n<p style=\"box-sizing: border-box; line-height: 1.7 !important; margin: 0px auto 26px; overflow-wrap: break-word;\"><br style=\"box-sizing: border-box;\">A condena\u00e7\u00e3o \u00e9 de cerca de R$18,8 mil, montante que deve ser atualizado segundo o \u00cdndice Nacional de Pre\u00e7os ao Consumidor Amplo Especial (IPCA-E). A decis\u00e3o desta ter\u00e7a \u00e9 uma resposta \u00e0 an\u00e1lise recursal do parlamentar quando de sua condena\u00e7\u00e3o em primeira inst\u00e2ncia pela 95\u00aa Zona Eleitoral de Fortaleza, no \u00e2mbito de a\u00e7\u00e3o penal eleitoral.<\/p>\n<p style=\"box-sizing: border-box; line-height: 1.7 !important; margin: 0px auto 26px; overflow-wrap: break-word;\"><br style=\"box-sizing: border-box;\">Segundo o relator, desembargador eleitoral Emanuel Leite Albuquerque, houve a \u201cutiliza\u00e7\u00e3o de animal como s\u00edmbolo pejorativo do sobrenome do candidato advers\u00e1rio\u201d, \u201cpropaganda eleitoral em sentido amplo\u201d, a presen\u00e7a de \u201cconte\u00fado material do crime eleitoral\u201d, bem como a \u201cviola\u00e7\u00e3o a bem jur\u00eddico eleitoral demonstrada\u201d e uma \u201cconduta com potencialidade lesiva a bem jur\u00eddico eleitoral\u201d, que ficam reiteradas pelo fato de terem ocorrido em \u00e2mbito de per\u00edodo eleitoral, aponta o magistrado.<\/p>\n<p style=\"box-sizing: border-box; line-height: 1.7 !important; margin: 0px auto 26px; overflow-wrap: break-word;\"><br style=\"box-sizing: border-box;\">Com rela\u00e7\u00e3o a express\u00f5es utilizadas por Inspetor Alberto no v\u00eddeo, publicado e apagado de seu perfil Instagram horas depois da veicula\u00e7\u00e3o, em 26 de outubro de 2024, o relator considerou-as como \u201cofensas t\u00e3o graves\u201d e \u201ct\u00e3o grosseiras\u201d. A decis\u00e3o n\u00e3o alcan\u00e7a o mandato do vereador na CMFOR.<br style=\"box-sizing: border-box;\">O Estado\u00a0<\/p>\n<\/div>\n<\/div>\n<\/div>\n","protected":false},"excerpt":{"rendered":"<p>\u00a0 O Tribunal Regional Eleitoral do Cear\u00e1 (TRE-CE) confirmou nesta ter\u00e7a-feira (24) a condena\u00e7\u00e3o do vereador Inspetor Alberto (PL) pelo crime de inj\u00faria eleitoral. O parlamentar da C\u00e2mara Municipal de Fortaleza (CMFOR) teve sua condena\u00e7\u00e3o votada por unanimidade, pelos 7 desembargadores que comp\u00f5em o pleno da Corte. A a\u00e7\u00e3o foi movida por ato ocorrido no [&hellip;]<\/p>\n","protected":false},"author":88,"featured_media":0,"comment_status":"closed","ping_status":"closed","sticky":false,"template":"","format":"standard","meta":{"_themeisle_gutenberg_block_has_review":false,"_jetpack_memberships_contains_paid_content":false,"footnotes":""},"categories":[4],"tags":[127,130],"class_list":{"0":"post-65967","1":"post","2":"type-post","3":"status-publish","4":"format-standard","6":"category-regiao","7":"tag-cariri","8":"tag-ceara"},"jetpack_featured_media_url":"","jetpack_sharing_enabled":true,"_links":{"self":[{"href":"https:\/\/crajubaremacao.com.br\/index.php?rest_route=\/wp\/v2\/posts\/65967","targetHints":{"allow":["GET"]}}],"collection":[{"href":"https:\/\/crajubaremacao.com.br\/index.php?rest_route=\/wp\/v2\/posts"}],"about":[{"href":"https:\/\/crajubaremacao.com.br\/index.php?rest_route=\/wp\/v2\/types\/post"}],"author":[{"embeddable":true,"href":"https:\/\/crajubaremacao.com.br\/index.php?rest_route=\/wp\/v2\/users\/88"}],"replies":[{"embeddable":true,"href":"https:\/\/crajubaremacao.com.br\/index.php?rest_route=%2Fwp%2Fv2%2Fcomments&post=65967"}],"version-history":[{"count":0,"href":"https:\/\/crajubaremacao.com.br\/index.php?rest_route=\/wp\/v2\/posts\/65967\/revisions"}],"wp:attachment":[{"href":"https:\/\/crajubaremacao.com.br\/index.php?rest_route=%2Fwp%2Fv2%2Fmedia&parent=65967"}],"wp:term":[{"taxonomy":"category","embeddable":true,"href":"https:\/\/crajubaremacao.com.br\/index.php?rest_route=%2Fwp%2Fv2%2Fcategories&post=65967"},{"taxonomy":"post_tag","embeddable":true,"href":"https:\/\/crajubaremacao.com.br\/index.php?rest_route=%2Fwp%2Fv2%2Ftags&post=65967"}],"curies":[{"name":"wp","href":"https:\/\/api.w.org\/{rel}","templated":true}]}}