{"id":65968,"date":"2026-02-25T05:06:48","date_gmt":"2026-02-25T08:06:48","guid":{"rendered":"https:\/\/crajubaremacao.com.br\/?p=65968"},"modified":"2026-02-25T05:06:48","modified_gmt":"2026-02-25T08:06:48","slug":"em-brasilia-governador-elmano-de-freitas-garante-duplicacoes-para-a-br-222-e-br-020-iniciaremos-as-obras-em-breve","status":"publish","type":"post","link":"https:\/\/crajubaremacao.com.br\/?p=65968","title":{"rendered":"Em Bras\u00edlia, governador Elmano de Freitas garante duplica\u00e7\u00f5es para a BR-222 e BR-020: \u201ciniciaremos as obras em breve\u201d"},"content":{"rendered":"<div>\n<p><a href=\"https:\/\/www.ceara.gov.br\/2026\/02\/24\/em-brasilia-governador-elmano-de-freitas-garante-duplicacoes-para-a-br-222-e-br-020-iniciaremos-as-obras-em-breve\/whatsapp-image-2026-02-24-at-21-27-38-2\/\" rel=\"attachment wp-att-312454\"><img fetchpriority=\"high\" fetchpriority=\"high\" decoding=\"async\" class=\"alignnone size-full wp-image-312454\" src=\"https:\/\/www.ceara.gov.br\/wp-content\/uploads\/2026\/02\/WhatsApp-Image-2026-02-24-at-21.27.38-2.jpeg\" alt=\"\" width=\"1280\" height=\"746\" srcset=\"https:\/\/www.ceara.gov.br\/wp-content\/uploads\/2026\/02\/WhatsApp-Image-2026-02-24-at-21.27.38-2.jpeg 1280w, https:\/\/www.ceara.gov.br\/wp-content\/uploads\/2026\/02\/WhatsApp-Image-2026-02-24-at-21.27.38-2-600x350.jpeg 600w, https:\/\/www.ceara.gov.br\/wp-content\/uploads\/2026\/02\/WhatsApp-Image-2026-02-24-at-21.27.38-2-1200x699.jpeg 1200w, https:\/\/www.ceara.gov.br\/wp-content\/uploads\/2026\/02\/WhatsApp-Image-2026-02-24-at-21.27.38-2-768x448.jpeg 768w\" sizes=\"(max-width: 1280px) 100vw, 1280px\"><\/a><\/p>\n<p style=\"text-align: center\"><em>O chefe do Executivo Estadual participou de reuni\u00e3o com o ministro dos Transportes para tratar do assunto<\/em><\/p>\n<p>Cumprindo agenda em Bras\u00edlia, o governador Elmano de Freitas participou, nesta ter\u00e7a-feira (24), de reuni\u00e3o com o ministro dos Transportes, Renan Filho. O foco do encontro foram as duplica\u00e7\u00f5es das BR-222 e 020, a\u00e7\u00f5es fundamentais para a log\u00edstica cearense.<\/p>\n<p><a href=\"https:\/\/www.ceara.gov.br\/2026\/02\/24\/em-brasilia-governador-elmano-de-freitas-garante-duplicacoes-para-a-br-222-e-br-020-iniciaremos-as-obras-em-breve\/whatsapp-image-2026-02-24-at-21-27-38-1\/\" rel=\"attachment wp-att-312453\"><img loading=\"lazy\" loading=\"lazy\" decoding=\"async\" class=\"alignnone size-full wp-image-312453\" src=\"https:\/\/www.ceara.gov.br\/wp-content\/uploads\/2026\/02\/WhatsApp-Image-2026-02-24-at-21.27.38-1.jpeg\" alt=\"\" width=\"1280\" height=\"960\" srcset=\"https:\/\/www.ceara.gov.br\/wp-content\/uploads\/2026\/02\/WhatsApp-Image-2026-02-24-at-21.27.38-1.jpeg 1280w, https:\/\/www.ceara.gov.br\/wp-content\/uploads\/2026\/02\/WhatsApp-Image-2026-02-24-at-21.27.38-1-600x450.jpeg 600w, https:\/\/www.ceara.gov.br\/wp-content\/uploads\/2026\/02\/WhatsApp-Image-2026-02-24-at-21.27.38-1-1200x900.jpeg 1200w, https:\/\/www.ceara.gov.br\/wp-content\/uploads\/2026\/02\/WhatsApp-Image-2026-02-24-at-21.27.38-1-768x576.jpeg 768w\" sizes=\"auto, (max-width: 1280px) 100vw, 1280px\"><\/a><\/p>\n<p>\u201cFoi uma reuni\u00e3o muito importante. Tratamos do nosso acordo de coopera\u00e7\u00e3o para as duplica\u00e7\u00f5es da BR-020 e da BR-222. O ministro dever\u00e1 ir ao Cear\u00e1 nas pr\u00f3ximas semanas para que possamos iniciar essas grandes obras, a\u00e7\u00f5es importantes para a log\u00edstica cearense\u201d, destacou o governador Elmano de Freitas.<\/p>\n<p>O chefe do Executivo Estadual adiantou que certas melhorias em um dos trechos tamb\u00e9m devem ser entregues ao povo cearense em breve. \u201cEntregaremos a BR-222 at\u00e9 a entrada do Porto do Pec\u00e9m. E teremos tamb\u00e9m novas not\u00edcias para a pr\u00f3pria BR-222 e para a BR-020. Estamos juntos com o governo do presidente Lula para melhorar o Cear\u00e1 cada vez mais\u201d, complementou.<\/p>\n<p>O post <a href=\"https:\/\/www.ceara.gov.br\/2026\/02\/24\/em-brasilia-governador-elmano-de-freitas-garante-duplicacoes-para-a-br-222-e-br-020-iniciaremos-as-obras-em-breve\/\">Em Bras\u00edlia, governador Elmano de Freitas garante duplica\u00e7\u00f5es para a BR-222 e BR-020: \u201ciniciaremos as obras em breve\u201d<\/a> apareceu primeiro em <a href=\"https:\/\/www.ceara.gov.br\/\">Governo do Estado do Cear\u00e1<\/a>.<\/p>\n<\/div>\n","protected":false},"excerpt":{"rendered":"<p>O chefe do Executivo Estadual participou de reuni\u00e3o com o ministro dos Transportes para tratar do assunto Cumprindo agenda em Bras\u00edlia, o governador Elmano de Freitas participou, nesta ter\u00e7a-feira (24), de reuni\u00e3o com o ministro dos Transportes, Renan Filho. O foco do encontro foram as duplica\u00e7\u00f5es das BR-222 e 020, a\u00e7\u00f5es fundamentais para a log\u00edstica [&hellip;]<\/p>\n","protected":false},"author":265,"featured_media":65969,"comment_status":"closed","ping_status":"closed","sticky":false,"template":"","format":"standard","meta":{"_themeisle_gutenberg_block_has_review":false,"_jetpack_memberships_contains_paid_content":false,"footnotes":""},"categories":[4],"tags":[127,130],"class_list":{"0":"post-65968","1":"post","2":"type-post","3":"status-publish","4":"format-standard","5":"has-post-thumbnail","7":"category-regiao","8":"tag-cariri","9":"tag-ceara"},"jetpack_featured_media_url":"https:\/\/crajubaremacao.com.br\/wp-content\/uploads\/2026\/02\/WhatsApp-Image-2026-02-24-at-212738-2.jpeg","jetpack_sharing_enabled":true,"_links":{"self":[{"href":"https:\/\/crajubaremacao.com.br\/index.php?rest_route=\/wp\/v2\/posts\/65968","targetHints":{"allow":["GET"]}}],"collection":[{"href":"https:\/\/crajubaremacao.com.br\/index.php?rest_route=\/wp\/v2\/posts"}],"about":[{"href":"https:\/\/crajubaremacao.com.br\/index.php?rest_route=\/wp\/v2\/types\/post"}],"author":[{"embeddable":true,"href":"https:\/\/crajubaremacao.com.br\/index.php?rest_route=\/wp\/v2\/users\/265"}],"replies":[{"embeddable":true,"href":"https:\/\/crajubaremacao.com.br\/index.php?rest_route=%2Fwp%2Fv2%2Fcomments&post=65968"}],"version-history":[{"count":0,"href":"https:\/\/crajubaremacao.com.br\/index.php?rest_route=\/wp\/v2\/posts\/65968\/revisions"}],"wp:featuredmedia":[{"embeddable":true,"href":"https:\/\/crajubaremacao.com.br\/index.php?rest_route=\/wp\/v2\/media\/65969"}],"wp:attachment":[{"href":"https:\/\/crajubaremacao.com.br\/index.php?rest_route=%2Fwp%2Fv2%2Fmedia&parent=65968"}],"wp:term":[{"taxonomy":"category","embeddable":true,"href":"https:\/\/crajubaremacao.com.br\/index.php?rest_route=%2Fwp%2Fv2%2Fcategories&post=65968"},{"taxonomy":"post_tag","embeddable":true,"href":"https:\/\/crajubaremacao.com.br\/index.php?rest_route=%2Fwp%2Fv2%2Ftags&post=65968"}],"curies":[{"name":"wp","href":"https:\/\/api.w.org\/{rel}","templated":true}]}}