{"id":65975,"date":"2026-02-25T12:04:32","date_gmt":"2026-02-25T15:04:32","guid":{"rendered":"https:\/\/crajubaremacao.com.br\/?p=65975"},"modified":"2026-02-25T12:04:32","modified_gmt":"2026-02-25T15:04:32","slug":"minas-tem-risco-de-novas-chuvas-nesta-semana-diz-inmet","status":"publish","type":"post","link":"https:\/\/crajubaremacao.com.br\/?p=65975","title":{"rendered":"Minas tem risco de novas chuvas nesta semana, diz Inmet"},"content":{"rendered":"<div>\n<div style=\"margin-bottom: 15px;\"><img decoding=\"async\" class=\"type:primaryImage\" src=\"https:\/\/crajubaremacao.com.br\/wp-content\/uploads\/2026\/02\/imagem-jvp-2026-02-25t111929541-750x450-1.png\"><\/div>\n<p><?xml encoding=\"UTF-8\"><\/p>\n<p>O Instituto Nacional de Meteorologia (Inmet) divulgou alerta de grande perigo para chuvas at\u00e9 as 23h59min do dia 27 de fevereiro na<strong> zona da mata de Minas Gerais, regi\u00e3o mais afetada<\/strong> pelos temporais desde segunda-feira (23).<img decoding=\"async\" src=\"https:\/\/agenciabrasil.ebc.com.br\/ebc.png?id=1679301&amp;o=node\"><img decoding=\"async\" src=\"https:\/\/agenciabrasil.ebc.com.br\/ebc.gif?id=1679301&amp;o=node\"><\/p>\n<p>Segundo o Inmet, a chuva ser\u00e1 superior a 60 mil\u00edmetros por hora ou acima de 100 mm\/dia. <strong>H\u00e1 elevado risco de grandes alagamentos, transbordamento de rios e grandes deslizamentos de encostas em cidades situadas nas \u00e1reas de risco.<\/strong><\/p>\n<p>O instituto informa que fevereiro de 2026 \u00e9 um dos meses mais chuvosos dos \u00faltimos anos em Minas Gerais, principalmente nas regi\u00f5es Centro-Sul e Oeste do estado. No Noroeste e Norte do estado, nas regi\u00f5es de Jequitinhonha e Mucuri, as chuvas foram menos recorrentes, mas o total de chuva, at\u00e9 o momento, j\u00e1 superou a m\u00e9dia para o m\u00eas.<\/p>\n<p><strong>O principal destaque \u00e9 Juiz de Fora,<\/strong> que registrou, apenas entre os dias 22 e 24, total de chuva de 229,9 mil\u00edmetros (mm). No m\u00eas, at\u00e9 a manh\u00e3 da ter\u00e7a-feira (24), o acumulado de chuvas na cidade \u00e9 de 579,3 mm, volume 240% acima da m\u00e9dia climatol\u00f3gica de fevereiro: 170,3 mm.<\/p>\n<h2>Alagamentos<\/h2>\n<p>O Centro Nacional de Monitoramento e Alertas de Desastres Naturais (Cemaden) considera muito<strong> alta\u00a0a possibilidade de perman\u00eancia ou novas ocorr\u00eancias de enxurradas, alagamentos em \u00e1reas de drenagem deficiente e inunda\u00e7\u00f5es<\/strong> em Juiz de Fora (MG)\u00a0devido \u00e0s atuais condi\u00e7\u00f5es cr\u00edticas da drenagem urbana em decorr\u00eancia dos acumulados dos \u00faltimos dias, \u00e0 satura\u00e7\u00e3o do solo na regi\u00e3o e previs\u00e3o de altos acumulados para os pr\u00f3ximos dias, com possibilidade de pancadas de chuva generalizada com intensidade moderada a forte.<\/p>\n<h2>Recomenda\u00e7\u00f5es do Inmet<\/h2>\n<ul>\n<li>Desligue aparelhos el\u00e9tricos, quadro geral de energia.<\/li>\n<li>Observe altera\u00e7\u00e3o nas encostas.<\/li>\n<li>Permane\u00e7a em local abrigado.<\/li>\n<li>Em caso de situa\u00e7\u00e3o de inunda\u00e7\u00e3o, ou similar, proteja seus pertences da \u00e1gua envoltos em sacos pl\u00e1sticos.<\/li>\n<li>Obtenha mais informa\u00e7\u00f5es junto \u00e0 Defesa Civil (telefone 199) e ao Corpo de Bombeiros (telefone 193).<\/li>\n<\/ul>\n<h2>Mortes<\/h2>\n<p>As fortes chuvas que atingiram a Zona da Mata mineira desde segunda-feira (23) deixaram<strong><a href=\"https:\/\/jovempan.com.br\/noticias\/brasil\/chuvas-em-minas-gerais-numero-de-mortos-sobe-para-36.html\"> at\u00e9 o momento\u00a036 mortos\u00a0dos quais 30 em Juiz de Fora e seis em Ub\u00e1<\/a><\/strong>, informou o Corpo de Bombeiros na manh\u00e3 desta quarta-feira (25).<\/p>\n<p>*Ag\u00eancia Brasil<\/p>\n<div class=\"list-related-posts\">\n<h3>Leia tamb\u00e9m<\/h3>\n<div class=\"related-posts-container\">\n<div class=\"related-post-item-container\">\n<div class=\"related-post\">\n<div class=\"img-related-box\">\n                                            <strong><a href=\"https:\/\/jovempan.com.br\/noticias\/brasil\/chuvas-em-minas-gerais-numero-de-mortos-sobe-para-36.html\" title=\"Chuvas em Minas Gerais: n\u00famero de mortos sobe para 36\"><img decoding=\"async\" src=\"https:\/\/crajubaremacao.com.br\/wp-content\/uploads\/2026\/02\/matias-barbosa-mg-2.png\"><\/a><\/strong>\n                                        <\/div>\n<p>                                        <span class=\"box-the-title\"><br \/>\n                                            <strong><a href=\"https:\/\/jovempan.com.br\/noticias\/brasil\/chuvas-em-minas-gerais-numero-de-mortos-sobe-para-36.html\" title=\"Chuvas em Minas Gerais: n\u00famero de mortos sobe para 36\">Chuvas em Minas Gerais: n\u00famero de mortos sobe para 36<\/a><\/strong><br \/>\n                                        <\/span>\n                                    <\/div>\n<\/p><\/div>\n<\/p><\/div>\n<\/p><\/div>\n<p>\u00a0<\/p>\n<\/div>\n","protected":false},"excerpt":{"rendered":"<p>O Instituto Nacional de Meteorologia (Inmet) divulgou alerta de grande perigo para chuvas at\u00e9 as 23h59min do dia 27 de fevereiro na zona da mata de Minas Gerais, regi\u00e3o mais afetada pelos temporais desde segunda-feira (23). Segundo o Inmet, a chuva ser\u00e1 superior a 60 mil\u00edmetros por hora ou acima de 100 mm\/dia. H\u00e1 elevado [&hellip;]<\/p>\n","protected":false},"author":117,"featured_media":65976,"comment_status":"closed","ping_status":"closed","sticky":false,"template":"","format":"standard","meta":{"_themeisle_gutenberg_block_has_review":false,"_jetpack_memberships_contains_paid_content":false,"footnotes":""},"categories":[2],"tags":[150],"class_list":{"0":"post-65975","1":"post","2":"type-post","3":"status-publish","4":"format-standard","5":"has-post-thumbnail","7":"category-brasil","8":"tag-brasil"},"jetpack_featured_media_url":"https:\/\/crajubaremacao.com.br\/wp-content\/uploads\/2026\/02\/imagem-jvp-2026-02-25t111929541-750x450-1.png","jetpack_sharing_enabled":true,"_links":{"self":[{"href":"https:\/\/crajubaremacao.com.br\/index.php?rest_route=\/wp\/v2\/posts\/65975","targetHints":{"allow":["GET"]}}],"collection":[{"href":"https:\/\/crajubaremacao.com.br\/index.php?rest_route=\/wp\/v2\/posts"}],"about":[{"href":"https:\/\/crajubaremacao.com.br\/index.php?rest_route=\/wp\/v2\/types\/post"}],"author":[{"embeddable":true,"href":"https:\/\/crajubaremacao.com.br\/index.php?rest_route=\/wp\/v2\/users\/117"}],"replies":[{"embeddable":true,"href":"https:\/\/crajubaremacao.com.br\/index.php?rest_route=%2Fwp%2Fv2%2Fcomments&post=65975"}],"version-history":[{"count":0,"href":"https:\/\/crajubaremacao.com.br\/index.php?rest_route=\/wp\/v2\/posts\/65975\/revisions"}],"wp:featuredmedia":[{"embeddable":true,"href":"https:\/\/crajubaremacao.com.br\/index.php?rest_route=\/wp\/v2\/media\/65976"}],"wp:attachment":[{"href":"https:\/\/crajubaremacao.com.br\/index.php?rest_route=%2Fwp%2Fv2%2Fmedia&parent=65975"}],"wp:term":[{"taxonomy":"category","embeddable":true,"href":"https:\/\/crajubaremacao.com.br\/index.php?rest_route=%2Fwp%2Fv2%2Fcategories&post=65975"},{"taxonomy":"post_tag","embeddable":true,"href":"https:\/\/crajubaremacao.com.br\/index.php?rest_route=%2Fwp%2Fv2%2Ftags&post=65975"}],"curies":[{"name":"wp","href":"https:\/\/api.w.org\/{rel}","templated":true}]}}