{"id":65977,"date":"2026-02-25T12:04:46","date_gmt":"2026-02-25T15:04:46","guid":{"rendered":"https:\/\/crajubaremacao.com.br\/?p=65977"},"modified":"2026-02-25T12:04:46","modified_gmt":"2026-02-25T15:04:46","slug":"flavio-bolsonaro-diz-que-reunira-familia-apos-conflito-entre-michelle-e-eduardo","status":"publish","type":"post","link":"https:\/\/crajubaremacao.com.br\/?p=65977","title":{"rendered":"Fl\u00e1vio Bolsonaro diz que reunir\u00e1 fam\u00edlia ap\u00f3s conflito entre Michelle e Eduardo"},"content":{"rendered":"<div>\n<div style=\"margin-bottom: 15px;\"><img decoding=\"async\" class=\"type:primaryImage\" src=\"https:\/\/jpimg.com.br\/uploads\/2026\/02\/imagem-jvp-2026-02-25t104141.292-750x450.png\"><\/div>\n<p><?xml encoding=\"UTF-8\"><\/p>\n<div class=\"flex flex-col text-sm pb-25\">\n<article class=\"text-token-text-primary w-full focus:outline-none [--shadow-height:45px] has-data-writing-block:pointer-events-none has-data-writing-block:-mt-(--shadow-height) has-data-writing-block:pt-(--shadow-height) [&amp;:has([data-writing-block])&gt;*]:pointer-events-auto scroll-mt-[calc(var(--header-height)+min(200px,max(70px,20svh)))]\" dir=\"auto\" tabindex=\"-1\" data-turn-id=\"request-699aec0d-01e8-8331-9c4a-5fb8a9ee7020-21\" data-testid=\"conversation-turn-158\" data-scroll-anchor=\"true\" data-turn=\"assistant\">\n<div class=\"text-base my-auto mx-auto pb-10 [--thread-content-margin:--spacing(4)] @w-sm\/main:[--thread-content-margin:--spacing(6)] @w-lg\/main:[--thread-content-margin:--spacing(16)] px-(--thread-content-margin)\">\n<div class=\"[--thread-content-max-width:40rem] @w-lg\/main:[--thread-content-max-width:48rem] mx-auto max-w-(--thread-content-max-width) flex-1 group\/turn-messages focus-visible:outline-hidden relative flex w-full min-w-0 flex-col agent-turn\" tabindex=\"-1\">\n<div class=\"flex max-w-full flex-col grow\">\n<div class=\"min-h-8 text-message relative flex w-full flex-col items-end gap-2 text-start break-words whitespace-normal [.text-message+&amp;]:mt-1\" dir=\"auto\" data-message-author-role=\"assistant\" data-message-id=\"b2255e8a-92bb-4067-a870-25b9ab31e407\" data-message-model-slug=\"gpt-5-2\">\n<div class=\"flex w-full flex-col gap-1 empty:hidden first:pt-[1px]\">\n<div class=\"markdown prose dark:prose-invert w-full wrap-break-word light markdown-new-styling\">\n<p data-start=\"0\" data-end=\"172\">Fl\u00e1vio Bolsonaro (PL) afirmou que <strong>pretende reunir a fam\u00edlia ap\u00f3s o conflito<\/strong> envolvendo a ex-primeira-dama Michelle Bolsonaro e o ex-deputado federal Eduardo Bolsonaro (PL).<\/p>\n<p data-start=\"642\" data-end=\"791\">\u201cN\u00e3o tenho problema em dizer que vou procurar um por um para aparar qualquer tipo de aresta que, por ventura, possa existir ainda\u201d, afirmou o senador.<\/p>\n<p data-start=\"397\" data-end=\"640\">As declara\u00e7\u00f5es do senador e pr\u00e9-candidato foram dadas durante coletiva de imprensa nesta quarta-feira (25),<strong> ap\u00f3s visitar o ex-presidente Jair Bolsonaro na Papudinha<\/strong>, ao lado do secret\u00e1rio de Seguran\u00e7a P\u00fablica de S\u00e3o Paulo, Guilherme Derrite (PL).<\/p>\n<\/div>\n<p data-start=\"793\" data-end=\"1032\">O candidato \u00e0 Presid\u00eancia e filho do ex-presidente disse que h\u00e1 um objetivo maior, destacando que todos est\u00e3o na mesma p\u00e1gina. \u201c<strong>O Brasil corre um s\u00e9rio risco de virar um narcoestado sob a administra\u00e7\u00e3o do PT<\/strong> nos pr\u00f3ximos quatro anos\u201d, declarou Fl\u00e1vio.<\/p>\n<p data-start=\"1034\" data-end=\"1326\" data-is-last-node=\"\" data-is-only-node=\"\">Fl\u00e1vio tamb\u00e9m saiu em defesa do irm\u00e3o ap\u00f3s o desentendimento e pediu que as pessoas se coloquem no lugar de Eduardo. \u201cEle est\u00e1 fora do pa\u00eds contra sua vontade. Teve seu mandato cassado e teve as contas banc\u00e1rias bloqueadas. Conversei com ele, e se comprometeu a colaborar da forma que puder\u201d, declarou.<\/p>\n<h2 data-start=\"1034\" data-end=\"1326\"><strong>Entenda\u00a0<\/strong><\/h2>\n<p data-start=\"397\" data-end=\"640\">O novo desentendimento come\u00e7ou na \u00faltima sexta-feira (20), quando Eduardo declarou que o deputado Nikolas Ferreira e Michelle n\u00e3o estariam <strong>prestando apoio suficiente \u00e0 pr\u00e9-candidatura de Fl\u00e1vio \u00e0 Presid\u00eancia da Rep\u00fablica.<\/strong><\/p>\n<p>O ex-deputado tamb\u00e9m declarou que ambos parecem ter \u201camn\u00e9sia\u201d ao esquecer que ganharam maior proje\u00e7\u00e3o nacional ap\u00f3s a alian\u00e7a com o ex-presidente Jair Bolsonaro.<\/p>\n<p>No s\u00e1bado (21), Nikolas rebateu as cr\u00edticas, negou qualquer \u201camn\u00e9sia\u201d e disse que Eduardo \u201cn\u00e3o est\u00e1 bem\u201d.<\/p>\n<div class=\"markdown prose dark:prose-invert w-full wrap-break-word light markdown-new-styling\">\n<p data-start=\"397\" data-end=\"640\">Em sequ\u00eancia<strong>,<a href=\"https:\/\/jovempan.com.br\/noticias\/politica\/esposa-de-eduardo-bolsonaro-rebate-nikolas-ferreira-nas-redes-sociais.html\"> Heloisa Bolsonaro<\/a><a href=\"https:\/\/jovempan.com.br\/noticias\/politica\/esposa-de-eduardo-bolsonaro-rebate-nikolas-ferreira-nas-redes-sociais.html\">, esposa de Eduardo Bolsonaro, respondeu nas redes sociais<\/a><\/strong> a cr\u00edticas feitas por Nikolas ao marido<strong>. <\/strong>O texto, com o t\u00edtulo de \u201cEduardo Bolsonaro n\u00e3o est\u00e1 bem\u201d, <strong>faz refer\u00eancia a uma entrevista dada por Nikolas,\u00a0<\/strong>em que disse essa frase, ap\u00f3s visitar Jair Bolsonaro na Papudinha.<\/p>\n<blockquote class=\"instagram-media\" style=\"background: #FFF; border: 0; border-radius: 3px; box-shadow: 0 0 1px 0 rgba(0,0,0,0.5),0 1px 10px 0 rgba(0,0,0,0.15); margin: 1px; max-width: 540px; min-width: 326px; padding: 0; width: calc(100% - 2px);\" data-instgrm-captioned=\"\" data-instgrm-permalink=\"https:\/\/www.instagram.com\/p\/DVHLvy2klgg\/?utm_source=ig_embed&amp;utm_campaign=loading\" data-instgrm-version=\"14\">\n<div style=\"padding: 16px;\">\n\u00a0<\/p>\n<div style=\"display: flex; flex-direction: row; align-items: center;\">\n<div style=\"background-color: #f4f4f4; border-radius: 50%; flex-grow: 0; height: 40px; margin-right: 14px; width: 40px;\"><\/div>\n<div style=\"display: flex; flex-direction: column; flex-grow: 1; justify-content: center;\">\n<div style=\"background-color: #f4f4f4; border-radius: 4px; flex-grow: 0; height: 14px; margin-bottom: 6px; width: 100px;\"><\/div>\n<div style=\"background-color: #f4f4f4; border-radius: 4px; flex-grow: 0; height: 14px; width: 60px;\"><\/div>\n<\/div>\n<\/div>\n<div style=\"padding: 19% 0;\"><\/div>\n<div style=\"display: block; height: 50px; margin: 0 auto 12px; width: 50px;\"><\/div>\n<div style=\"padding-top: 8px;\">\n<div style=\"color: #3897f0; font-family: Arial,sans-serif; font-size: 14px; font-style: normal; font-weight: 550; line-height: 18px;\">Ver essa foto no Instagram<\/div>\n<\/div>\n<div style=\"padding: 12.5% 0;\"><\/div>\n<div style=\"display: flex; flex-direction: row; margin-bottom: 14px; align-items: center;\">\n<div>\n<div style=\"background-color: #f4f4f4; border-radius: 50%; height: 12.5px; width: 12.5px; transform: translateX(0px) translateY(7px);\"><\/div>\n<div style=\"background-color: #f4f4f4; height: 12.5px; transform: rotate(-45deg) translateX(3px) translateY(1px); width: 12.5px; flex-grow: 0; margin-right: 14px; margin-left: 2px;\"><\/div>\n<div style=\"background-color: #f4f4f4; border-radius: 50%; height: 12.5px; width: 12.5px; transform: translateX(9px) translateY(-18px);\"><\/div>\n<\/div>\n<div style=\"margin-left: 8px;\">\n<div style=\"background-color: #f4f4f4; border-radius: 50%; flex-grow: 0; height: 20px; width: 20px;\"><\/div>\n<div style=\"width: 0; height: 0; border-top: 2px solid transparent; border-left: 6px solid #f4f4f4; border-bottom: 2px solid transparent; transform: translateX(16px) translateY(-4px) rotate(30deg);\"><\/div>\n<\/div>\n<div style=\"margin-left: auto;\">\n<div style=\"width: 0px; border-top: 8px solid #F4F4F4; border-right: 8px solid transparent; transform: translateY(16px);\"><\/div>\n<div style=\"background-color: #f4f4f4; flex-grow: 0; height: 12px; width: 16px; transform: translateY(-4px);\"><\/div>\n<div style=\"width: 0; height: 0; border-top: 8px solid #F4F4F4; border-left: 8px solid transparent; transform: translateY(-4px) translateX(8px);\"><\/div>\n<\/div>\n<\/div>\n<div style=\"display: flex; flex-direction: column; flex-grow: 1; justify-content: center; margin-bottom: 24px;\">\n<div style=\"background-color: #f4f4f4; border-radius: 4px; flex-grow: 0; height: 14px; margin-bottom: 6px; width: 224px;\"><\/div>\n<div style=\"background-color: #f4f4f4; border-radius: 4px; flex-grow: 0; height: 14px; width: 144px;\"><\/div>\n<\/div>\n<p>\u00a0<br \/>\nUm post compartilhado por Helo\u0302 (@heloisa.bolsonaro)\n<\/p><\/div>\n<\/blockquote>\n<p><script async src=\"\/\/www.instagram.com\/embed.js\"><\/script><\/p>\n<\/div>\n<h2 data-start=\"1034\" data-end=\"1326\"><strong>Pedido de pris\u00e3o domiciliar<\/strong><\/h2>\n<div class=\"markdown prose dark:prose-invert w-full wrap-break-word light markdown-new-styling\">\n<article class=\"text-token-text-primary w-full focus:outline-none [--shadow-height:45px] has-data-writing-block:pointer-events-none has-data-writing-block:-mt-(--shadow-height) has-data-writing-block:pt-(--shadow-height) [&amp;:has([data-writing-block])&gt;*]:pointer-events-auto scroll-mt-[calc(var(--header-height)+min(200px,max(70px,20svh)))]\" dir=\"auto\" tabindex=\"-1\" data-turn-id=\"request-699aec0d-01e8-8331-9c4a-5fb8a9ee7020-22\" data-testid=\"conversation-turn-160\" data-scroll-anchor=\"true\" data-turn=\"assistant\">\n<div class=\"text-base my-auto mx-auto pb-10 [--thread-content-margin:--spacing(4)] @w-sm\/main:[--thread-content-margin:--spacing(6)] @w-lg\/main:[--thread-content-margin:--spacing(16)] px-(--thread-content-margin)\">\n<div class=\"[--thread-content-max-width:40rem] @w-lg\/main:[--thread-content-max-width:48rem] mx-auto max-w-(--thread-content-max-width) flex-1 group\/turn-messages focus-visible:outline-hidden relative flex w-full min-w-0 flex-col agent-turn\" tabindex=\"-1\">\n<div class=\"flex max-w-full flex-col grow\">\n<div class=\"min-h-8 text-message relative flex w-full flex-col items-end gap-2 text-start break-words whitespace-normal [.text-message+&amp;]:mt-1\" dir=\"auto\" data-message-author-role=\"assistant\" data-message-id=\"abb74260-f1e8-4adf-a666-825a7082118b\" data-message-model-slug=\"gpt-5-2\">\n<div class=\"flex w-full flex-col gap-1 empty:hidden first:pt-[1px]\">\n<div class=\"markdown prose dark:prose-invert w-full wrap-break-word light markdown-new-styling\">\n<p data-start=\"0\" data-end=\"427\" data-is-last-node=\"\" data-is-only-node=\"\">O senador tamb\u00e9m fez um novo apelo para a Justi\u00e7a analisar o pedido de pris\u00e3o domiciliar por raz\u00f5es humanit\u00e1rias em favor do ex-presidente.<\/p>\n<p data-start=\"0\" data-end=\"427\" data-is-last-node=\"\" data-is-only-node=\"\">\u201cMais uma vez, fa\u00e7o um apelo para apreciarem o pedido de domiciliar humanit\u00e1ria. N\u00e3o tem nenhuma necessidade de ele continuar aqui na situa\u00e7\u00e3o de sa\u00fade em que ele se encontra\u201d, afirmou.<\/p>\n<\/div>\n<\/div>\n<\/div>\n<\/div>\n<\/div>\n<\/div>\n<\/article>\n<\/div>\n<\/div>\n<\/div>\n<\/div>\n<\/div>\n<\/div>\n<\/article>\n<\/div>\n<div class=\"list-related-posts\">\n<h3>Leia tamb\u00e9m<\/h3>\n<div class=\"related-posts-container\">\n<div class=\"related-post-item-container\">\n<div class=\"related-post\">\n<div class=\"img-related-box\">\n                                            <strong><a href=\"https:\/\/jovempan.com.br\/noticias\/politica\/atlas-bloomberg-lula-empata-com-flavio-bolsonaro-no-2o-turno.html\" title=\"Atlas\/Bloomberg: Lula e Fl\u00e1vio Bolsonaro empatam no 2\u00ba turno\"><img decoding=\"async\" src=\"https:\/\/jpimg.com.br\/uploads\/2025\/12\/imagem-jvp-2025-12-06t134101.817.png\"><\/a><\/strong>\n                                        <\/div>\n<p>                                        <span class=\"box-the-title\"><br \/>\n                                            <strong><a href=\"https:\/\/jovempan.com.br\/noticias\/politica\/atlas-bloomberg-lula-empata-com-flavio-bolsonaro-no-2o-turno.html\" title=\"Atlas\/Bloomberg: Lula e Fl\u00e1vio Bolsonaro empatam no 2\u00ba turno\">Atlas\/Bloomberg: Lula e Fl\u00e1vio Bolsonaro empatam no 2\u00ba turno<\/a><\/strong><br \/>\n                                        <\/span>\n                                    <\/div>\n<\/p><\/div>\n<\/p><\/div>\n<\/p><\/div>\n<p>\u00a0<\/p>\n<\/div>\n","protected":false},"excerpt":{"rendered":"<p>Fl\u00e1vio Bolsonaro (PL) afirmou que pretende reunir a fam\u00edlia ap\u00f3s o conflito envolvendo a ex-primeira-dama Michelle Bolsonaro e o ex-deputado federal Eduardo Bolsonaro (PL). \u201cN\u00e3o tenho problema em dizer que vou procurar um por um para aparar qualquer tipo de aresta que, por ventura, possa existir ainda\u201d, afirmou o senador. As declara\u00e7\u00f5es do senador e [&hellip;]<\/p>\n","protected":false},"author":117,"featured_media":65978,"comment_status":"closed","ping_status":"closed","sticky":false,"template":"","format":"standard","meta":{"_themeisle_gutenberg_block_has_review":false,"_jetpack_memberships_contains_paid_content":false,"footnotes":""},"categories":[9],"tags":[129],"class_list":{"0":"post-65977","1":"post","2":"type-post","3":"status-publish","4":"format-standard","5":"has-post-thumbnail","7":"category-politica","8":"tag-politica"},"jetpack_featured_media_url":"https:\/\/crajubaremacao.com.br\/wp-content\/uploads\/2026\/02\/imagem-jvp-2026-02-25t104141292-750x450-1.png","jetpack_sharing_enabled":true,"_links":{"self":[{"href":"https:\/\/crajubaremacao.com.br\/index.php?rest_route=\/wp\/v2\/posts\/65977","targetHints":{"allow":["GET"]}}],"collection":[{"href":"https:\/\/crajubaremacao.com.br\/index.php?rest_route=\/wp\/v2\/posts"}],"about":[{"href":"https:\/\/crajubaremacao.com.br\/index.php?rest_route=\/wp\/v2\/types\/post"}],"author":[{"embeddable":true,"href":"https:\/\/crajubaremacao.com.br\/index.php?rest_route=\/wp\/v2\/users\/117"}],"replies":[{"embeddable":true,"href":"https:\/\/crajubaremacao.com.br\/index.php?rest_route=%2Fwp%2Fv2%2Fcomments&post=65977"}],"version-history":[{"count":0,"href":"https:\/\/crajubaremacao.com.br\/index.php?rest_route=\/wp\/v2\/posts\/65977\/revisions"}],"wp:featuredmedia":[{"embeddable":true,"href":"https:\/\/crajubaremacao.com.br\/index.php?rest_route=\/wp\/v2\/media\/65978"}],"wp:attachment":[{"href":"https:\/\/crajubaremacao.com.br\/index.php?rest_route=%2Fwp%2Fv2%2Fmedia&parent=65977"}],"wp:term":[{"taxonomy":"category","embeddable":true,"href":"https:\/\/crajubaremacao.com.br\/index.php?rest_route=%2Fwp%2Fv2%2Fcategories&post=65977"},{"taxonomy":"post_tag","embeddable":true,"href":"https:\/\/crajubaremacao.com.br\/index.php?rest_route=%2Fwp%2Fv2%2Ftags&post=65977"}],"curies":[{"name":"wp","href":"https:\/\/api.w.org\/{rel}","templated":true}]}}