{"id":65985,"date":"2026-02-25T15:13:03","date_gmt":"2026-02-25T18:13:03","guid":{"rendered":"https:\/\/crajubaremacao.com.br\/?p=65985"},"modified":"2026-02-25T15:13:03","modified_gmt":"2026-02-25T18:13:03","slug":"caua-batista-promessa-do-taekwondo-brasileiro-morre-aos-18-anos","status":"publish","type":"post","link":"https:\/\/crajubaremacao.com.br\/?p=65985","title":{"rendered":"Cau\u00e3 Batista, promessa do Taekwondo brasileiro, morre aos 18 anos"},"content":{"rendered":"<div>\n<div style=\"margin-bottom: 15px;\"><img decoding=\"async\" class=\"type:primaryImage\" src=\"https:\/\/jpimg.com.br\/uploads\/2026\/02\/sem-titulo-17-750x486.jpg\"><\/div>\n<p><?xml encoding=\"UTF-8\"><\/p>\n<p><strong>Grande esperan\u00e7a brasileira<\/strong> de medalhas na renova\u00e7\u00e3o da sele\u00e7\u00e3o de taekwondo, o <strong>jovem Cau\u00e3 Batista Gomes Este<\/strong>, de apenas 18 anos, <strong>morreu na noite desta ter\u00e7a-feira<\/strong> (24) ap\u00f3s uma semana internado no Rio de Janeiro. <strong>A causa da morte n\u00e3o foi divulgada<\/strong>.<\/p>\n<p>Cau\u00e3 estava internado no Hospital Miguel Couto, no Rio, e a fam\u00edlia e sua equipe vinham fazendo campanha por doa\u00e7\u00e3o de sangue nos \u00faltimos dias. Representante da categoria adulto at\u00e9 63 quilos, o atleta da Soares Team <strong>ia participar da Seletiva Aberta Nacional, agendada para o dia 26 de fevereiro<\/strong>.<\/p>\n<p>\u201cA Confedera\u00e7\u00e3o Brasileira de Taekwondo (CBTKD) manifesta seu mais profundo pesar pela morte do atleta Cau\u00e3 Batista Gomes Este, de 18 anos\u201d, lamentou a confedera\u00e7\u00e3o, ressaltando a habilidade e o talento da revela\u00e7\u00e3o.<\/p>\n<p>\u201cJovem talento do taekwondo brasileiro, Cau\u00e3 era um atleta conhecido pela dedica\u00e7\u00e3o, pelo respeito e pela paix\u00e3o ao esporte, querido por todos os que tiveram a oportunidade de acompanh\u00e1-lo dentro e fora das competi\u00e7\u00f5es. Neste momento de dor, a CBTKD se solidariza com familiares, amigos e toda a comunidade do taekwondo, aos quais deseja for\u00e7a e conforto.\u201d<\/p>\n<p>A Soares Team manifestou solidariedade \u00e0 fam\u00edlia e amigos em lindo post de despedida a Cau\u00e3 Batista. \u201cHoje a comunidade do taekwondo est\u00e1 de luto. Luto pela perda n\u00e3o apenas de um incr\u00edvel taekondista, mas de um ser humano extraordin\u00e1rio. KSN Cau\u00e3 Batista Gomes, nosso aluno desde os 9 anos, formado pela Escola Soares Team, foi exemplo dentro e fora do Dojang \u2013 um atleta admir\u00e1vel, competidor incans\u00e1vel e um verdadeiro lutador da vida\u201d, come\u00e7ou a nota da equipe.<\/p>\n<p>\u201cSua partida hoje nos deixa uma dor imensa, mas tamb\u00e9m um legado inesquec\u00edvel de garra, disciplina e determina\u00e7\u00e3o em tudo que se prop\u00f4s a fazer. Por onde passou, conquistou respeito e admira\u00e7\u00e3o Hoje nosso emblema est\u00e1 renovado. Uma estrela foi colocada em sua homenagem \u2013 n\u00e3o apenas para encerrar sua jornada entre n\u00f3s, mas por tudo que continuar\u00e1 representando para a nossa equipe, que defendia com p\u00e9s e m\u00e3os. Deixamos aqui nossas condol\u00eancias \u00e0 fam\u00edlia. Admira\u00e7\u00f5es sempre, Taewwon, Cau\u00e3 eterno.\u201d<\/p>\n<p>A equipe Alcateia, onde Cau\u00e3 fez uma apari\u00e7\u00e3o para se preparar para a Seletiva Aberta Nacional, tamb\u00e9m prestou homenagens. \u201cA vida \u00e9 um sopro\u2026 No in\u00edcio do m\u00eas, Cau\u00e3 esteve treinando conosco e foi um interc\u00e2mbio incr\u00edvel. A equipe Alcateia presta nossos maiores sentimentos aos familiares, amigos e toda equipe Soares Team e seu treinador. Vai em paz, guerreiro\u201d, prestou solidariedade a academia.<\/p>\n<p><em>*Com Estad\u00e3o Cont\u00e9udo<\/em><\/p>\n<div class=\"list-related-posts\">\n<h3>Leia tamb\u00e9m<\/h3>\n<div class=\"related-posts-container\">\n<div class=\"related-post-item-container\">\n<div class=\"related-post\">\n<div class=\"img-related-box\">\n                                            <strong><a href=\"https:\/\/jovempan.com.br\/opiniao-jovem-pan\/comentaristas\/wanderley-nogueira-comentaristas\/cbf-grandes-patrocinadores-sem-titulos-recentes-por-que.html\" title=\"CBF: grandes patrocinadores, sem t\u00edtulos recentes; por qu\u00ea?\"><img decoding=\"async\" src=\"https:\/\/jpimg.com.br\/uploads\/2025\/11\/tn220251103053.jpg\"><\/a><\/strong>\n                                        <\/div>\n<p>                                        <span class=\"box-the-title\"><br \/>\n                                            <strong><a href=\"https:\/\/jovempan.com.br\/opiniao-jovem-pan\/comentaristas\/wanderley-nogueira-comentaristas\/cbf-grandes-patrocinadores-sem-titulos-recentes-por-que.html\" title=\"CBF: grandes patrocinadores, sem t\u00edtulos recentes; por qu\u00ea?\">CBF: grandes patrocinadores, sem t\u00edtulos recentes; por qu\u00ea?<\/a><\/strong><br \/>\n                                        <\/span>\n                                    <\/div>\n<div class=\"related-post\">\n<div class=\"img-related-box\">\n                                            <strong><a href=\"https:\/\/jovempan.com.br\/opiniao-jovem-pan\/comentaristas\/thiago-uberreich-comentaristas\/pepe-o-canhao-da-vila-completa-91-anos-e-poderia-ter-sido-titular-na-copa-de-1958.html\" title=\"Pepe, o 'canh\u00e3o da Vila', completa 91 anos e poderia ter sido titular na Copa de 1958\"><img decoding=\"async\" src=\"https:\/\/jpimg.com.br\/uploads\/2026\/02\/globo-canal-4-20250225-2000-fram.png\"><\/a><\/strong>\n                                        <\/div>\n<p>                                        <span class=\"box-the-title\"><br \/>\n                                            <strong><a href=\"https:\/\/jovempan.com.br\/opiniao-jovem-pan\/comentaristas\/thiago-uberreich-comentaristas\/pepe-o-canhao-da-vila-completa-91-anos-e-poderia-ter-sido-titular-na-copa-de-1958.html\" title=\"Pepe, o 'canh\u00e3o da Vila', completa 91 anos e poderia ter sido titular na Copa de 1958\">Pepe, o &#8216;canh\u00e3o da Vila&#8217;, completa 91 anos e poderia ter sido titular na Copa de 1958<\/a><\/strong><br \/>\n                                        <\/span>\n                                    <\/div>\n<div class=\"related-post\">\n<div class=\"img-related-box\">\n                                            <strong><a href=\"https:\/\/jovempan.com.br\/esportes\/futebol\/corinthians\/viola-ex-jogador-do-corinthians-e-campeao-com-a-selecao-em-1994-e-preso-por-posse-ilegal-de-arma.html\" title=\"Viola, ex-jogador do Corinthians e campe\u00e3o com a Sele\u00e7\u00e3o em 1994, \u00e9 preso por posse ilegal de arma\"><img decoding=\"async\" src=\"https:\/\/jpimg.com.br\/uploads\/2026\/02\/ex-jogador-viola.jpg\"><\/a><\/strong>\n                                        <\/div>\n<p>                                        <span class=\"box-the-title\"><br \/>\n                                            <strong><a href=\"https:\/\/jovempan.com.br\/esportes\/futebol\/corinthians\/viola-ex-jogador-do-corinthians-e-campeao-com-a-selecao-em-1994-e-preso-por-posse-ilegal-de-arma.html\" title=\"Viola, ex-jogador do Corinthians e campe\u00e3o com a Sele\u00e7\u00e3o em 1994, \u00e9 preso por posse ilegal de arma\">Viola, ex-jogador do Corinthians e campe\u00e3o com a Sele\u00e7\u00e3o em 1994, \u00e9 preso por posse ilegal de arma<\/a><\/strong><br \/>\n                                        <\/span>\n                                    <\/div>\n<\/p><\/div>\n<\/p><\/div>\n<\/p><\/div>\n<\/div>\n","protected":false},"excerpt":{"rendered":"<p>Grande esperan\u00e7a brasileira de medalhas na renova\u00e7\u00e3o da sele\u00e7\u00e3o de taekwondo, o jovem Cau\u00e3 Batista Gomes Este, de apenas 18 anos, morreu na noite desta ter\u00e7a-feira (24) ap\u00f3s uma semana internado no Rio de Janeiro. A causa da morte n\u00e3o foi divulgada. Cau\u00e3 estava internado no Hospital Miguel Couto, no Rio, e a fam\u00edlia e [&hellip;]<\/p>\n","protected":false},"author":260,"featured_media":65986,"comment_status":"closed","ping_status":"closed","sticky":false,"template":"","format":"standard","meta":{"_themeisle_gutenberg_block_has_review":false,"_jetpack_memberships_contains_paid_content":false,"footnotes":""},"categories":[12],"tags":[153],"class_list":{"0":"post-65985","1":"post","2":"type-post","3":"status-publish","4":"format-standard","5":"has-post-thumbnail","7":"category-esportes","8":"tag-esportes"},"jetpack_featured_media_url":"https:\/\/crajubaremacao.com.br\/wp-content\/uploads\/2026\/02\/sem-titulo-17-750x486-1.jpg","jetpack_sharing_enabled":true,"_links":{"self":[{"href":"https:\/\/crajubaremacao.com.br\/index.php?rest_route=\/wp\/v2\/posts\/65985","targetHints":{"allow":["GET"]}}],"collection":[{"href":"https:\/\/crajubaremacao.com.br\/index.php?rest_route=\/wp\/v2\/posts"}],"about":[{"href":"https:\/\/crajubaremacao.com.br\/index.php?rest_route=\/wp\/v2\/types\/post"}],"author":[{"embeddable":true,"href":"https:\/\/crajubaremacao.com.br\/index.php?rest_route=\/wp\/v2\/users\/260"}],"replies":[{"embeddable":true,"href":"https:\/\/crajubaremacao.com.br\/index.php?rest_route=%2Fwp%2Fv2%2Fcomments&post=65985"}],"version-history":[{"count":0,"href":"https:\/\/crajubaremacao.com.br\/index.php?rest_route=\/wp\/v2\/posts\/65985\/revisions"}],"wp:featuredmedia":[{"embeddable":true,"href":"https:\/\/crajubaremacao.com.br\/index.php?rest_route=\/wp\/v2\/media\/65986"}],"wp:attachment":[{"href":"https:\/\/crajubaremacao.com.br\/index.php?rest_route=%2Fwp%2Fv2%2Fmedia&parent=65985"}],"wp:term":[{"taxonomy":"category","embeddable":true,"href":"https:\/\/crajubaremacao.com.br\/index.php?rest_route=%2Fwp%2Fv2%2Fcategories&post=65985"},{"taxonomy":"post_tag","embeddable":true,"href":"https:\/\/crajubaremacao.com.br\/index.php?rest_route=%2Fwp%2Fv2%2Ftags&post=65985"}],"curies":[{"name":"wp","href":"https:\/\/api.w.org\/{rel}","templated":true}]}}