{"id":66011,"date":"2026-02-26T03:00:32","date_gmt":"2026-02-26T06:00:32","guid":{"rendered":"https:\/\/crajubaremacao.com.br\/?p=66011"},"modified":"2026-02-26T03:00:32","modified_gmt":"2026-02-26T06:00:32","slug":"homem-e-preso-por-vender-vapes-e-pods-no-interior-do-ceara-adolescentes-eram-clientes","status":"publish","type":"post","link":"https:\/\/crajubaremacao.com.br\/?p=66011","title":{"rendered":"Homem \u00e9 preso por vender \u2018vapes\u2019 e \u2018pods\u2019 no interior do Cear\u00e1; adolescentes eram clientes"},"content":{"rendered":"<div><img decoding=\"async\" src=\"https:\/\/s2-g1.glbimg.com\/n4HHWYjIkRC2oTrF-gdQZt6Ussw=\/i.s3.glbimg.com\/v1\/AUTH_59edd422c0c84a879bd37670ae4f538a\/internal_photos\/bs\/2026\/Y\/k\/vxsNKKSfuHtzLhsaJsuQ\/vapes-e-pods.jpg\"><br \/>     Homem \u00e9 preso por vender \u2018vapes\u2019 e \u2018pods\u2019 no interior do Cear\u00e1.<br \/>\nSSPDS\/Reprodu\u00e7\u00e3o<br \/>\nUm homem de 20 anos foi preso suspeito de comercializar cigarros eletr\u00f4nicos, conhecidos como \u201cvapes\u201d ou \u201cpods\u201d, em Limoeiro do Norte, no interior do Cear\u00e1. A pris\u00e3o ocorreu nesta ter\u00e7a-feira (24).<br \/>\nA Delegacia de Limoeiro do Norte recebeu informa\u00e7\u00f5es sobre a venda ilegal dos dispositivos eletr\u00f4nicos. Durante as investiga\u00e7\u00f5es, os policiais descobriram que adolescentes com menos de 18 anos estavam entre os clientes do suspeito.<br \/>\nClique aqui para seguir o canal do g1 Cear\u00e1 no WhatsApp<br \/>\nCom a gravidade dos fatos e a identifica\u00e7\u00e3o dos locais usados para a pr\u00e1tica criminosa, a pol\u00edcia civil solicitou mandados de busca e apreens\u00e3o em dois im\u00f3veis ligados ao investigado.<br \/>\nLEIA TAMB\u00c9M:<br \/>\nPM encontra droga dentro de carro, e homem tenta subornar policiais com R$ 10 mil para n\u00e3o ser preso<br \/>\nColombianos e brasileiros s\u00e3o presos por agiotagem e extors\u00e3o no Cear\u00e1<br \/>\nEm um dos endere\u00e7os, onde o suspeito foi encontrado, os agentes apreenderam 49 cigarros eletr\u00f4nicos e uma maquineta de cart\u00e3o usada nas transa\u00e7\u00f5es. O homem foi preso em flagrante e levado \u00e0 delegacia.<br \/>\nNa unidade policial, ele foi autuado por crime contra a incolumidade p\u00fablica. As investiga\u00e7\u00f5es continuam para identificar outros poss\u00edveis envolvidos no esquema.<br \/>\nJovem preso por comercializar cigarros eletr\u00f4nicos<br \/>\nAssista aos v\u00eddeos mais vistos do Cear\u00e1<\/div>\n","protected":false},"excerpt":{"rendered":"<p>Homem \u00e9 preso por vender \u2018vapes\u2019 e \u2018pods\u2019 no interior do Cear\u00e1. SSPDS\/Reprodu\u00e7\u00e3o Um homem de 20 anos foi preso suspeito de comercializar cigarros eletr\u00f4nicos, conhecidos como \u201cvapes\u201d ou \u201cpods\u201d, em Limoeiro do Norte, no interior do Cear\u00e1. A pris\u00e3o ocorreu nesta ter\u00e7a-feira (24). A Delegacia de Limoeiro do Norte recebeu informa\u00e7\u00f5es sobre a venda [&hellip;]<\/p>\n","protected":false},"author":264,"featured_media":66012,"comment_status":"closed","ping_status":"closed","sticky":false,"template":"","format":"standard","meta":{"_themeisle_gutenberg_block_has_review":false,"_jetpack_memberships_contains_paid_content":false,"footnotes":""},"categories":[4],"tags":[127,130],"class_list":{"0":"post-66011","1":"post","2":"type-post","3":"status-publish","4":"format-standard","5":"has-post-thumbnail","7":"category-regiao","8":"tag-cariri","9":"tag-ceara"},"jetpack_featured_media_url":"https:\/\/crajubaremacao.com.br\/wp-content\/uploads\/2026\/02\/vapes-e-pods.jpg","jetpack_sharing_enabled":true,"_links":{"self":[{"href":"https:\/\/crajubaremacao.com.br\/index.php?rest_route=\/wp\/v2\/posts\/66011","targetHints":{"allow":["GET"]}}],"collection":[{"href":"https:\/\/crajubaremacao.com.br\/index.php?rest_route=\/wp\/v2\/posts"}],"about":[{"href":"https:\/\/crajubaremacao.com.br\/index.php?rest_route=\/wp\/v2\/types\/post"}],"author":[{"embeddable":true,"href":"https:\/\/crajubaremacao.com.br\/index.php?rest_route=\/wp\/v2\/users\/264"}],"replies":[{"embeddable":true,"href":"https:\/\/crajubaremacao.com.br\/index.php?rest_route=%2Fwp%2Fv2%2Fcomments&post=66011"}],"version-history":[{"count":0,"href":"https:\/\/crajubaremacao.com.br\/index.php?rest_route=\/wp\/v2\/posts\/66011\/revisions"}],"wp:featuredmedia":[{"embeddable":true,"href":"https:\/\/crajubaremacao.com.br\/index.php?rest_route=\/wp\/v2\/media\/66012"}],"wp:attachment":[{"href":"https:\/\/crajubaremacao.com.br\/index.php?rest_route=%2Fwp%2Fv2%2Fmedia&parent=66011"}],"wp:term":[{"taxonomy":"category","embeddable":true,"href":"https:\/\/crajubaremacao.com.br\/index.php?rest_route=%2Fwp%2Fv2%2Fcategories&post=66011"},{"taxonomy":"post_tag","embeddable":true,"href":"https:\/\/crajubaremacao.com.br\/index.php?rest_route=%2Fwp%2Fv2%2Ftags&post=66011"}],"curies":[{"name":"wp","href":"https:\/\/api.w.org\/{rel}","templated":true}]}}