{"id":66018,"date":"2026-02-26T06:01:56","date_gmt":"2026-02-26T09:01:56","guid":{"rendered":"https:\/\/crajubaremacao.com.br\/?p=66018"},"modified":"2026-02-26T06:01:56","modified_gmt":"2026-02-26T09:01:56","slug":"governo-de-sp-libera-r-95-milhoes-para-obras-em-12-municipios","status":"publish","type":"post","link":"https:\/\/crajubaremacao.com.br\/?p=66018","title":{"rendered":"Governo de SP libera R$ 9,5 milh\u00f5es para obras em 12 munic\u00edpios"},"content":{"rendered":"<div>\n<div style=\"margin-bottom: 15px;\"><img decoding=\"async\" class=\"type:primaryImage\" src=\"https:\/\/crajubaremacao.com.br\/wp-content\/uploads\/2026\/02\/palacio-750x446-2.jpg\"><\/div>\n<p><?xml encoding=\"UTF-8\"><\/p>\n<p><strong>O governo de S\u00e3o Paulo liberou cerca de R$ 9,5 milh\u00f5es<\/strong> do Fundo Estadual de Defesa dos Interesses Difusos (FID) para <strong>obras em 12 munic\u00edpios do interior do estado<\/strong>. Por meio da Secretaria de Justi\u00e7a e Cidadania, os recursos ser\u00e3o voltados para a <strong>mobilidade urbana, drenagem, infraestrutura ambiental, requalifica\u00e7\u00e3o de espa\u00e7os p\u00fablicos e implanta\u00e7\u00e3o de equipamentos de lazer e cultura<\/strong>.<\/p>\n<p>Os recursos ser\u00e3o divididos entre os seguintes munic\u00edpios:<\/p>\n<ul>\n<li><strong>Ava\u00ed:\u00a0<\/strong>captar\u00e1 R$ 1 milh\u00e3o para constru\u00e7\u00e3o de pista de caminhada e bike park;<\/li>\n<li><strong>Urup\u00eas:\u00a0<\/strong>vai acessar R$ 967 mil voltados para espa\u00e7o cultural;<\/li>\n<li><strong>Caiabu:\u00a0<\/strong>ter\u00e1 R$ 905 mil para constru\u00e7\u00e3o de ciclovia na Rua Henrique Pedro Ferreira;<\/li>\n<li><strong>Est\u00e2ncia Tur\u00edstica de Ibitinga:\u00a0<\/strong>ser\u00e1 contemplada com repasse de R$ 866 mil para manuten\u00e7\u00e3o dos gabi\u00f5es da Avenida Carolina Gereto Dall\u2019Acqua;<\/li>\n<li><strong>Piraju:<\/strong> receber\u00e1 R$ 827 mil para obras no Parque Linear da Matinha;<\/li>\n<li><strong>Planalto:<\/strong> contar\u00e1 com R$ 800 mil para constru\u00e7\u00e3o de banheiro, quadra de areia, minicampo, pista de caminhada, ciclovia e piso de estacionamento na Lagoa do Mico;<\/li>\n<li><strong>Jaci:\u00a0<\/strong>ser\u00e1 beneficiada com R$ 779 mil para pista de ciclismo e urbaniza\u00e7\u00e3o florestal;<\/li>\n<li><strong>Est\u00e2ncia Tur\u00edstica de Paragua\u00e7u Paulista:\u00a0<\/strong>absorver\u00e1 R$ 772 mil para ciclovia da Avenida Hissagy Marubayashi;<\/li>\n<li><strong>\u00c1guas de S\u00e3o Pedro:\u00a0<\/strong>ter\u00e1 repasse de R$ 733 para cria\u00e7\u00e3o de ciclovia;<\/li>\n<li><strong>Cardoso:\u00a0<\/strong>vai dispor de R$ 675 mil para implementa\u00e7\u00e3o do sistema de drenagem urbana;<\/li>\n<li><strong>Prad\u00f3polis:<\/strong> ser\u00e1 contemplada com R$ 633 mil para constru\u00e7\u00e3o de pra\u00e7a;<\/li>\n<li><strong>Rio das Pedras:\u00a0<\/strong>obter\u00e1 R$ 573 mil para implanta\u00e7\u00e3o de cal\u00e7adas e ciclovia na Avenida Elias C\u00e2ndido Ayres.<\/li>\n<\/ul>\n<p>Segundo o governo estadual, esta etapa de <strong>repasses de recursos do FID<\/strong> prioriza os projetos de mobilidade ativa, sustentabilidade urbana, preven\u00e7\u00e3o de danos ambientais e amplia\u00e7\u00e3o de \u00e1reas de conviv\u00eancia para fortalecer a infraestrutura local e impulsionar o desenvolvimento regional.<\/p>\n<p>Criado em 1989, o FID foi implementado para financiar <strong>projetos de repara\u00e7\u00e3o de danos e prote\u00e7\u00e3o de interesses difusos e coletivos<\/strong>, como meio ambiente, patrim\u00f4nio p\u00fablico, defesa do consumidor e qualidade de vida urbana. A atual gest\u00e3o de Tarc\u00edsio de Freitas (Republicanos) destacou que a nova remessa de recursos refor\u00e7a o papel estrat\u00e9gico do fundo como instrumento de investimento direto nos munic\u00edpios.<\/p>\n<p>A Secretaria de Justi\u00e7a e Cidadania ainda comunicou que lan\u00e7ar\u00e1 um <strong>novo edital<\/strong> para que mais cidades paulistas apresentem seus projetos dentro da premissa do FID.<\/p>\n<\/div>\n","protected":false},"excerpt":{"rendered":"<p>O governo de S\u00e3o Paulo liberou cerca de R$ 9,5 milh\u00f5es do Fundo Estadual de Defesa dos Interesses Difusos (FID) para obras em 12 munic\u00edpios do interior do estado. Por meio da Secretaria de Justi\u00e7a e Cidadania, os recursos ser\u00e3o voltados para a mobilidade urbana, drenagem, infraestrutura ambiental, requalifica\u00e7\u00e3o de espa\u00e7os p\u00fablicos e implanta\u00e7\u00e3o de [&hellip;]<\/p>\n","protected":false},"author":117,"featured_media":66019,"comment_status":"closed","ping_status":"closed","sticky":false,"template":"","format":"standard","meta":{"_themeisle_gutenberg_block_has_review":false,"_jetpack_memberships_contains_paid_content":false,"footnotes":""},"categories":[2],"tags":[150],"class_list":{"0":"post-66018","1":"post","2":"type-post","3":"status-publish","4":"format-standard","5":"has-post-thumbnail","7":"category-brasil","8":"tag-brasil"},"jetpack_featured_media_url":"https:\/\/crajubaremacao.com.br\/wp-content\/uploads\/2026\/02\/palacio-750x446-2.jpg","jetpack_sharing_enabled":true,"_links":{"self":[{"href":"https:\/\/crajubaremacao.com.br\/index.php?rest_route=\/wp\/v2\/posts\/66018","targetHints":{"allow":["GET"]}}],"collection":[{"href":"https:\/\/crajubaremacao.com.br\/index.php?rest_route=\/wp\/v2\/posts"}],"about":[{"href":"https:\/\/crajubaremacao.com.br\/index.php?rest_route=\/wp\/v2\/types\/post"}],"author":[{"embeddable":true,"href":"https:\/\/crajubaremacao.com.br\/index.php?rest_route=\/wp\/v2\/users\/117"}],"replies":[{"embeddable":true,"href":"https:\/\/crajubaremacao.com.br\/index.php?rest_route=%2Fwp%2Fv2%2Fcomments&post=66018"}],"version-history":[{"count":0,"href":"https:\/\/crajubaremacao.com.br\/index.php?rest_route=\/wp\/v2\/posts\/66018\/revisions"}],"wp:featuredmedia":[{"embeddable":true,"href":"https:\/\/crajubaremacao.com.br\/index.php?rest_route=\/wp\/v2\/media\/66019"}],"wp:attachment":[{"href":"https:\/\/crajubaremacao.com.br\/index.php?rest_route=%2Fwp%2Fv2%2Fmedia&parent=66018"}],"wp:term":[{"taxonomy":"category","embeddable":true,"href":"https:\/\/crajubaremacao.com.br\/index.php?rest_route=%2Fwp%2Fv2%2Fcategories&post=66018"},{"taxonomy":"post_tag","embeddable":true,"href":"https:\/\/crajubaremacao.com.br\/index.php?rest_route=%2Fwp%2Fv2%2Ftags&post=66018"}],"curies":[{"name":"wp","href":"https:\/\/api.w.org\/{rel}","templated":true}]}}