{"id":66026,"date":"2026-02-26T12:01:28","date_gmt":"2026-02-26T15:01:28","guid":{"rendered":"https:\/\/crajubaremacao.com.br\/?p=66026"},"modified":"2026-02-26T12:01:28","modified_gmt":"2026-02-26T15:01:28","slug":"cristiano-ronaldo-compra-25-das-acoes-de-clube-espanhol-ambicao-de-muito-tempo","status":"publish","type":"post","link":"https:\/\/crajubaremacao.com.br\/?p=66026","title":{"rendered":"Cristiano Ronaldo compra 25% das a\u00e7\u00f5es de clube espanhol: \u2018Ambi\u00e7\u00e3o de muito tempo\u2019"},"content":{"rendered":"<div>\n<div style=\"margin-bottom: 15px;\"><img decoding=\"async\" class=\"type:primaryImage\" src=\"https:\/\/jpimg.com.br\/uploads\/2025\/12\/saveclip.app_605954873_18549279994018981_8299267783410664888_n-684x500.jpg\"><\/div>\n<p><?xml encoding=\"UTF-8\"><\/p>\n<p>Cristiano Ronaldo j\u00e1 trabalha para continuar no futebol ap\u00f3s a aposentadoria que est\u00e1 prestes a chegar. O astro portugu\u00eas de 41 anos <strong>adquiriu 25% do Almer\u00eda<\/strong>, da Espanha, e concretizou o sonho de ser propriet\u00e1rio de um clube.<\/p>\n<p>A estrela do Al-Nassr e da sele\u00e7\u00e3o portuguesa, que busca seu mil\u00e9simo gol na carreira, agora <strong>\u00e9 s\u00f3cio do SMC Group<\/strong>, que administra a equipe atualmente na terceira coloca\u00e7\u00e3o da divis\u00e3o de acesso na Espanha \u2013 soma 48 pontos, diante de 50 do l\u00edder Racing e 49 do Castell\u00f3n.<\/p>\n<p>O pr\u00f3prio Alm\u00e9ria divulgou o acerto em suas redes sociais. \u201cCristiano Ronaldo investe na UD Almer\u00eda como parte do cons\u00f3rcio propriet\u00e1rio do clube, liderado pelo Grupo SMC. Cristiano Ronaldo adquiriu 25% das a\u00e7\u00f5es atrav\u00e9s da CR7 Sports Investments, uma subsidi\u00e1ria da CR7 SA, marcando um passo importante na expans\u00e3o cont\u00ednua tanto do clube quanto do portf\u00f3lio de investimentos do empres\u00e1rio portugu\u00eas\u201d, divulgou o clube.<\/p>\n<p>\u201cEste acordo insere-se na expans\u00e3o internacional da entidade que est\u00e1 sendo realizada pelo presidente Mohamed Al Khereiji atrav\u00e9s do seu conglomerado empresarial, o Grupo SMC\u201d, completou.<\/p>\n<blockquote class=\"twitter-tweet\">\n<p dir=\"ltr\" lang=\"es\">Comunicado oficial:<\/p>\n<p>Cristiano Ronaldo invierte en la UD Almer\u00eda como parte del consorcio propietario del club liderado por SMC Group <a href=\"https:\/\/t.co\/0hGGWguEc0\">pic.twitter.com\/0hGGWguEc0<\/a><\/p>\n<p>\u2014 UD Almer\u00eda (@U_D_Almeria) <a href=\"https:\/\/twitter.com\/U_D_Almeria\/status\/2026957590249279842?ref_src=twsrc%5Etfw\">February 26, 2026<\/a><\/p>\n<\/blockquote>\n<p><script async src=\"https:\/\/platform.twitter.com\/widgets.js\" charset=\"utf-8\"><\/script><\/p>\n<p>\u00a0<\/p>\n<p>O portugu\u00eas <strong>j\u00e1 encarou o time espanhol<\/strong> pelo Al-Nassr como <strong>auxiliar t\u00e9cnico em um amistoso de 2024<\/strong>, no qual o time \u00e1rabe acabou derrotado por 3 a 0. Parece que o atacante ficou encantado com o, agora seu clube, desde ent\u00e3o.<\/p>\n<p>\u201cH\u00e1 muito tempo que ambiciono contribuir para o futebol para al\u00e9m dos gramados. O UD Almer\u00eda \u00e9 um clube com uma base s\u00f3lida e um claro potencial de crescimento. Estou ansioso para trabalhar ao lado da comiss\u00e3o t\u00e9cnica e apoiar a pr\u00f3xima fase de desenvolvimento do clube\u201d, celebrou Cristiano Ronaldo.<\/p>\n<p>\u201cEstamos muito satisfeitos por Cristiano ter escolhido o nosso clube para investir. Ele \u00e9 considerado o melhor jogador da hist\u00f3ria, conhece muito bem o futebol espanhol e compreende o potencial do que estamos construindo aqui, tanto na equipe principal quanto nas categorias de base\u201d, mostrou empolga\u00e7\u00e3o com a parceria o presidente Mohamed Al Khereiji.<\/p>\n<p><em>*Com informa\u00e7\u00f5es do Estad\u00e3o Conte\u00fado<\/em><\/p>\n<div class=\"list-related-posts\">\n<h3>Leia tamb\u00e9m<\/h3>\n<div class=\"related-posts-container\">\n<div class=\"related-post-item-container\">\n<div class=\"related-post\">\n<div class=\"img-related-box\">\n                                            <strong><a href=\"https:\/\/jovempan.com.br\/opiniao-jovem-pan\/comentaristas\/thiago-uberreich-comentaristas\/galvao-bueno-e-o-unico-narrador-de-tv-do-pais-a-dar-voz-a-dois-titulos-da-selecao-em-copas.html\" title=\"Galv\u00e3o Bueno \u00e9 o \u00fanico narrador de TV do pa\u00eds a dar voz a dois t\u00edtulos da sele\u00e7\u00e3o em Copas\"><img decoding=\"async\" src=\"https:\/\/jpimg.com.br\/uploads\/2021\/10\/design-sem-nome-2021-10-11t105657.443.jpg\"><\/a><\/strong>\n                                        <\/div>\n<p>                                        <span class=\"box-the-title\"><br \/>\n                                            <strong><a href=\"https:\/\/jovempan.com.br\/opiniao-jovem-pan\/comentaristas\/thiago-uberreich-comentaristas\/galvao-bueno-e-o-unico-narrador-de-tv-do-pais-a-dar-voz-a-dois-titulos-da-selecao-em-copas.html\" title=\"Galv\u00e3o Bueno \u00e9 o \u00fanico narrador de TV do pa\u00eds a dar voz a dois t\u00edtulos da sele\u00e7\u00e3o em Copas\">Galv\u00e3o Bueno \u00e9 o \u00fanico narrador de TV do pa\u00eds a dar voz a dois t\u00edtulos da sele\u00e7\u00e3o em Copas<\/a><\/strong><br \/>\n                                        <\/span>\n                                    <\/div>\n<div class=\"related-post\">\n<div class=\"img-related-box\">\n                                            <strong><a href=\"https:\/\/jovempan.com.br\/esportes\/futebol\/palmeiras\/palmeiras-vence-fluminense-em-reencontro-de-arias-com-o-tricolor.html\" title=\"Palmeiras vence Fluminense em reencontro de Arias com o Tricolor\"><img decoding=\"async\" src=\"https:\/\/jpimg.com.br\/uploads\/2026\/02\/cdg20260226001.jpg\"><\/a><\/strong>\n                                        <\/div>\n<p>                                        <span class=\"box-the-title\"><br \/>\n                                            <strong><a href=\"https:\/\/jovempan.com.br\/esportes\/futebol\/palmeiras\/palmeiras-vence-fluminense-em-reencontro-de-arias-com-o-tricolor.html\" title=\"Palmeiras vence Fluminense em reencontro de Arias com o Tricolor\">Palmeiras vence Fluminense em reencontro de Arias com o Tricolor<\/a><\/strong><br \/>\n                                        <\/span>\n                                    <\/div>\n<\/p><\/div>\n<\/p><\/div>\n<\/p><\/div>\n<\/div>\n","protected":false},"excerpt":{"rendered":"<p>Cristiano Ronaldo j\u00e1 trabalha para continuar no futebol ap\u00f3s a aposentadoria que est\u00e1 prestes a chegar. O astro portugu\u00eas de 41 anos adquiriu 25% do Almer\u00eda, da Espanha, e concretizou o sonho de ser propriet\u00e1rio de um clube. A estrela do Al-Nassr e da sele\u00e7\u00e3o portuguesa, que busca seu mil\u00e9simo gol na carreira, agora \u00e9 [&hellip;]<\/p>\n","protected":false},"author":260,"featured_media":66027,"comment_status":"closed","ping_status":"closed","sticky":false,"template":"","format":"standard","meta":{"_themeisle_gutenberg_block_has_review":false,"_jetpack_memberships_contains_paid_content":false,"footnotes":""},"categories":[12],"tags":[153],"class_list":{"0":"post-66026","1":"post","2":"type-post","3":"status-publish","4":"format-standard","5":"has-post-thumbnail","7":"category-esportes","8":"tag-esportes"},"jetpack_featured_media_url":"https:\/\/crajubaremacao.com.br\/wp-content\/uploads\/2026\/02\/saveclipapp_605954873_18549279994018981_8299267783410664888_n-684x500-1.jpg","jetpack_sharing_enabled":true,"_links":{"self":[{"href":"https:\/\/crajubaremacao.com.br\/index.php?rest_route=\/wp\/v2\/posts\/66026","targetHints":{"allow":["GET"]}}],"collection":[{"href":"https:\/\/crajubaremacao.com.br\/index.php?rest_route=\/wp\/v2\/posts"}],"about":[{"href":"https:\/\/crajubaremacao.com.br\/index.php?rest_route=\/wp\/v2\/types\/post"}],"author":[{"embeddable":true,"href":"https:\/\/crajubaremacao.com.br\/index.php?rest_route=\/wp\/v2\/users\/260"}],"replies":[{"embeddable":true,"href":"https:\/\/crajubaremacao.com.br\/index.php?rest_route=%2Fwp%2Fv2%2Fcomments&post=66026"}],"version-history":[{"count":0,"href":"https:\/\/crajubaremacao.com.br\/index.php?rest_route=\/wp\/v2\/posts\/66026\/revisions"}],"wp:featuredmedia":[{"embeddable":true,"href":"https:\/\/crajubaremacao.com.br\/index.php?rest_route=\/wp\/v2\/media\/66027"}],"wp:attachment":[{"href":"https:\/\/crajubaremacao.com.br\/index.php?rest_route=%2Fwp%2Fv2%2Fmedia&parent=66026"}],"wp:term":[{"taxonomy":"category","embeddable":true,"href":"https:\/\/crajubaremacao.com.br\/index.php?rest_route=%2Fwp%2Fv2%2Fcategories&post=66026"},{"taxonomy":"post_tag","embeddable":true,"href":"https:\/\/crajubaremacao.com.br\/index.php?rest_route=%2Fwp%2Fv2%2Ftags&post=66026"}],"curies":[{"name":"wp","href":"https:\/\/api.w.org\/{rel}","templated":true}]}}